{"id":289221,"date":"2021-07-27T11:06:49","date_gmt":"2021-07-27T15:06:49","guid":{"rendered":"http:\/\/diariodominicano.com\/?p=289221"},"modified":"2021-07-27T11:06:49","modified_gmt":"2021-07-27T15:06:49","slug":"psoe-pretende-revisar-los-acuerdos-con-la-santa-sede-y-aprobar-estatuto-de-laicidad-para-espana","status":"publish","type":"post","link":"https:\/\/diariodominicano.com\/?p=289221","title":{"rendered":"PSOE pretende revisar los acuerdos con la Santa Sede y aprobar Estatuto de laicidad para Espa\u00f1a"},"content":{"rendered":"\n<p>diariodominicano.com<\/p>\n\n\n\n<h2 class=\"wp-block-heading\">POR\u00a0<a href=\"https:\/\/plus.google.com\/101209498380451016558\/?rel=author\">BLANCA RUIZ<\/a>\u00a0| ACI Prensa<\/h2>\n\n\n\n<p>Vaticano, 27 de julio, 2021.- Del 15 al 17 de octubre el PSOE celebrar\u00e1 su 40 congreso. En las \u00faltimas semanas publicaron la ponencia marco que aglutina los temas que se tratar\u00e1n durante el congreso y en los que se destaca la revisi\u00f3n de los acuerdos con la Santa Sede, la propuesta de aprobaci\u00f3n de un Estatuto de Laicidad, adem\u00e1s de que la escuela concertada no podr\u00e1 separar por sexos y la asignatura de Religi\u00f3n no tendr\u00e1 alternativa.<\/p>\n\n\n\n<p>\u201cNos comprometemos con la aprobaci\u00f3n de una Ley de Libertad de Conciencia, Religiosa y de Convicciones. Una nueva ley que promueva el desarrollo de las diferentes opciones de \u00e9tica privada, religiosas, morales o filos\u00f3ficas de todas las personas\u201d, precisaron en la ponencia marco del PSOE.<\/p>\n\n\n\n<p>Seg\u00fan precisan, prev\u00e9n que esta norma \u201cpivote sobre las libertades individuales y los derechos fundamentales, que garantice la libertad de culto, la neutralidad del Estado, la adecuada separaci\u00f3n \u00e9tica p\u00fablica-\u00e9tica privada y el pluralismo religioso y filos\u00f3fico\u00bb.<\/p>\n\n\n\n<p>Tambi\u00e9n aseguraron que quieren sacar \u201cuna ley del siglo XXI\u201d, que por eso \u201ces el momento de actualizar unos acuerdos que son de hace m\u00e1s de 40 a\u00f1os, algunos previos a la Constituci\u00f3n\u201d.<\/p>\n\n\n\n<p>Seg\u00fan precisan la actualizaci\u00f3n de los acuerdos con la Santa Sede se llevar\u00e1 a cabo \u201cen di\u00e1logo con la Iglesia, buscando el consenso e impulsando desde el Gobierno unos nuevos acuerdos con el Vaticano propios de nuestro tiempo, en el marco de los valores y principios de la democracia constitucional y desde el respeto mutuo y adecuada distinci\u00f3n entre el Estado y la Iglesia, beneficiosa para ambos\u00bb.<\/p>\n\n\n\n<p>En la ponencia marco tambi\u00e9n se habla de otros temas como la escuela y desde el PSOE aseguran que \u201ctrabajaremos por una educaci\u00f3n p\u00fablica y de calidad como instrumento de movilidad social y agente articulador de una sociedad avanzada y plural\u201d.<\/p>\n\n\n\n<p>\u201cLa escuela debe ser reflejo de nuestra sociedad abierta y plural y asegurar su funci\u00f3n de formaci\u00f3n de una ciudadan\u00eda c\u00edvica y profesionalmente preparada. En el cumplimiento de esta funci\u00f3n social debe implicarse tambi\u00e9n la educaci\u00f3n concertada\u201d, subrayan.<\/p>\n\n\n\n<p>\u201cNuestro modelo de escuela p\u00fablica es laico, correspondi\u00e9ndose con las convicciones, principios y valores de un estado aconfesional. Somos respetuosos con todas las confesiones y con los derechos de todas las familias contemplados en el art\u00edculo 27.3 de la Constituci\u00f3n espa\u00f1ola\u201d.<\/p>\n\n\n\n<p>Adem\u00e1s, en relaci\u00f3n con la asignatura de religi\u00f3n desde el PSOE aseguraron que \u201cpara las y los socialistas, la religi\u00f3n confesional no debe ser computable en t\u00e9rminos acad\u00e9micos ni para solicitar una beca. Tampoco tendr\u00e1 una asignatura alternativa\u201d.<\/p>\n","protected":false},"excerpt":{"rendered":"<p>diariodominicano.com POR\u00a0BLANCA RUIZ\u00a0| ACI Prensa Vaticano, 27 de julio, 2021.- Del 15 al 17 de octubre el PSOE celebrar\u00e1 su 40 congreso. En las \u00faltimas semanas publicaron la ponencia marco que aglutina los temas que se tratar\u00e1n durante el congreso y en los que se destaca la revisi\u00f3n de los acuerdos con la Santa Sede, [&hellip;]<\/p>\n","protected":false},"author":5,"featured_media":289222,"comment_status":"closed","ping_status":"","sticky":true,"template":"","format":"standard","meta":{"footnotes":""},"categories":[23,27],"tags":[],"class_list":["post-289221","post","type-post","status-publish","format-standard","has-post-thumbnail","hentry","category-internacional","category-portada"],"_links":{"self":[{"href":"https:\/\/diariodominicano.com\/index.php?rest_route=\/wp\/v2\/posts\/289221","targetHints":{"allow":["GET"]}}],"collection":[{"href":"https:\/\/diariodominicano.com\/index.php?rest_route=\/wp\/v2\/posts"}],"about":[{"href":"https:\/\/diariodominicano.com\/index.php?rest_route=\/wp\/v2\/types\/post"}],"author":[{"embeddable":true,"href":"https:\/\/diariodominicano.com\/index.php?rest_route=\/wp\/v2\/users\/5"}],"replies":[{"embeddable":true,"href":"https:\/\/diariodominicano.com\/index.php?rest_route=%2Fwp%2Fv2%2Fcomments&post=289221"}],"version-history":[{"count":1,"href":"https:\/\/diariodominicano.com\/index.php?rest_route=\/wp\/v2\/posts\/289221\/revisions"}],"predecessor-version":[{"id":289223,"href":"https:\/\/diariodominicano.com\/index.php?rest_route=\/wp\/v2\/posts\/289221\/revisions\/289223"}],"wp:featuredmedia":[{"embeddable":true,"href":"https:\/\/diariodominicano.com\/index.php?rest_route=\/wp\/v2\/media\/289222"}],"wp:attachment":[{"href":"https:\/\/diariodominicano.com\/index.php?rest_route=%2Fwp%2Fv2%2Fmedia&parent=289221"}],"wp:term":[{"taxonomy":"category","embeddable":true,"href":"https:\/\/diariodominicano.com\/index.php?rest_route=%2Fwp%2Fv2%2Fcategories&post=289221"},{"taxonomy":"post_tag","embeddable":true,"href":"https:\/\/diariodominicano.com\/index.php?rest_route=%2Fwp%2Fv2%2Ftags&post=289221"}],"curies":[{"name":"wp","href":"https:\/\/api.w.org\/{rel}","templated":true}]}}