{"id":289209,"date":"2021-07-27T10:17:00","date_gmt":"2021-07-27T14:17:00","guid":{"rendered":"http:\/\/diariodominicano.com\/?p=289209"},"modified":"2021-07-27T10:17:00","modified_gmt":"2021-07-27T14:17:00","slug":"tokio-2020-otros-dos-deportistas-dan-positivo-a-covid-19","status":"publish","type":"post","link":"https:\/\/diariodominicano.com\/?p=289209","title":{"rendered":"Tokio 2020: Otros dos deportistas dan positivo a COVID-19"},"content":{"rendered":"\n<p>diariodominicano.com<\/p>\n\n\n\n<pre id=\"text-news-description\" class=\"wp-block-preformatted\">TOKIO, 27 jul (Xinhua) -- Otros dos deportistas alojados en la Villa Ol\u00edmpica dieron positivo a COVID-19, informaron hoy martes los organizadores de Tokio 2020.\n   Seg\u00fan detall\u00f3 la emisora p\u00fablica japonesa NHK, los dos atletas se encuentran entre los siete casos nuevos confirmados de coronavirus.\n   Por su parte, los organizadores de Tokio 2020 explicaron que ambos deportistas infectados proceden del extranjero.\n   Otras tres personas, entre ellas un miembro del personal ol\u00edmpico que se alojaba sin embargo fuera de la Villa Ol\u00edmpica, y un empleado del Comit\u00e9 Organizador, tambi\u00e9n dieron positivo en las pruebas diagn\u00f3sticas de COVID-19.\n   Hasta la fecha, el n\u00famero total de contagios relacionados con los Juegos suma 155 desde el 1 de julio, cuando el Comit\u00e9 Organizador de Tokio 2020 comenz\u00f3 a informar de los casos nuevos de coronavirus. <\/pre>\n","protected":false},"excerpt":{"rendered":"<p>diariodominicano.com TOKIO, 27 jul (Xinhua) &#8212; Otros dos deportistas alojados en la Villa Ol\u00edmpica dieron positivo a COVID-19, informaron hoy martes los organizadores de Tokio 2020. Seg\u00fan detall\u00f3 la emisora p\u00fablica japonesa NHK, los dos atletas se encuentran entre los siete casos nuevos confirmados de coronavirus. Por su parte, los organizadores de Tokio 2020 explicaron [&hellip;]<\/p>\n","protected":false},"author":5,"featured_media":289210,"comment_status":"closed","ping_status":"","sticky":true,"template":"","format":"standard","meta":{"footnotes":""},"categories":[17,27],"tags":[],"class_list":["post-289209","post","type-post","status-publish","format-standard","has-post-thumbnail","hentry","category-deportes","category-portada"],"_links":{"self":[{"href":"https:\/\/diariodominicano.com\/index.php?rest_route=\/wp\/v2\/posts\/289209","targetHints":{"allow":["GET"]}}],"collection":[{"href":"https:\/\/diariodominicano.com\/index.php?rest_route=\/wp\/v2\/posts"}],"about":[{"href":"https:\/\/diariodominicano.com\/index.php?rest_route=\/wp\/v2\/types\/post"}],"author":[{"embeddable":true,"href":"https:\/\/diariodominicano.com\/index.php?rest_route=\/wp\/v2\/users\/5"}],"replies":[{"embeddable":true,"href":"https:\/\/diariodominicano.com\/index.php?rest_route=%2Fwp%2Fv2%2Fcomments&post=289209"}],"version-history":[{"count":1,"href":"https:\/\/diariodominicano.com\/index.php?rest_route=\/wp\/v2\/posts\/289209\/revisions"}],"predecessor-version":[{"id":289211,"href":"https:\/\/diariodominicano.com\/index.php?rest_route=\/wp\/v2\/posts\/289209\/revisions\/289211"}],"wp:featuredmedia":[{"embeddable":true,"href":"https:\/\/diariodominicano.com\/index.php?rest_route=\/wp\/v2\/media\/289210"}],"wp:attachment":[{"href":"https:\/\/diariodominicano.com\/index.php?rest_route=%2Fwp%2Fv2%2Fmedia&parent=289209"}],"wp:term":[{"taxonomy":"category","embeddable":true,"href":"https:\/\/diariodominicano.com\/index.php?rest_route=%2Fwp%2Fv2%2Fcategories&post=289209"},{"taxonomy":"post_tag","embeddable":true,"href":"https:\/\/diariodominicano.com\/index.php?rest_route=%2Fwp%2Fv2%2Ftags&post=289209"}],"curies":[{"name":"wp","href":"https:\/\/api.w.org\/{rel}","templated":true}]}}