{"id":289117,"date":"2021-07-26T20:54:32","date_gmt":"2021-07-27T00:54:32","guid":{"rendered":"http:\/\/diariodominicano.com\/?p=289117"},"modified":"2021-07-26T20:54:32","modified_gmt":"2021-07-27T00:54:32","slug":"wilson-camacho-el-ministerio-publico-espera-la-merecida-condena-contra-los-acusados-del-caso-odebrecht","status":"publish","type":"post","link":"https:\/\/diariodominicano.com\/?p=289117","title":{"rendered":"Wilson Camacho: el Ministerio P\u00fablico espera la merecida condena contra los acusados del Caso Odebrecht"},"content":{"rendered":"\n<p>diariodominicano.com<\/p>\n\n\n\n<p><em><u>Conf\u00eda en que el Poder Judicial producir\u00e1 una decisi\u00f3n ajustada a la verdad y gravedad de los hechos imputados<\/u><\/em><\/p>\n\n\n\n<p>Santo Domingo, R. D.,  26 de julio, 2021.- El titular de la Procuradur\u00eda Especializada de Persecuci\u00f3n de la Corrupci\u00f3n Administrativa (Pepca), Wilson Camacho, asegur\u00f3 este lunes que el Ministerio P\u00fablico ha presentado pruebas suficientes para que sean condenados por enriquecimiento il\u00edcito los imputados del Caso Odebrecht.<\/p>\n\n\n\n<p>\u201cEn el d\u00eda de hoy hemos demostrado al tribunal c\u00f3mo los funcionarios involucrados en este proceso deben ser condenados por enriquecimiento il\u00edcito y esas pruebas se aportaron en el tribunal, incluso, indicando los bienes y cuentas que fueron ocultados por funcionarios que est\u00e1n vinculados en este proceso\u201d, precis\u00f3 Camacho.<\/p>\n\n\n\n<p>Resalt\u00f3 que, gracias a la transmisi\u00f3n del juicio habilitada por el Poder Judicial a trav\u00e9s de su canal oficial de Youtube, toda la sociedad puede ver la realidad objetiva de la acusaci\u00f3n que sostiene el Ministerio P\u00fablico en el Caso Odebrecht.<\/p>\n\n\n\n<p>Destac\u00f3 que el Ministerio P\u00fablico establece en sus conclusiones las razones por las que el tribunal deber\u00e1 pronunciar sentencia condenatoria con relaci\u00f3n al tema de lavado de activos.<\/p>\n\n\n\n<p>\u201cEsperamos avanzar con el resto de los imputados que faltan y, a m\u00e1s tardar el jueves, estar presentando las conclusiones formales y que al final el tribunal tome una decisi\u00f3n, y que esa decisi\u00f3n sea ajustada a la verdad y al derecho que es lo que espera el Ministerio P\u00fablico\u201d, dijo el titular de la Pepca.<\/p>\n\n\n\n<p>Camacho agradeci\u00f3 a los periodistas que cubren la fuente del Poder Judicial y que, antes de abordarlo sobre el caso, le desearon una recuperaci\u00f3n completa de su salud luego de superar la COVID-19.<\/p>\n\n\n\n<p>Respecto al acusado Porfirio Andr\u00e9s Bautista Garc\u00eda, el procurador adjunto reafirm\u00f3 que el exsenador exhibi\u00f3 un enriquecimiento de m\u00e1s de m\u00e1s de 1,090 millones de pesos. Como solo un ejemplo, record\u00f3 que el Ministerio P\u00fablico present\u00f3 al tribunal una lista de bienes inmuebles que fueron excluidos por el imputado en su declaraci\u00f3n jurada de patrimonio.<\/p>\n\n\n\n<p>Incluso, dijo, el imputado present\u00f3 dos declaraciones juradas fuera de fecha. \u201cY hemos establecido c\u00f3mo se actu\u00f3 en consecuencia contrario a la Ley 82-79, que es la que reg\u00eda la materia\u201d, agreg\u00f3 Camacho, quien encabeza el equipo de fiscales litigantes que forman parte de la lucha contra la impunidad.<\/p>\n\n\n\n<p>La audiencia contin\u00faa este martes 27 de julio a las 9:00 de la ma\u00f1ana. Este lunes, los fiscales Mirna Ortiz, Joel L\u00f3pez y \u00c1ngel Dar\u00edo Tejeda Fabal presentaron los alegatos de clausura respecto a la acusaci\u00f3n contra los imputados \u00c1ngel Rond\u00f3n Rijo, Tommy Alberto Gal\u00e1n Grull\u00f3n, Juan Roberto Rodr\u00edguez Hern\u00e1ndez y Porfirio Andr\u00e9s Bautista Garc\u00eda.<\/p>\n\n\n\n<p>En el proceso el Ministerio P\u00fablico demostr\u00f3 que el imputado \u00c1ngel Rond\u00f3n Rijo constituy\u00f3 un entramado societario conformado por varias empresas que sirvieron para lavar dinero il\u00edcito de esa empresa.<\/p>\n\n\n\n<p>Despu\u00e9s de que Ortiz finalizara sus planteamientos respecto a Rond\u00f3n Rijo, el fiscal Joel L\u00f3pez continu\u00f3 con la exposici\u00f3n de la conclusi\u00f3n respecto a los sobornos entregados a Tommy Alberto Gal\u00e1n Grull\u00f3n.&nbsp;<\/p>\n\n\n\n<p>El representante del Ministerio P\u00fablico dijo que el tribunal ha podido comprobar durante el juicio c\u00f3mo Gal\u00e1n Grull\u00f3n fue aumentando sus ingresos de forma ileg\u00edtima.<\/p>\n\n\n\n<p>Explic\u00f3, durante su intervenci\u00f3n, que su crecimiento patrimonial se produjo cuando la empresa Odebrecht estaba en pleno apogeo, \u201ccuando se estaban desarrollando las obras de importancia que realiz\u00f3 esa compa\u00f1\u00eda en el pa\u00eds\u201d.<\/p>\n\n\n\n<p>Posteriormente, present\u00f3 el discurso de clausura respecto al procesado &nbsp;Roberto Rodr\u00edguez Hern\u00e1ndez, quien dijo ocult\u00f3 informaciones relevantes en sus declaraciones juradas.&nbsp;<\/p>\n\n\n\n<p>En ese sentido, indic\u00f3 que no declar\u00f3 varias sociedades comerciales de las cuales formaba parte, entre ellas, algunas de las que ten\u00eda el 50% de las acciones seg\u00fan las pruebas obtenidas.<\/p>\n\n\n\n<p>Dijo que el tribunal est\u00e1 en condiciones de dictar una sentencia condenatoria en contra del imputado Juan Roberto Rodr\u00edguez Hern\u00e1ndez, quien es acusado de incurrir en actividades del lavado de activos, enriquecimiento il\u00edcito y falsedad en declaraciones juradas.<\/p>\n\n\n\n<p>En tanto que el fiscal Tejeda Fabal present\u00f3 el discurso de clausura respecto al imputado Porfirio Andr\u00e9s Bautista Garc\u00eda, durante el cual resalt\u00f3 que se enriqueci\u00f3 de manera il\u00edcita.<\/p>\n\n\n\n<p>Adem\u00e1s, seg\u00fan las pruebas aportadas por el Ministerio P\u00fablico qued\u00f3 evidenciado la falsedad en sus declaraciones juradas de bienes al omitir de forma deliberada la existencia de una gran cantidad de bienes.&nbsp;<\/p>\n\n\n\n<p>En la actual fase del proceso, el Ministerio P\u00fablico expone sus conclusiones respecto a la acusaci\u00f3n presentada en contra del representante empresarial \u00c1ngel Rond\u00f3n Rijo y el abogado Conrado Pittaluga Arzeno, as\u00ed como de V\u00edctor D\u00edaz R\u00faa, exministro de Obras&nbsp; P\u00fablicas y director del Instituto Nacional de Aguas Potables y Alcantarillados (Inapa); Roberto Rodr\u00edguez Hern\u00e1ndez, tambi\u00e9n exdirector del Inapa; Porfirio Andr\u00e9s Bautista Garc\u00eda, expresidente del Senado, y Tommy Alberto Gal\u00e1n Grull\u00f3n, exsenador de San Crist\u00f3bal.<\/p>\n\n\n\n<p>A todos se les imputa haber participado en la recepci\u00f3n y distribuci\u00f3n de los US$92 millones que la constructora brasile\u00f1a admiti\u00f3 haber entregado en el pa\u00eds con el fin de ser favorecida con la adjudicaci\u00f3n de grandes obras estatales.<\/p>\n\n\n\n<p>Las juezas Esmirna Giselle M\u00e9ndez, Tania Yunes y Jissel Naranjo dispusieron este lunes la reanudaci\u00f3n del juicio, luego de que fuera suspendido el pasado 15 de julio para dar tiempo a las partes de preparar sus discursos de clausura.<\/p>\n\n\n\n<p>Luego de un receso al mediod\u00eda, la audiencia continuaba su desarrollo en horas de la tarde de este lunes 26 de julio y luego de agotar la agenda del d\u00eda fue suspendido hasta este martes 27 de julio donde el Ministerio P\u00fablico presentar\u00e1 sus discursos de clausura relativos a los imputados V\u00edctor D\u00edaz R\u00faa y Conrado Pittaluga Arzeno.<\/p>\n\n\n\n<p>Fuente:  <strong>Direcci\u00f3n de Comunicaci\u00f3n y Prensa<\/strong><\/p>\n\n\n\n<p><strong>Procuradur\u00eda General-Ministerio P\u00fablico RD<\/strong><\/p>\n\n\n\n<p><strong>Lunes, 26 de julio de 2021.<\/strong><\/p>\n\n\n\n<p><strong>Direcci\u00f3n General de Comunicaciones, Prensa y Relaciones P\u00fablicas<\/strong><\/p>\n\n\n\n<p>Procuradur\u00eda General de la Rep\u00fablica Dominicana<\/p>\n","protected":false},"excerpt":{"rendered":"<p>diariodominicano.com Conf\u00eda en que el Poder Judicial producir\u00e1 una decisi\u00f3n ajustada a la verdad y gravedad de los hechos imputados Santo Domingo, R. D., 26 de julio, 2021.- El titular de la Procuradur\u00eda Especializada de Persecuci\u00f3n de la Corrupci\u00f3n Administrativa (Pepca), Wilson Camacho, asegur\u00f3 este lunes que el Ministerio P\u00fablico ha presentado pruebas suficientes para [&hellip;]<\/p>\n","protected":false},"author":5,"featured_media":289118,"comment_status":"closed","ping_status":"","sticky":true,"template":"","format":"standard","meta":{"footnotes":""},"categories":[24,27],"tags":[],"class_list":["post-289117","post","type-post","status-publish","format-standard","has-post-thumbnail","hentry","category-justicia-y-derecho","category-portada"],"_links":{"self":[{"href":"https:\/\/diariodominicano.com\/index.php?rest_route=\/wp\/v2\/posts\/289117","targetHints":{"allow":["GET"]}}],"collection":[{"href":"https:\/\/diariodominicano.com\/index.php?rest_route=\/wp\/v2\/posts"}],"about":[{"href":"https:\/\/diariodominicano.com\/index.php?rest_route=\/wp\/v2\/types\/post"}],"author":[{"embeddable":true,"href":"https:\/\/diariodominicano.com\/index.php?rest_route=\/wp\/v2\/users\/5"}],"replies":[{"embeddable":true,"href":"https:\/\/diariodominicano.com\/index.php?rest_route=%2Fwp%2Fv2%2Fcomments&post=289117"}],"version-history":[{"count":1,"href":"https:\/\/diariodominicano.com\/index.php?rest_route=\/wp\/v2\/posts\/289117\/revisions"}],"predecessor-version":[{"id":289119,"href":"https:\/\/diariodominicano.com\/index.php?rest_route=\/wp\/v2\/posts\/289117\/revisions\/289119"}],"wp:featuredmedia":[{"embeddable":true,"href":"https:\/\/diariodominicano.com\/index.php?rest_route=\/wp\/v2\/media\/289118"}],"wp:attachment":[{"href":"https:\/\/diariodominicano.com\/index.php?rest_route=%2Fwp%2Fv2%2Fmedia&parent=289117"}],"wp:term":[{"taxonomy":"category","embeddable":true,"href":"https:\/\/diariodominicano.com\/index.php?rest_route=%2Fwp%2Fv2%2Fcategories&post=289117"},{"taxonomy":"post_tag","embeddable":true,"href":"https:\/\/diariodominicano.com\/index.php?rest_route=%2Fwp%2Fv2%2Ftags&post=289117"}],"curies":[{"name":"wp","href":"https:\/\/api.w.org\/{rel}","templated":true}]}}