{"id":289114,"date":"2021-07-26T20:49:20","date_gmt":"2021-07-27T00:49:20","guid":{"rendered":"http:\/\/diariodominicano.com\/?p=289114"},"modified":"2021-07-26T20:49:20","modified_gmt":"2021-07-27T00:49:20","slug":"yvan-lorenzo-seguira-siendo-vocero-del-pld-en-el-senado-voceria-de-diputados-la-escogeran-los-congresistas","status":"publish","type":"post","link":"https:\/\/diariodominicano.com\/?p=289114","title":{"rendered":"Yv\u00e1n Lorenzo seguir\u00e1 siendo vocero del PLD en el Senado. Vocer\u00eda de diputados la escoger\u00e1n los congresistas"},"content":{"rendered":"\n<p>diariodominicano.com<\/p>\n\n\n\n<p><strong>CP del PLD escoge subsecretarios <\/strong><\/p>\n\n\n\n<p>Santo Domingo, R. D., 26 de julio, 2021.-  <strong>Yv\u00e1n Lorenzo<\/strong>, por consenso de los Senadores del Partido de la Liberaci\u00f3n Dominicana (PLD) \u00a0ser\u00e1 presentado nuevamente para ocupar la vocer\u00eda de esa bancada para el a\u00f1o legislativo que inicia el pr\u00f3ximo 16 de agosto.<\/p>\n\n\n\n<p>Mientras que la vocer\u00eda del PLD en la C\u00e1mara Baja ser\u00e1 escogida por los diputados y diputadas miembros del bloque congresional. &nbsp;<\/p>\n\n\n\n<p>La informaci\u00f3n la ofreci\u00f3 el&nbsp;<strong>Secretario General del Partido de la Liberaci\u00f3n Dominicana &nbsp;(PLD) , Charles Mariotti,&nbsp;<\/strong>al finalizar la reuni\u00f3n&nbsp; de este lunes del Comit\u00e9 Pol\u00edtico, que abord\u00f3 ese tema y escogi\u00f3 los subsecretarios de los diferentes \u00f3rganos de trabajo.<\/p>\n\n\n\n<p>La reuni\u00f3n se desarroll\u00f3 con la asistencia de 42 de los 45 miembros con las excusas presentadas por Francisco Javier Garc\u00eda, Tommy Gal\u00e1n y &nbsp;Rub\u00e9n Dar\u00edo Cruz (Rub\u00e9n Toyota).<\/p>\n\n\n\n<p>El ex Presidente de la Rep\u00fablica, Danilo Medina, Presidente del PLD, Charles Mariotti, Secretario General, la ex vicepresidenta Margarita Cede\u00f1o, el vicepresidente del PLD, Tem\u00edstocles Mont\u00e1s y el ex candidato Presidencial, Gonzalo Castillo, ocuparon la l\u00ednea frontal de la reuni\u00f3n que inici\u00f3 a las 10 y 20 minutos de la ma\u00f1ana y concluy\u00f3&nbsp; a las 3.10 de la tarde con el resumen a los medios de comunicaci\u00f3n del Secretario General, quien se hizo acompa\u00f1ar de Karen Ricardo, &nbsp;del Comit\u00e9 Pol\u00edtico, &nbsp;Celenia Vidal , del Comit\u00e9 Central y la vicesecretaria Maribel Acosta<\/p>\n\n\n\n<p>Yv\u00e1n Lorenzo, senador del PLD por &nbsp;El\u00edas Pi\u00f1a y miembro del Comit\u00e9 Pol\u00edtico repetir\u00eda en su segundo a\u00f1o como vocero del bloque de senadores pelede\u00edstas.<\/p>\n\n\n\n<p><strong>CP escoge subsecretarios y Subsecretarias<\/strong><\/p>\n\n\n\n<p>El Comit\u00e9 Pol\u00edtico&nbsp; del Partido de la Liberaci\u00f3n Dominicana (PLD) escogi\u00f3 hoy los &nbsp;subsecretarios que se integrar\u00e1n a los trabajos de las diferentes secretar\u00edas que conforman la organizaci\u00f3n pol\u00edtica, como parte del esquema de reorganizaci\u00f3n que lleva a cabo la entidad.<\/p>\n\n\n\n<p>La informaci\u00f3n la dio a conocer Charles Mariotti, Secretario general del PLD, durante una rueda de prensa realizada terminada la Reuni\u00f3n del Comit\u00e9 Pol\u00edtico celebrada este lunes.<\/p>\n\n\n\n<p>Explic\u00f3 que en principio&nbsp; se escoger\u00edan &nbsp;diez &nbsp;de los subsecretarios de cada secretar\u00eda, porque los titulares de las mismas ten\u00edan la facultad de escoger dos de los 12 que deben ser propuestos.<\/p>\n\n\n\n<p>No obstante&nbsp; se someti\u00f3 la moci\u00f3n de que el Comit\u00e9 Pol\u00edtico escogiera s\u00f3lo siete subsecretarios de cada secretar\u00eda y que los tres restantes fueran seleccionados en una segunda reuni\u00f3n.<\/p>\n\n\n\n<p>\u201cEl Comit\u00e9 Pol\u00edtico aprob\u00f3 de manera un\u00e1nime una propuesta de que escogi\u00e9ramos 7 y dej\u00e1semos tres para la pr\u00f3xima reuni\u00f3n a los fines de cubrir cualquier ausencia o falta, porque muchos compa\u00f1eros compitieron y se sumaron a este esfuerzo de hacer las cosas transparentes y democr\u00e1ticas\u201d, precis\u00f3 el dirigente pelede\u00edstas en declaraciones rese\u00f1adas por la Secretar\u00eda de Comunicaciones del PLD.<\/p>\n\n\n\n<p>Mariotti &nbsp;mostr\u00f3 a la prensa las hojas de votaci\u00f3n, cuyo proceso fue similar al de la escogencia de los titulares de las secretar\u00edas, al Presidente, secretario general y miembros del Comit\u00e9 Pol\u00edtico.<\/p>\n\n\n\n<p>En tal sentido, indic\u00f3 que se utiliz\u00f3 &nbsp;computadora &nbsp;para cada miembro del Comit\u00e9 Pol\u00edtico de los equipos facilitados a t\u00edtulo de pr\u00e9stamo por la Junta Central Electoral.<\/p>\n\n\n\n<p>El acta final de las votaciones fue firmada por el Presidente del Partido Danilo Medina y el Secretario General Charles Mariotti.<\/p>\n\n\n\n<p>\u201cNos sentimos muy satisfechos, porque hoy agotamos un proceso que env\u00eda una se\u00f1al clara de que queremos un nuevo modelo de gesti\u00f3n partidaria.&nbsp; Felicidades a los agraciados y a las agraciadas y en la pr\u00f3xima reuni\u00f3n completaremos todas las secretar\u00edas\u201d, agreg\u00f3.<\/p>\n\n\n\n<p>Se\u00f1al\u00f3 que el proceso &nbsp;&nbsp;&nbsp;&nbsp; de votaci\u00f3n fue organizado por Celenia Vidal y un equipo de la Casa Nacional en conjunto con la Secretar\u00eda de Organizaci\u00f3n, la Secretar\u00eda de Asuntos Electorales y La Secretar\u00eda de Tecnolog\u00eda &nbsp;y Comunicaci\u00f3n (TICs) &nbsp;con el apoyo de la Junta Central Electoral.<\/p>\n\n\n\n<p>Fuente:  <strong>SECRETAR\u00cdA DE COMUNICACIONES<\/strong><\/p>\n\n\n\n<p><strong>26 DE JULIO, 2021.-<\/strong><\/p>\n","protected":false},"excerpt":{"rendered":"<p>diariodominicano.com CP del PLD escoge subsecretarios Santo Domingo, R. D., 26 de julio, 2021.- Yv\u00e1n Lorenzo, por consenso de los Senadores del Partido de la Liberaci\u00f3n Dominicana (PLD) \u00a0ser\u00e1 presentado nuevamente para ocupar la vocer\u00eda de esa bancada para el a\u00f1o legislativo que inicia el pr\u00f3ximo 16 de agosto. Mientras que la vocer\u00eda del PLD [&hellip;]<\/p>\n","protected":false},"author":5,"featured_media":289115,"comment_status":"closed","ping_status":"","sticky":true,"template":"","format":"standard","meta":{"footnotes":""},"categories":[22,27],"tags":[],"class_list":["post-289114","post","type-post","status-publish","format-standard","has-post-thumbnail","hentry","category-politica","category-portada"],"_links":{"self":[{"href":"https:\/\/diariodominicano.com\/index.php?rest_route=\/wp\/v2\/posts\/289114","targetHints":{"allow":["GET"]}}],"collection":[{"href":"https:\/\/diariodominicano.com\/index.php?rest_route=\/wp\/v2\/posts"}],"about":[{"href":"https:\/\/diariodominicano.com\/index.php?rest_route=\/wp\/v2\/types\/post"}],"author":[{"embeddable":true,"href":"https:\/\/diariodominicano.com\/index.php?rest_route=\/wp\/v2\/users\/5"}],"replies":[{"embeddable":true,"href":"https:\/\/diariodominicano.com\/index.php?rest_route=%2Fwp%2Fv2%2Fcomments&post=289114"}],"version-history":[{"count":1,"href":"https:\/\/diariodominicano.com\/index.php?rest_route=\/wp\/v2\/posts\/289114\/revisions"}],"predecessor-version":[{"id":289116,"href":"https:\/\/diariodominicano.com\/index.php?rest_route=\/wp\/v2\/posts\/289114\/revisions\/289116"}],"wp:featuredmedia":[{"embeddable":true,"href":"https:\/\/diariodominicano.com\/index.php?rest_route=\/wp\/v2\/media\/289115"}],"wp:attachment":[{"href":"https:\/\/diariodominicano.com\/index.php?rest_route=%2Fwp%2Fv2%2Fmedia&parent=289114"}],"wp:term":[{"taxonomy":"category","embeddable":true,"href":"https:\/\/diariodominicano.com\/index.php?rest_route=%2Fwp%2Fv2%2Fcategories&post=289114"},{"taxonomy":"post_tag","embeddable":true,"href":"https:\/\/diariodominicano.com\/index.php?rest_route=%2Fwp%2Fv2%2Ftags&post=289114"}],"curies":[{"name":"wp","href":"https:\/\/api.w.org\/{rel}","templated":true}]}}