{"id":289108,"date":"2021-07-26T20:18:52","date_gmt":"2021-07-27T00:18:52","guid":{"rendered":"http:\/\/diariodominicano.com\/?p=289108"},"modified":"2021-07-26T20:18:52","modified_gmt":"2021-07-27T00:18:52","slug":"participacion-ciudadana-y-cepae-realizan-encuentro-regional-con-los-comites-de-monitoreo-ciudadano","status":"publish","type":"post","link":"https:\/\/diariodominicano.com\/?p=289108","title":{"rendered":"Participaci\u00f3n Ciudadana y CEPAE realizan encuentro regional con los comit\u00e9s de monitoreo ciudadano"},"content":{"rendered":"\n<p>diariodominicano.com<\/p>\n\n\n\n<p><strong>Santo Domingo, R. D.,  26 de julio, 2021.- \u00a0<\/strong>En el marco del proyecto Promoviendo la Participaci\u00f3n Ciudadana, la Veedur\u00eda Social e Incidencia en la Gesti\u00f3n Local, el movimiento c\u00edvico Participaci\u00f3n Ciudadana, realiz\u00f3 el \u201cEncuentro Regional de intercambio de experiencia de los comit\u00e9s de monitoreo ciudadano\u201d, el cual se desarroll\u00f3 en conjunto con el Centro de Planificaci\u00f3n y Acci\u00f3n Ecum\u00e9nica (CEPAE), y con el auspicio de la Uni\u00f3n Europea.<\/p>\n\n\n\n<p>Este encuentro tuvo por objetivos socializar las experiencias de monitoreo a la administraci\u00f3n p\u00fablica local, dise\u00f1ar la estrategia de fortalecimiento y articulaci\u00f3n regional de los comit\u00e9s de veedur\u00eda social, a fin de continuar el proceso de seguimiento a la gesti\u00f3n local, conocer el funcionamiento del Portal Transaccional de la Direcci\u00f3n General de Compras y Contrataciones (DGCP), analizar el contexto local y nacional en el marco de la pandemia Covid-19, y evaluar y elaborar los planes de acci\u00f3n de los equipos municipales de monitoreo.<\/p>\n\n\n\n<p>Sandino Olaverria, director ejecutivo de CEPAE realiz\u00f3 un an\u00e1lisis de coyuntura sobre la corrupci\u00f3n administrativa, crisis sanitaria y la actuaci\u00f3n del Ministerio P\u00fablico, al tiempo que resalt\u00f3 el impacto del Covid-19 en la articulaci\u00f3n de las organizaciones sociales para el proceso de veedur\u00eda social y ejercicio de su derecho de vigilancia sobre la gesti\u00f3n p\u00fablica.<\/p>\n\n\n\n<p>Miembros de la Direcci\u00f3n General de Compras y Contrataciones P\u00fablicas (DGCP), participaron de la actividad presentando el portal transaccional de ese \u00f3rgano rector en la persona de Rub\u00e9n Ma\u00f1\u00f3n, analista territorial, quien present\u00f3 el plan de compras, registro de proveedores del Estado y el canal de YouTube de dicha Direcci\u00f3n.<\/p>\n\n\n\n<p>\u2018\u2019Debemos promover que la ciudadan\u00eda se involucre en el proceso de veedur\u00eda social y para ello se debe conocer el proceso de compras y contrataciones p\u00fablicas, as\u00ed como el portal\u2019\u2019, se\u00f1al\u00f3 Pablo Vicente, coordinador territorial de la DGCP.&nbsp;&nbsp;<\/p>\n\n\n\n<p>Durante la socializaci\u00f3n los participantes exploraron el Sistema de Monitoreo de la Administraci\u00f3n P\u00fablica Municipal (SISMAP) y las p\u00e1ginas web de los seis ayuntamientos, mediante el uso de herramientas de observaci\u00f3n, an\u00e1lisis y evaluaci\u00f3n de evidencias, donde identificaron los niveles de la gesti\u00f3n municipal en t\u00e9rminos de eficiencia, eficacia y calidad de cumplimiento de marcos normativos y procedimentales que inciden en la gesti\u00f3n municipal.<\/p>\n\n\n\n<p>Para actuar en consecuencia los Comit\u00e9s Municipales elaboraron sus planes de monitoreo municipal, donde qued\u00f3 constituida la Red Regional de Veedur\u00eda Ciudadana&nbsp;<em>\u00abPor una gesti\u00f3n local transparente y participativa\u00bb<\/em>, a fin de proveer un espacio de articulaci\u00f3n de la sociedad civil que pretender monitorear la gesti\u00f3n local de los gobiernos locales de la Regi\u00f3n Sur del pa\u00eds.<\/p>\n\n\n\n<p>El \u201cEncuentro Regional de intercambio de experiencia de los comit\u00e9s de monitoreo ciudadano\u201d, cont\u00f3 con&nbsp;la participaci\u00f3n de l\u00edderes y lideresas comunitarios de los municipios de Azua, Ban\u00ed, Barahona, Cabral, San Juan de la Maguana, San Crist\u00f3bal y San Jos\u00e9 de Ocoa.<\/p>\n\n\n\n<p> <\/p>\n\n\n\n<figure class=\"wp-block-table\"><table><tbody><tr><td>  Fuente:  <strong>Prensa Participacion Ciudadana<\/strong><\/td><\/tr><\/tbody><\/table><\/figure>\n\n\n\n<p><strong>26 de julio de 2021<\/strong><\/p>\n","protected":false},"excerpt":{"rendered":"<p>diariodominicano.com Santo Domingo, R. D., 26 de julio, 2021.- \u00a0En el marco del proyecto Promoviendo la Participaci\u00f3n Ciudadana, la Veedur\u00eda Social e Incidencia en la Gesti\u00f3n Local, el movimiento c\u00edvico Participaci\u00f3n Ciudadana, realiz\u00f3 el \u201cEncuentro Regional de intercambio de experiencia de los comit\u00e9s de monitoreo ciudadano\u201d, el cual se desarroll\u00f3 en conjunto con el Centro [&hellip;]<\/p>\n","protected":false},"author":5,"featured_media":289109,"comment_status":"closed","ping_status":"","sticky":true,"template":"","format":"standard","meta":{"footnotes":""},"categories":[20,27],"tags":[],"class_list":["post-289108","post","type-post","status-publish","format-standard","has-post-thumbnail","hentry","category-dominicana-hoy","category-portada"],"_links":{"self":[{"href":"https:\/\/diariodominicano.com\/index.php?rest_route=\/wp\/v2\/posts\/289108","targetHints":{"allow":["GET"]}}],"collection":[{"href":"https:\/\/diariodominicano.com\/index.php?rest_route=\/wp\/v2\/posts"}],"about":[{"href":"https:\/\/diariodominicano.com\/index.php?rest_route=\/wp\/v2\/types\/post"}],"author":[{"embeddable":true,"href":"https:\/\/diariodominicano.com\/index.php?rest_route=\/wp\/v2\/users\/5"}],"replies":[{"embeddable":true,"href":"https:\/\/diariodominicano.com\/index.php?rest_route=%2Fwp%2Fv2%2Fcomments&post=289108"}],"version-history":[{"count":1,"href":"https:\/\/diariodominicano.com\/index.php?rest_route=\/wp\/v2\/posts\/289108\/revisions"}],"predecessor-version":[{"id":289110,"href":"https:\/\/diariodominicano.com\/index.php?rest_route=\/wp\/v2\/posts\/289108\/revisions\/289110"}],"wp:featuredmedia":[{"embeddable":true,"href":"https:\/\/diariodominicano.com\/index.php?rest_route=\/wp\/v2\/media\/289109"}],"wp:attachment":[{"href":"https:\/\/diariodominicano.com\/index.php?rest_route=%2Fwp%2Fv2%2Fmedia&parent=289108"}],"wp:term":[{"taxonomy":"category","embeddable":true,"href":"https:\/\/diariodominicano.com\/index.php?rest_route=%2Fwp%2Fv2%2Fcategories&post=289108"},{"taxonomy":"post_tag","embeddable":true,"href":"https:\/\/diariodominicano.com\/index.php?rest_route=%2Fwp%2Fv2%2Ftags&post=289108"}],"curies":[{"name":"wp","href":"https:\/\/api.w.org\/{rel}","templated":true}]}}