{"id":289105,"date":"2021-07-26T20:10:17","date_gmt":"2021-07-27T00:10:17","guid":{"rendered":"http:\/\/diariodominicano.com\/?p=289105"},"modified":"2021-07-26T20:10:17","modified_gmt":"2021-07-27T00:10:17","slug":"presidente-abinader-destaca-confianza-sin-precedentes-en-el-desarrollo-del-pais","status":"publish","type":"post","link":"https:\/\/diariodominicano.com\/?p=289105","title":{"rendered":"Presidente Abinader destaca confianza sin precedentes en el desarrollo del pa\u00eds"},"content":{"rendered":"\n<p>diariodominicano.com<\/p>\n\n\n\n<p>Santiago, 26 de julio, 2021.- \u201cYo puedo decir hoy que hay una confianza sin precedentes en la Rep\u00fablica Dominicana, en el desarrollo de este pa\u00eds\u201d, la expresi\u00f3n es del presidente Luis Abinader durante su participaci\u00f3n hoy del primer palazo para la construcci\u00f3n del edificio regional de la Asociaci\u00f3n Popular de Ahorros y Pr\u00e9stamos (APAP) en Santiago.<\/p>\n\n\n\n<p>El primer mandatario de la naci\u00f3n agreg\u00f3 que en este momento no hay un grupo empresarial importante que no tenga un proyecto, que no est\u00e9 desarrollando y aprovech\u00f3 el momento para enviar un mensaje de confianza para que concomitantemente con ese deseo de expansi\u00f3n de negocios de las empresas del pa\u00eds, sepan que tienen un Gobierno que los va a apoyar de manera sincera, eficiente y transparente.<\/p>\n\n\n\n<p>El gobernante habl\u00f3 durante el acto de primer palazo de la construcci\u00f3n del edificio regional norte de la Asociaci\u00f3n Popular de Ahorros y Pr\u00e9stamos (APAP), en la ciudad de Santiago, con una inversi\u00f3n de RD$758 millones, algo que fue valorado por el presidente Luis Abinader como una muestra de confianza sin precedentes en el desarrollo del pa\u00eds.<\/p>\n\n\n\n<p>El mandatario precis\u00f3 que todos los proyectos que financia la APAP, al igual que otros impulsados por diferentes instituciones cumplen con el objetivo principal del Gobierno, que es la creaci\u00f3n de empleos.<\/p>\n\n\n\n<p>\u201cPor eso estaremos siempre apoyando proyectos como este. Cuenten siempre con todo el apoyo de este Gobierno, sigan su desarrollo, sigan su confianza, la de ustedes, la de sus miembros, que este pa\u00eds no solamente se va a recuperar del Covid, sino que se va a recuperar m\u00e1s fuerte\u201d, manifest\u00f3 el jefe de Estado.<\/p>\n\n\n\n<p>El presidente Abinader de destac\u00f3 que APAP es una instituci\u00f3n nacional que le ha hecho un gran aporte al desarrollo inmobiliario y comercial, financiando importantes proyectos en la Rep\u00fablica Dominicana.<\/p>\n\n\n\n<p>La obra, que ser\u00e1 construida en un terreno de 7,718 metros cuadrados, contempla un dise\u00f1o arquitect\u00f3nico para una edificaci\u00f3n de cuatro niveles que integrar\u00e1 un concepto de formas modernas, en una superficie de 3,317 metros cuadrados.<\/p>\n\n\n\n<p>En tanto, Lawrence Hazoury, presidente junta de directores de APAP, agradeci\u00f3 al presidente Abinader por su acompa\u00f1amiento en estos proyectos hacia el futuro y por su inter\u00e9s genuino en las iniciativas de bienestar colectivo que contribuyen al desarrollo de un mejor pa\u00eds.<\/p>\n\n\n\n<p>Resalt\u00f3 el apoyo de APAP al dinamismo econ\u00f3mico de la regi\u00f3n, especialmente en el sector construcci\u00f3n de Santiago. El acto fue realizado en la avenida Estrella Sadhal\u00e1.&nbsp;<\/p>\n\n\n\n<p>Indic\u00f3 que con la construcci\u00f3n del edificio regional reafirman el compromiso de la entidad en casi 60 a\u00f1os, sobre todo, con el crecimiento de Santiago, ciudad que defini\u00f3 como emblem\u00e1tica y din\u00e1mica que avanza hacia un desarrollo integral.<\/p>\n\n\n\n<p>Fue concebido con criterios de sostenibilidad, inclusi\u00f3n, innovaci\u00f3n y digitalizaci\u00f3n.<\/p>\n\n\n\n<p>Hazoury puntualiz\u00f3 que el proyecto contar\u00e1 con caracter\u00edsticas de sostenibilidad ambiental, entre estas, eficiencia energ\u00e9tica, estaci\u00f3n de carga r\u00e1pida para veh\u00edculos el\u00e9ctricos, paneles solares y estacionamientos para bicicletas.<\/p>\n\n\n\n<p>A la actividad asistieron el presidente del Senado, Eduardo Estrella; el ministro Administrativo de la Presidencia, Jos\u00e9 Ignacio Paliza; la gobernadora de Santiago, Rosa Santos y empresarios de la regi\u00f3n norte.<\/p>\n\n\n\n<p>Adem\u00e1s, el director del Centro de Desarrollo y Competitividad Industrial (PROINDUSTRIA), Jos\u00e9 Ulises Rodr\u00edguez y el administrador del EDENORTE, Andr\u00e9s Cueto.<\/p>\n\n\n\n<p>Fuente:  Direcci\u00f3n de prensa<\/p>\n\n\n\n<p>Presidencia de la Rep\u00fablica Dominicana<\/p>\n","protected":false},"excerpt":{"rendered":"<p>diariodominicano.com Santiago, 26 de julio, 2021.- \u201cYo puedo decir hoy que hay una confianza sin precedentes en la Rep\u00fablica Dominicana, en el desarrollo de este pa\u00eds\u201d, la expresi\u00f3n es del presidente Luis Abinader durante su participaci\u00f3n hoy del primer palazo para la construcci\u00f3n del edificio regional de la Asociaci\u00f3n Popular de Ahorros y Pr\u00e9stamos (APAP) [&hellip;]<\/p>\n","protected":false},"author":5,"featured_media":289106,"comment_status":"closed","ping_status":"","sticky":true,"template":"","format":"standard","meta":{"footnotes":""},"categories":[20,27],"tags":[],"class_list":["post-289105","post","type-post","status-publish","format-standard","has-post-thumbnail","hentry","category-dominicana-hoy","category-portada"],"_links":{"self":[{"href":"https:\/\/diariodominicano.com\/index.php?rest_route=\/wp\/v2\/posts\/289105","targetHints":{"allow":["GET"]}}],"collection":[{"href":"https:\/\/diariodominicano.com\/index.php?rest_route=\/wp\/v2\/posts"}],"about":[{"href":"https:\/\/diariodominicano.com\/index.php?rest_route=\/wp\/v2\/types\/post"}],"author":[{"embeddable":true,"href":"https:\/\/diariodominicano.com\/index.php?rest_route=\/wp\/v2\/users\/5"}],"replies":[{"embeddable":true,"href":"https:\/\/diariodominicano.com\/index.php?rest_route=%2Fwp%2Fv2%2Fcomments&post=289105"}],"version-history":[{"count":1,"href":"https:\/\/diariodominicano.com\/index.php?rest_route=\/wp\/v2\/posts\/289105\/revisions"}],"predecessor-version":[{"id":289107,"href":"https:\/\/diariodominicano.com\/index.php?rest_route=\/wp\/v2\/posts\/289105\/revisions\/289107"}],"wp:featuredmedia":[{"embeddable":true,"href":"https:\/\/diariodominicano.com\/index.php?rest_route=\/wp\/v2\/media\/289106"}],"wp:attachment":[{"href":"https:\/\/diariodominicano.com\/index.php?rest_route=%2Fwp%2Fv2%2Fmedia&parent=289105"}],"wp:term":[{"taxonomy":"category","embeddable":true,"href":"https:\/\/diariodominicano.com\/index.php?rest_route=%2Fwp%2Fv2%2Fcategories&post=289105"},{"taxonomy":"post_tag","embeddable":true,"href":"https:\/\/diariodominicano.com\/index.php?rest_route=%2Fwp%2Fv2%2Ftags&post=289105"}],"curies":[{"name":"wp","href":"https:\/\/api.w.org\/{rel}","templated":true}]}}