{"id":289096,"date":"2021-07-26T19:28:49","date_gmt":"2021-07-26T23:28:49","guid":{"rendered":"http:\/\/diariodominicano.com\/?p=289096"},"modified":"2021-07-26T19:28:49","modified_gmt":"2021-07-26T23:28:49","slug":"honduras-impulsa-jornada-de-vacunacion-anti-covid-19-para-mayores-de-35-anos","status":"publish","type":"post","link":"https:\/\/diariodominicano.com\/?p=289096","title":{"rendered":"Honduras impulsa jornada de vacunaci\u00f3n anti-COVID-19 para mayores de 35 a\u00f1os"},"content":{"rendered":"\n<h3 class=\"wp-block-heading\">diariodominicano.com<a rel=\"noreferrer noopener\" href=\"http:\/\/home.xinhua-news.com\/gdsdetailxhs\/share\/9724419-?pageflag=iframe\" target=\"_blank\"><\/a><\/h3>\n\n\n\n<pre id=\"text-news-description\" class=\"wp-block-preformatted\">   TEGUCIGALPA, 26 jul (Xinhua) -- Honduras impulsa una masiva jornada de vacunaci\u00f3n de dos d\u00edas contra la enfermedad del nuevo coronavirus (COVID-19), en la que espera llegar a m\u00e1s de 50.000 personas mayores de 35 a\u00f1os, inform\u00f3 hoy lunes la Secretar\u00eda (ministerio) de Salud.\n   En la actividad denominada \"Vacunat\u00f3n\" participar\u00e1n m\u00e1s de 2.000 personas inoculando a los hondure\u00f1os en distintos sitios de Tegucigalpa el pr\u00f3ximo 31 de julio y el 1 de agosto.\n   El lanzamiento lo hizo este lunes el presidente Juan Orlando Hern\u00e1ndez, en una rueda de prensa junto a otras autoridades.\n   \"Quiero agradecerle a Dios por este extraordinario equipo que tenemos en el pa\u00eds, es impresionante ver c\u00f3mo vamos avanzando (...) vamos avanzando y necesitamos vacunarnos\", dijo Hern\u00e1ndez.\n   Honduras tiene como meta inocular a m\u00e1s de 50.000 personas en un horario de 07:00 a 22:00 hora local.\n   Esta es la primera actividad de ese tipo que el pa\u00eds centroamericano realiza desde marzo del 2021, cuando se declar\u00f3 una emergencia sanitaria.\n   Hasta el 23 de julio, Honduras hab\u00eda vacunado a 1.705.994 personas, de las cuales 194.020 ya cuentan con las dos dosis completas.\n   El \u00faltimo reporte de la Secretar\u00eda de Salud de la noche del domingo se\u00f1al\u00f3 que Honduras tiene 286.635 casos confirmados de COVID-19, de los cuales 7.594 han fallecido y 97.430 se han recuperado.<\/pre>\n","protected":false},"excerpt":{"rendered":"<p>diariodominicano.com TEGUCIGALPA, 26 jul (Xinhua) &#8212; Honduras impulsa una masiva jornada de vacunaci\u00f3n de dos d\u00edas contra la enfermedad del nuevo coronavirus (COVID-19), en la que espera llegar a m\u00e1s de 50.000 personas mayores de 35 a\u00f1os, inform\u00f3 hoy lunes la Secretar\u00eda (ministerio) de Salud. En la actividad denominada \u00abVacunat\u00f3n\u00bb participar\u00e1n m\u00e1s de 2.000 personas [&hellip;]<\/p>\n","protected":false},"author":5,"featured_media":289097,"comment_status":"closed","ping_status":"","sticky":true,"template":"","format":"standard","meta":{"footnotes":""},"categories":[23,27],"tags":[],"class_list":["post-289096","post","type-post","status-publish","format-standard","has-post-thumbnail","hentry","category-internacional","category-portada"],"_links":{"self":[{"href":"https:\/\/diariodominicano.com\/index.php?rest_route=\/wp\/v2\/posts\/289096","targetHints":{"allow":["GET"]}}],"collection":[{"href":"https:\/\/diariodominicano.com\/index.php?rest_route=\/wp\/v2\/posts"}],"about":[{"href":"https:\/\/diariodominicano.com\/index.php?rest_route=\/wp\/v2\/types\/post"}],"author":[{"embeddable":true,"href":"https:\/\/diariodominicano.com\/index.php?rest_route=\/wp\/v2\/users\/5"}],"replies":[{"embeddable":true,"href":"https:\/\/diariodominicano.com\/index.php?rest_route=%2Fwp%2Fv2%2Fcomments&post=289096"}],"version-history":[{"count":1,"href":"https:\/\/diariodominicano.com\/index.php?rest_route=\/wp\/v2\/posts\/289096\/revisions"}],"predecessor-version":[{"id":289098,"href":"https:\/\/diariodominicano.com\/index.php?rest_route=\/wp\/v2\/posts\/289096\/revisions\/289098"}],"wp:featuredmedia":[{"embeddable":true,"href":"https:\/\/diariodominicano.com\/index.php?rest_route=\/wp\/v2\/media\/289097"}],"wp:attachment":[{"href":"https:\/\/diariodominicano.com\/index.php?rest_route=%2Fwp%2Fv2%2Fmedia&parent=289096"}],"wp:term":[{"taxonomy":"category","embeddable":true,"href":"https:\/\/diariodominicano.com\/index.php?rest_route=%2Fwp%2Fv2%2Fcategories&post=289096"},{"taxonomy":"post_tag","embeddable":true,"href":"https:\/\/diariodominicano.com\/index.php?rest_route=%2Fwp%2Fv2%2Ftags&post=289096"}],"curies":[{"name":"wp","href":"https:\/\/api.w.org\/{rel}","templated":true}]}}