{"id":289091,"date":"2021-07-26T19:21:01","date_gmt":"2021-07-26T23:21:01","guid":{"rendered":"http:\/\/diariodominicano.com\/?p=289091"},"modified":"2021-07-26T19:22:14","modified_gmt":"2021-07-26T23:22:14","slug":"289091","status":"publish","type":"post","link":"https:\/\/diariodominicano.com\/?p=289091","title":{"rendered":"Director General de Prisiones reafirma apertura de los recintos carcelarios para labor de supervisi\u00f3n de los legisladores"},"content":{"rendered":"\n<p>diariodominicano.com<\/p>\n\n\n\n<p>Santo Domingo, R. D., 26 de julio, 2021.-   La Direcci\u00f3n General de Prisiones ponder\u00f3 ante los miembros de la Comisi\u00f3n Permanente de Derechos Humanos de la C\u00e1mara de Diputados el inter\u00e9s de los legisladores de conocer a fondo las necesidades de todos los centros penitenciarios.<\/p>\n\n\n\n<p>El director general de Prisiones, Roberto Hern\u00e1ndez Basilio, reafirm\u00f3 la apertura del sistema penitenciario a las visitas de fiscalizaci\u00f3n a los centros de privaci\u00f3n de libertad que desarrolla la Comisi\u00f3n Permanente de Derechos Humanos de la C\u00e1mara de Diputados, que encabeza Juan Dionicio Rodr\u00edguez Restituyo.<\/p>\n\n\n\n<p>\u201cDesde la Direcci\u00f3n General de Prisiones estamos abiertos a que los honorables diputados realicen la inspecci\u00f3n que requieran\u201d, indic\u00f3.&nbsp;<\/p>\n\n\n\n<p>Roberto Hern\u00e1ndez habl\u00f3 en el Congreso Nacional, en la reuni\u00f3n convocada para tratar sobre una visita de los miembros de la citada comisi\u00f3n permanente a la Fortaleza de San Juan de la Maguana, el pasado 16 de julio.<\/p>\n\n\n\n<p>La reuni\u00f3n, en la que participaron m\u00e1s de 10 miembros de la comisi\u00f3n, estuvo encabezada por el diputado Santiago Vilorio Lizardo. Acudi\u00f3, adem\u00e1s, el general de brigada \u00c1ngel Camacho Ubiera, inspector general del Ej\u00e9rcito, quien particip\u00f3 en representaci\u00f3n del comandante general de ese cuerpo militar, mayor general Julio Flori\u00e1n P\u00e9rez.<\/p>\n\n\n\n<p>El director de Prisiones resalt\u00f3 que, en ocasi\u00f3n de la visita de los diputados, expres\u00f3 al comandante de la fortaleza y a los propios legisladores la disposici\u00f3n de Prisiones a que la comisi\u00f3n pudiera comprobar la situaci\u00f3n del recinto.&nbsp;<\/p>\n\n\n\n<p>A este respecto, record\u00f3 que de 21 centros penitenciarios que gestiona la Direcci\u00f3n General de Prisiones, 13 tienen su seguridad bajo responsabilidad del Ej\u00e9rcito de Rep\u00fablica Dominicana, como ocurre en San Juan de la Maguana, y el resto de la Polic\u00eda Nacional.<\/p>\n\n\n\n<p>El director de Prisiones fue enf\u00e1tico en la disposici\u00f3n del Sistema Penitenciario de mostrar a la sociedad la realidad de los centros de privaci\u00f3n de libertad y de trabajar d\u00eda a d\u00eda para su transformaci\u00f3n. Destac\u00f3 que la primera iniciativa que impuls\u00f3 fue la instalaci\u00f3n de delegaciones permanentes de la Comisi\u00f3n Nacional de Derechos Humanos (CNDH) en recintos como La Victoria y el 15 de Azua, con las necesarias facilidades de espacio y mobiliario de oficina.<\/p>\n\n\n\n<p>Hern\u00e1ndez Basilio resalt\u00f3 que el pa\u00eds requiere de la voluntad de los legisladores y de todos los sectores para el necesario impulso de la reforma penitenciaria.<\/p>\n\n\n\n<p>Con ese inter\u00e9s, invit\u00f3 a la Comisi\u00f3n Permanente de Derechos Humanos, y a trav\u00e9s de ella a todo el Congreso Nacional, a ampliar los espacios e iniciativas de socializaci\u00f3n para elevar el conocimiento de los congresistas sobre la realidad de las c\u00e1rceles del pa\u00eds y de las precariedades de infraestructura que provocan hacinamiento, con el objetivo de garantizar derechos humanos de los privados de libertad.<\/p>\n\n\n\n<p>Resalt\u00f3 que, con un apoyo efectivo del Poder Legislativo, el Estado dominicano podr\u00eda especializar los recursos necesarios para avanzar en la reforma penitenciaria que llevar\u00e1 a que cada privado de libertad tenga garantizadas las condiciones que manda la Constituci\u00f3n y que facilitar\u00e1 instaurar una justicia restaurativa, que permita reinsertarlos de forma positiva a la sociedad.<\/p>\n\n\n\n<figure class=\"wp-block-table\"><table><tbody><tr><td>Fuente:  <strong>Comunicaciones Prensa PGR<\/strong>\u00a0<\/td><\/tr><\/tbody><\/table><\/figure>\n\n\n\n<p><strong>Direcci\u00f3n de Comunicaci\u00f3n y Prensa<\/strong><\/p>\n\n\n\n<p><strong>Procuradur\u00eda General-Ministerio P\u00fablico RD<\/strong><\/p>\n\n\n\n<p><strong>Lunes, 26 de julio de 2021.<\/strong><\/p>\n\n\n\n<p>&#8212;<strong><\/strong><\/p>\n\n\n\n<p><strong>Direcci\u00f3n General de Comunicaciones, Prensa y Relaciones P\u00fablicas<\/strong><\/p>\n\n\n\n<p>Procuradur\u00eda General de la Rep\u00fablica Dominicana<\/p>\n","protected":false},"excerpt":{"rendered":"<p>diariodominicano.com Santo Domingo, R. D., 26 de julio, 2021.- La Direcci\u00f3n General de Prisiones ponder\u00f3 ante los miembros de la Comisi\u00f3n Permanente de Derechos Humanos de la C\u00e1mara de Diputados el inter\u00e9s de los legisladores de conocer a fondo las necesidades de todos los centros penitenciarios. El director general de Prisiones, Roberto Hern\u00e1ndez Basilio, reafirm\u00f3 [&hellip;]<\/p>\n","protected":false},"author":5,"featured_media":289092,"comment_status":"closed","ping_status":"","sticky":true,"template":"","format":"standard","meta":{"footnotes":""},"categories":[24,27],"tags":[],"class_list":["post-289091","post","type-post","status-publish","format-standard","has-post-thumbnail","hentry","category-justicia-y-derecho","category-portada"],"_links":{"self":[{"href":"https:\/\/diariodominicano.com\/index.php?rest_route=\/wp\/v2\/posts\/289091","targetHints":{"allow":["GET"]}}],"collection":[{"href":"https:\/\/diariodominicano.com\/index.php?rest_route=\/wp\/v2\/posts"}],"about":[{"href":"https:\/\/diariodominicano.com\/index.php?rest_route=\/wp\/v2\/types\/post"}],"author":[{"embeddable":true,"href":"https:\/\/diariodominicano.com\/index.php?rest_route=\/wp\/v2\/users\/5"}],"replies":[{"embeddable":true,"href":"https:\/\/diariodominicano.com\/index.php?rest_route=%2Fwp%2Fv2%2Fcomments&post=289091"}],"version-history":[{"count":3,"href":"https:\/\/diariodominicano.com\/index.php?rest_route=\/wp\/v2\/posts\/289091\/revisions"}],"predecessor-version":[{"id":289095,"href":"https:\/\/diariodominicano.com\/index.php?rest_route=\/wp\/v2\/posts\/289091\/revisions\/289095"}],"wp:featuredmedia":[{"embeddable":true,"href":"https:\/\/diariodominicano.com\/index.php?rest_route=\/wp\/v2\/media\/289092"}],"wp:attachment":[{"href":"https:\/\/diariodominicano.com\/index.php?rest_route=%2Fwp%2Fv2%2Fmedia&parent=289091"}],"wp:term":[{"taxonomy":"category","embeddable":true,"href":"https:\/\/diariodominicano.com\/index.php?rest_route=%2Fwp%2Fv2%2Fcategories&post=289091"},{"taxonomy":"post_tag","embeddable":true,"href":"https:\/\/diariodominicano.com\/index.php?rest_route=%2Fwp%2Fv2%2Ftags&post=289091"}],"curies":[{"name":"wp","href":"https:\/\/api.w.org\/{rel}","templated":true}]}}