{"id":289088,"date":"2021-07-26T19:10:37","date_gmt":"2021-07-26T23:10:37","guid":{"rendered":"http:\/\/diariodominicano.com\/?p=289088"},"modified":"2021-07-26T19:10:37","modified_gmt":"2021-07-26T23:10:37","slug":"mary-simon-presta-juramento-como-30a-gobernadora-general-de-canada","status":"publish","type":"post","link":"https:\/\/diariodominicano.com\/?p=289088","title":{"rendered":"Mary Simon presta juramento como 30\u00aa gobernadora general de Canad\u00e1"},"content":{"rendered":"\n<p>diariodominicano.com<a rel=\"noreferrer noopener\" href=\"http:\/\/home.xinhua-news.com\/gdsdetailxhs\/share\/9724432-?pageflag=iframe\" target=\"_blank\"><\/a><\/p>\n\n\n\n<pre id=\"text-news-description\" class=\"wp-block-preformatted\">   OTTAWA, 26 jul (Xinhua) -- Mary Simon prest\u00f3 juramento hoy en Ottawa como 30\u00aa gobernadora general de Canad\u00e1.\n   Simon es la primera ind\u00edgena en asumir el puesto. Simon, una inuk de Quebec, fue recomendada a inicios de este mes por el primer ministro canadiense Justin Trudeau para asumir el cargo.\n   La ceremonia de juramento fue realizada en el Senado y cont\u00f3 con la asistencia de unos 50 dignatarios e invitados, incluyendo a Trudeau y a los presidentes de la C\u00e1mara de los Comunes y del Senado.\n   Adem\u00e1s de los juramentos y firmas oficiales supervisados por importantes funcionarios federales, el evento incluy\u00f3 varios espect\u00e1culos culturales.\n   Destacada l\u00edder inuk y ex embajadora, Simon desempe\u00f1ar\u00e1 un papel crucial como gobernadora general en asuntos constitucionales y dentro de los gobiernos minoritarios en cuestiones de confianza y convocatoria de elecciones.\n   Simon tambi\u00e9n se convirti\u00f3 en la m\u00e1xima comandante de las fuerzas armadas canadienses.\n   El nombramiento de Simon se produce en medio de un renovado esfuerzo de Canad\u00e1 para reconciliarse con los pueblos ind\u00edgenas, causado por el constante hallazgo de fosas comunes en terrenos de ex internados escolares de todo el pa\u00eds.\n   Los l\u00edderes ind\u00edgenas canadienses, principalmente los representantes de la comunidad inuit, han elogiado el nombramiento.<\/pre>\n","protected":false},"excerpt":{"rendered":"<p>diariodominicano.com OTTAWA, 26 jul (Xinhua) &#8212; Mary Simon prest\u00f3 juramento hoy en Ottawa como 30\u00aa gobernadora general de Canad\u00e1. Simon es la primera ind\u00edgena en asumir el puesto. Simon, una inuk de Quebec, fue recomendada a inicios de este mes por el primer ministro canadiense Justin Trudeau para asumir el cargo. La ceremonia de juramento [&hellip;]<\/p>\n","protected":false},"author":5,"featured_media":289089,"comment_status":"closed","ping_status":"","sticky":true,"template":"","format":"standard","meta":{"footnotes":""},"categories":[23,27],"tags":[],"class_list":["post-289088","post","type-post","status-publish","format-standard","has-post-thumbnail","hentry","category-internacional","category-portada"],"_links":{"self":[{"href":"https:\/\/diariodominicano.com\/index.php?rest_route=\/wp\/v2\/posts\/289088","targetHints":{"allow":["GET"]}}],"collection":[{"href":"https:\/\/diariodominicano.com\/index.php?rest_route=\/wp\/v2\/posts"}],"about":[{"href":"https:\/\/diariodominicano.com\/index.php?rest_route=\/wp\/v2\/types\/post"}],"author":[{"embeddable":true,"href":"https:\/\/diariodominicano.com\/index.php?rest_route=\/wp\/v2\/users\/5"}],"replies":[{"embeddable":true,"href":"https:\/\/diariodominicano.com\/index.php?rest_route=%2Fwp%2Fv2%2Fcomments&post=289088"}],"version-history":[{"count":1,"href":"https:\/\/diariodominicano.com\/index.php?rest_route=\/wp\/v2\/posts\/289088\/revisions"}],"predecessor-version":[{"id":289090,"href":"https:\/\/diariodominicano.com\/index.php?rest_route=\/wp\/v2\/posts\/289088\/revisions\/289090"}],"wp:featuredmedia":[{"embeddable":true,"href":"https:\/\/diariodominicano.com\/index.php?rest_route=\/wp\/v2\/media\/289089"}],"wp:attachment":[{"href":"https:\/\/diariodominicano.com\/index.php?rest_route=%2Fwp%2Fv2%2Fmedia&parent=289088"}],"wp:term":[{"taxonomy":"category","embeddable":true,"href":"https:\/\/diariodominicano.com\/index.php?rest_route=%2Fwp%2Fv2%2Fcategories&post=289088"},{"taxonomy":"post_tag","embeddable":true,"href":"https:\/\/diariodominicano.com\/index.php?rest_route=%2Fwp%2Fv2%2Ftags&post=289088"}],"curies":[{"name":"wp","href":"https:\/\/api.w.org\/{rel}","templated":true}]}}