{"id":289085,"date":"2021-07-26T18:56:07","date_gmt":"2021-07-26T22:56:07","guid":{"rendered":"http:\/\/diariodominicano.com\/?p=289085"},"modified":"2021-07-26T18:56:07","modified_gmt":"2021-07-26T22:56:07","slug":"cinco-provincias-dominicanas-en-alerta-meteorologica","status":"publish","type":"post","link":"https:\/\/diariodominicano.com\/?p=289085","title":{"rendered":"Cinco provincias dominicanas en alerta meteorol\u00f3gica"},"content":{"rendered":"\n<p>diariodominicano.com<\/p>\n\n\n\n<p>&nbsp;Santo Domingo, 26 jul (Prensa Latina) La Oficina Nacional de Meteorolog\u00eda de Dominicana (Onamet), inform\u00f3 hoy que debido a una vaguada que afecta con lluvias al pa\u00eds, fueron puestas cinco provincias en alerta meteorol\u00f3gica.<br>Las provincias en alerta son Santiago, La Vega, Monse\u00f1or Nouel, San Juan y Santiago Rodr\u00edguez.<\/p>\n\n\n\n<p>Seg\u00fan Onamet, es de esperar las precipitaciones contin\u00faen en las pr\u00f3ximas 24 a 72 horas por lo que es posible ocurran crecidas repentinas de r\u00edos, arroyos y ca\u00f1adas, as\u00ed como, inundaciones urbanas y posibles de deslizamientos de tierra.<\/p>\n\n\n\n<p>Para ma\u00f1ana los especialistas pronostican adem\u00e1s el ingreso de una masa de aire con menor humedad y part\u00edculas de polvo Sahariano, lo cual har\u00e1 que las lluvias se focalicen en el sureste del pa\u00eds, la cordillera Central y la zona Fronteriza.<\/p>\n\n\n\n<p>mem\/ema<\/p>\n","protected":false},"excerpt":{"rendered":"<p>diariodominicano.com &nbsp;Santo Domingo, 26 jul (Prensa Latina) La Oficina Nacional de Meteorolog\u00eda de Dominicana (Onamet), inform\u00f3 hoy que debido a una vaguada que afecta con lluvias al pa\u00eds, fueron puestas cinco provincias en alerta meteorol\u00f3gica.Las provincias en alerta son Santiago, La Vega, Monse\u00f1or Nouel, San Juan y Santiago Rodr\u00edguez. Seg\u00fan Onamet, es de esperar las [&hellip;]<\/p>\n","protected":false},"author":5,"featured_media":289086,"comment_status":"closed","ping_status":"","sticky":true,"template":"","format":"standard","meta":{"footnotes":""},"categories":[20,27],"tags":[],"class_list":["post-289085","post","type-post","status-publish","format-standard","has-post-thumbnail","hentry","category-dominicana-hoy","category-portada"],"_links":{"self":[{"href":"https:\/\/diariodominicano.com\/index.php?rest_route=\/wp\/v2\/posts\/289085","targetHints":{"allow":["GET"]}}],"collection":[{"href":"https:\/\/diariodominicano.com\/index.php?rest_route=\/wp\/v2\/posts"}],"about":[{"href":"https:\/\/diariodominicano.com\/index.php?rest_route=\/wp\/v2\/types\/post"}],"author":[{"embeddable":true,"href":"https:\/\/diariodominicano.com\/index.php?rest_route=\/wp\/v2\/users\/5"}],"replies":[{"embeddable":true,"href":"https:\/\/diariodominicano.com\/index.php?rest_route=%2Fwp%2Fv2%2Fcomments&post=289085"}],"version-history":[{"count":1,"href":"https:\/\/diariodominicano.com\/index.php?rest_route=\/wp\/v2\/posts\/289085\/revisions"}],"predecessor-version":[{"id":289087,"href":"https:\/\/diariodominicano.com\/index.php?rest_route=\/wp\/v2\/posts\/289085\/revisions\/289087"}],"wp:featuredmedia":[{"embeddable":true,"href":"https:\/\/diariodominicano.com\/index.php?rest_route=\/wp\/v2\/media\/289086"}],"wp:attachment":[{"href":"https:\/\/diariodominicano.com\/index.php?rest_route=%2Fwp%2Fv2%2Fmedia&parent=289085"}],"wp:term":[{"taxonomy":"category","embeddable":true,"href":"https:\/\/diariodominicano.com\/index.php?rest_route=%2Fwp%2Fv2%2Fcategories&post=289085"},{"taxonomy":"post_tag","embeddable":true,"href":"https:\/\/diariodominicano.com\/index.php?rest_route=%2Fwp%2Fv2%2Ftags&post=289085"}],"curies":[{"name":"wp","href":"https:\/\/api.w.org\/{rel}","templated":true}]}}