{"id":289075,"date":"2021-07-26T17:46:12","date_gmt":"2021-07-26T21:46:12","guid":{"rendered":"http:\/\/diariodominicano.com\/?p=289075"},"modified":"2021-07-26T17:46:12","modified_gmt":"2021-07-26T21:46:12","slug":"biden-eeuu-pondra-fin-a-mision-de-combate-en-irak-para-fines-del-ano","status":"publish","type":"post","link":"https:\/\/diariodominicano.com\/?p=289075","title":{"rendered":"Biden: EEUU pondr\u00e1 fin a misi\u00f3n de combate en Irak para fines del a\u00f1o"},"content":{"rendered":"\n<p>diariodominicano.com<a rel=\"noreferrer noopener\" href=\"http:\/\/home.xinhua-news.com\/gdsdetailxhs\/share\/9724406-?pageflag=iframe\" target=\"_blank\"><\/a><\/p>\n\n\n\n<pre id=\"text-news-description\" class=\"wp-block-preformatted\">   WASHINGTON, 26 jul (Xinhua) -- El presidente de Estados Unidos, Joe Biden, dijo hoy que el ej\u00e9rcito estadounidense pondr\u00e1 fin a la misi\u00f3n de combate en Irak para fines de este a\u00f1o.\n   \"Nuestro papel en Irak seguir\u00e1... continuar entrenando, apoyando, ayudando y enfrentando a ISIS (el Estado Isl\u00e1mico) cuando resurja, pero no vamos a estar, para fines del a\u00f1o, en una misi\u00f3n de combate\", dijo Biden en la Oficina Oval con el primer ministro de Irak, Mustafa al-Kadhimi, de visita en Estados Unidos.\n   \"Nuestra cooperaci\u00f3n de combate al terrorismo continuar\u00e1 incluso cuando transitemos a esta nueva etapa\", dijo.\n   Actualmente, hay alrededor de 2.500 soldados estadounidenses en Irak. Las fuerzas de la coalici\u00f3n dirigida por Estados Unidos fueron desplegadas en Irak para apoyar a las fuerzas iraqu\u00edes en los combates al Estado Isl\u00e1mico, principalmente para brindar entrenamiento y asesor\u00eda a las fuerzas iraqu\u00edes.<\/pre>\n\n\n\n<p><\/p>\n","protected":false},"excerpt":{"rendered":"<p>diariodominicano.com WASHINGTON, 26 jul (Xinhua) &#8212; El presidente de Estados Unidos, Joe Biden, dijo hoy que el ej\u00e9rcito estadounidense pondr\u00e1 fin a la misi\u00f3n de combate en Irak para fines de este a\u00f1o. \u00abNuestro papel en Irak seguir\u00e1&#8230; continuar entrenando, apoyando, ayudando y enfrentando a ISIS (el Estado Isl\u00e1mico) cuando resurja, pero no vamos a [&hellip;]<\/p>\n","protected":false},"author":5,"featured_media":289076,"comment_status":"closed","ping_status":"","sticky":true,"template":"","format":"standard","meta":{"footnotes":""},"categories":[23,27],"tags":[],"class_list":["post-289075","post","type-post","status-publish","format-standard","has-post-thumbnail","hentry","category-internacional","category-portada"],"_links":{"self":[{"href":"https:\/\/diariodominicano.com\/index.php?rest_route=\/wp\/v2\/posts\/289075","targetHints":{"allow":["GET"]}}],"collection":[{"href":"https:\/\/diariodominicano.com\/index.php?rest_route=\/wp\/v2\/posts"}],"about":[{"href":"https:\/\/diariodominicano.com\/index.php?rest_route=\/wp\/v2\/types\/post"}],"author":[{"embeddable":true,"href":"https:\/\/diariodominicano.com\/index.php?rest_route=\/wp\/v2\/users\/5"}],"replies":[{"embeddable":true,"href":"https:\/\/diariodominicano.com\/index.php?rest_route=%2Fwp%2Fv2%2Fcomments&post=289075"}],"version-history":[{"count":1,"href":"https:\/\/diariodominicano.com\/index.php?rest_route=\/wp\/v2\/posts\/289075\/revisions"}],"predecessor-version":[{"id":289077,"href":"https:\/\/diariodominicano.com\/index.php?rest_route=\/wp\/v2\/posts\/289075\/revisions\/289077"}],"wp:featuredmedia":[{"embeddable":true,"href":"https:\/\/diariodominicano.com\/index.php?rest_route=\/wp\/v2\/media\/289076"}],"wp:attachment":[{"href":"https:\/\/diariodominicano.com\/index.php?rest_route=%2Fwp%2Fv2%2Fmedia&parent=289075"}],"wp:term":[{"taxonomy":"category","embeddable":true,"href":"https:\/\/diariodominicano.com\/index.php?rest_route=%2Fwp%2Fv2%2Fcategories&post=289075"},{"taxonomy":"post_tag","embeddable":true,"href":"https:\/\/diariodominicano.com\/index.php?rest_route=%2Fwp%2Fv2%2Ftags&post=289075"}],"curies":[{"name":"wp","href":"https:\/\/api.w.org\/{rel}","templated":true}]}}