{"id":289016,"date":"2021-07-26T18:13:08","date_gmt":"2021-07-26T22:13:08","guid":{"rendered":"http:\/\/diariodominicano.com\/?p=289016"},"modified":"2021-07-26T18:34:15","modified_gmt":"2021-07-26T22:34:15","slug":"inauguran-moderno-centro-de-diagnostico-en-azua","status":"publish","type":"post","link":"https:\/\/diariodominicano.com\/?p=289016","title":{"rendered":"Inauguran Moderno Centro de Diagn\u00f3stico en Azua"},"content":{"rendered":"\n<p><strong><em>Inauguran Moderno Centro de Diagn\u00f3stico en Azua <\/em><\/strong><\/p>\n\n\n\n<p><strong>AZUA, RD-<\/strong>&nbsp; Enfocado en un modelo de atenci\u00f3n integral centrado en la seguridad, calidad y experiencia del paciente y su familia, fue inaugurado el pasado s\u00e1bado en esta provincia, el Instituto de Diagn\u00f3stico y Medicina(INDIMED).<\/p>\n\n\n\n<p>El moderno centro de salud est\u00e1 dotado de sofisticados equipos para la prevenci\u00f3n y atenci\u00f3n de las m\u00e1s diversas enfermedades, entre ellas; gastroenterolog\u00eda, cardiolog\u00eda, sonograf\u00eda, dopler, consultas, entre otras.<\/p>\n\n\n\n<figure class=\"wp-block-image size-large is-style-default\"><img loading=\"lazy\" decoding=\"async\" width=\"1024\" height=\"573\" src=\"https:\/\/diariodominicano.com\/wp-content\/uploads\/2021\/07\/image-57-1024x573.png\" alt=\"\" class=\"wp-image-289081\" srcset=\"https:\/\/diariodominicano.com\/wp-content\/uploads\/2021\/07\/image-57-1024x573.png 1024w, https:\/\/diariodominicano.com\/wp-content\/uploads\/2021\/07\/image-57-300x168.png 300w, https:\/\/diariodominicano.com\/wp-content\/uploads\/2021\/07\/image-57-768x430.png 768w, https:\/\/diariodominicano.com\/wp-content\/uploads\/2021\/07\/image-57-816x457.png 816w, https:\/\/diariodominicano.com\/wp-content\/uploads\/2021\/07\/image-57.png 1390w\" sizes=\"auto, (max-width: 1024px) 100vw, 1024px\" \/><\/figure>\n\n\n\n<p>Las palabras de bienvenida estuvieron a cargo del doctor Miguel D\u00edaz De Los Remedios, quien expres\u00f3 que vienen a ofrecer servicios de calidad a esta regi\u00f3n Sur, con un personal altamente calificado y tecnolog\u00eda de \u00faltima generaci\u00f3n.<\/p>\n\n\n\n<p>\u201cEl objetivo es que los pacientes de esta provincia y la regi\u00f3n Sur no tengan que desplazarse fuera de esta zona en busca de estos servicios cl\u00ednicos\u201d, a\u00f1adi\u00f3.<\/p>\n\n\n\n<p>Por su parte, el doctor Winston S\u00e1nchez, dijo que, INDIMED nace como una necesidad, para que los pacientes tengan estos servicios en su misma localidad.<\/p>\n\n\n\n<p>\u201cHoy, nosotros, profesionales dedicados a servir a quienes requieren una asistencia especializada, nos sentimos regocijados porque disponemos de una moderna instalaci\u00f3n, equipada con los equipos de \u00faltima generaci\u00f3n, y el personal especializado para dar la m\u00e1s esmerada atenci\u00f3n a las personas que demandan de nuestros servicios\u201d, dijo S\u00e1nchez.<\/p>\n\n\n\n<p>\u201cAparte de suplir una necesidad en esta zona, venimos a brindar calidad, con el calor humano que nos caracteriza los azuanos\u201d, dijo el tambi\u00e9n profesional de la salud.<\/p>\n\n\n\n<p>Las instalaciones, ubicadas en la calle Tortuguero No. 48 casi esquina Nicol\u00e1s Ma\u00f1on, Azua. Las mismas fueron bendecidas por el di\u00e1cono Alfredo Angomas, de la Iglesia en Buen Pastor.<\/p>\n\n\n\n<p>El grupo de inversionistas est\u00e1 integrado por los doctores Winston S\u00e1nchez, Miguel D\u00edaz De Los Remedios y Doritza Rosso.<\/p>\n\n\n\n<p>Los equipos de diagn\u00f3stico de \u00faltima tecnolog\u00eda, son de la reconocida marca Sonoscape, distribuido para Rep\u00fablica Dominicana por la empresa Tecnomed Caribbean.<\/p>\n\n\n\n<p>A la actividad asistieron un reducido grupo de representantes de los sectores p\u00fablico y privado, as\u00ed como personalidades relacionadas con el sector, tomando en cuenta las medidas de seguridad establecidas por las autoridades de salud,&nbsp; entre estos; Juan Delgado, vicepresidente de Tecnomed Caribbean, doctor Guillermo Enr\u00edque Pelletier Valenzuela, presidente de la Sociedad Dominicana de Sonograf\u00eda (SDS), la doctora Clara Fern\u00e1ndez Veloz, presidenta de la Filial del Colegio M\u00e9dico Azua, el empresario Nilson de la Rosa, entre otras personalidades.&nbsp;<\/p>\n\n\n\n<p><\/p>\n","protected":false},"excerpt":{"rendered":"<p>Inauguran Moderno Centro de Diagn\u00f3stico en Azua AZUA, RD-&nbsp; Enfocado en un modelo de atenci\u00f3n integral centrado en la seguridad, calidad y experiencia del paciente y su familia, fue inaugurado el pasado s\u00e1bado en esta provincia, el Instituto de Diagn\u00f3stico y Medicina(INDIMED). El moderno centro de salud est\u00e1 dotado de sofisticados equipos para la prevenci\u00f3n [&hellip;]<\/p>\n","protected":false},"author":7,"featured_media":289081,"comment_status":"closed","ping_status":"","sticky":true,"template":"","format":"standard","meta":{"footnotes":""},"categories":[20,27],"tags":[],"class_list":["post-289016","post","type-post","status-publish","format-standard","has-post-thumbnail","hentry","category-dominicana-hoy","category-portada"],"_links":{"self":[{"href":"https:\/\/diariodominicano.com\/index.php?rest_route=\/wp\/v2\/posts\/289016","targetHints":{"allow":["GET"]}}],"collection":[{"href":"https:\/\/diariodominicano.com\/index.php?rest_route=\/wp\/v2\/posts"}],"about":[{"href":"https:\/\/diariodominicano.com\/index.php?rest_route=\/wp\/v2\/types\/post"}],"author":[{"embeddable":true,"href":"https:\/\/diariodominicano.com\/index.php?rest_route=\/wp\/v2\/users\/7"}],"replies":[{"embeddable":true,"href":"https:\/\/diariodominicano.com\/index.php?rest_route=%2Fwp%2Fv2%2Fcomments&post=289016"}],"version-history":[{"count":3,"href":"https:\/\/diariodominicano.com\/index.php?rest_route=\/wp\/v2\/posts\/289016\/revisions"}],"predecessor-version":[{"id":289082,"href":"https:\/\/diariodominicano.com\/index.php?rest_route=\/wp\/v2\/posts\/289016\/revisions\/289082"}],"wp:featuredmedia":[{"embeddable":true,"href":"https:\/\/diariodominicano.com\/index.php?rest_route=\/wp\/v2\/media\/289081"}],"wp:attachment":[{"href":"https:\/\/diariodominicano.com\/index.php?rest_route=%2Fwp%2Fv2%2Fmedia&parent=289016"}],"wp:term":[{"taxonomy":"category","embeddable":true,"href":"https:\/\/diariodominicano.com\/index.php?rest_route=%2Fwp%2Fv2%2Fcategories&post=289016"},{"taxonomy":"post_tag","embeddable":true,"href":"https:\/\/diariodominicano.com\/index.php?rest_route=%2Fwp%2Fv2%2Ftags&post=289016"}],"curies":[{"name":"wp","href":"https:\/\/api.w.org\/{rel}","templated":true}]}}