{"id":288976,"date":"2021-07-26T07:09:49","date_gmt":"2021-07-26T11:09:49","guid":{"rendered":"http:\/\/diariodominicano.com\/?p=288976"},"modified":"2021-07-26T07:09:49","modified_gmt":"2021-07-26T11:09:49","slug":"leonel-ciudadano-a-emular","status":"publish","type":"post","link":"https:\/\/diariodominicano.com\/?p=288976","title":{"rendered":"Leonel: Ciudadano a emular"},"content":{"rendered":"\n<p>Por Franklin Almeyda Rancier<\/p>\n\n\n\n<p>Santo Domingo, R. D., 26 de julio, 2021.-  Si existe un dolor que nos afecta a todos, es la p\u00e9rdida de una madre o ver partir un hijo. El dolor en el alma es el m\u00e1s agobiante y personal. Cuando se trata de una figura p\u00fablica, como ha sido el caso reciente del Dr. Leonel Fern\u00e1ndez, al perder a do\u00f1a Yolanda, su madre, mostr\u00f3 con naturalidad y con respeto su dolor en el alma.<\/p>\n\n\n\n<p>Aquellos que las tienen, temen a ese momento; a los que las perdimos sabemos lo que se siente y por lo que \u00e9l pasa. Nunca aceptamos que un d\u00eda se va.&nbsp; Todos lamentamos la p\u00e9rdida, pero la evocamos sintiendo que nos acompa\u00f1a. Vivir esa realidad duele mucho.<\/p>\n\n\n\n<p>El Dr. Leonel Fern\u00e1ndez no se propuso decirle al pa\u00eds de las caracter\u00edsticas especiales de su relaci\u00f3n con do\u00f1a Yolanda, pero \u00e9l es una figura importante para esta sociedad, en todas sus escalas, y no pod\u00eda sentir ese dolor en el alma recogido en la estricta intimidad familiar; tampoco pod\u00eda convertir la p\u00e9rdida de do\u00f1a Yolanda en un evento pol\u00edtico. Realiz\u00f3 el sepelio como era do\u00f1a Yolanda y quizas, \u00e9l conoci\u00e9ndola, sab\u00eda que ella deseaba mucho m\u00e1s discreci\u00f3n.<\/p>\n\n\n\n<p>En medio del dolor, para comportarse con la naturalidad como lo hizo el Dr. Leonel Fern\u00e1ndez, se apeg\u00f3 a su formaci\u00f3n. Fue evidente que el pa\u00eds lo acompa\u00f1\u00f3, exactamente igual a como \u00e9l acompa\u00f1\u00f3 a su madre hasta su \u00faltimo suspiro, en su partida.<\/p>\n\n\n\n<p>Estar ah\u00ed cuando ellas nos necesitan, y estarlo, reconforta en medio del dolor en el alma. Precisamente, eso fue lo primero que \u00e9l hizo, suspendiendo su agenda para en ning\u00fan momento estar ausente. Como \u00e9l es un liderazgo importante, a pesar del comportamiento discreto de do\u00f1a Yolanda, \u00e9l ten\u00eda que decir de su internamiento y delicadas condiciones de salud, porque dejarlo a la especulaci\u00f3n medi\u00e1tica digital desvirt\u00faa. Para informarlo lo habr\u00e1 pensado muchas veces, para guardar la discreci\u00f3n en el comportamiento p\u00fablico de do\u00f1a Yolanda.<\/p>\n\n\n\n<p>La conducta pol\u00edtica debe ser pedag\u00f3gica, para ser emulada; los valores que le acompa\u00f1an deben ser mostrados a un pa\u00eds atento a ese momento, porque despierta el sentimiento colectivo, que unifica a los pueblos y&nbsp; cohesiona; despert\u00f3 esos valores, cuando dijo, al concluir la misa de cuerpo presente:<\/p>\n\n\n\n<p>\u201cSi mi madre deja un legado; si deja alguna lecci\u00f3n, es el hecho de que una madre soltera no est\u00e1 destinada al fracaso per s\u00e9, lo que se requiere es dignidad, sentido de honor, amor a su familia, amor al pr\u00f3jimo y trabajo, ella lo logr\u00f3; ella por tanto es un s\u00edmbolo de inspiraci\u00f3n, no solo para su familia, sino para todo el pueblo dominicano\u201d.<\/p>\n\n\n\n<p>En medio del momento m\u00e1s doloroso en su alma, el Dr. Fernandez dejaba dicho el hermoso ejemplo de su madre.<\/p>\n\n\n\n<p>Dijo m\u00e1s, lo que en su entorno personal y pol\u00edtico se conoce, de que:<\/p>\n\n\n\n<p>\u201cNuestra madre siempre nos acompa\u00f1\u00f3 en ese proceso, lo hizo siempre con discreci\u00f3n, con prudencia, sin ejercerse ning\u00fan tipo de protagonismo en los grandes escenarios, lo hizo en la distancia, pero siempre consultaba con ella y escuchaba sus palabras; cada 27 febrero luego de rendir cuentas a la naci\u00f3n iba a rendir cuentas a do\u00f1a Yolanda Reyna, as\u00ed lo hice siempre\u201d.<\/p>\n\n\n\n<p>En el Dr. Leonel Fern\u00e1ndez el pa\u00eds tiene un ciudadano a ser emulado.<\/p>\n","protected":false},"excerpt":{"rendered":"<p>Por Franklin Almeyda Rancier Santo Domingo, R. D., 26 de julio, 2021.- Si existe un dolor que nos afecta a todos, es la p\u00e9rdida de una madre o ver partir un hijo. El dolor en el alma es el m\u00e1s agobiante y personal. Cuando se trata de una figura p\u00fablica, como ha sido el caso [&hellip;]<\/p>\n","protected":false},"author":5,"featured_media":272337,"comment_status":"closed","ping_status":"","sticky":true,"template":"","format":"standard","meta":{"footnotes":""},"categories":[19,27],"tags":[],"class_list":["post-288976","post","type-post","status-publish","format-standard","has-post-thumbnail","hentry","category-mi-voz","category-portada"],"_links":{"self":[{"href":"https:\/\/diariodominicano.com\/index.php?rest_route=\/wp\/v2\/posts\/288976","targetHints":{"allow":["GET"]}}],"collection":[{"href":"https:\/\/diariodominicano.com\/index.php?rest_route=\/wp\/v2\/posts"}],"about":[{"href":"https:\/\/diariodominicano.com\/index.php?rest_route=\/wp\/v2\/types\/post"}],"author":[{"embeddable":true,"href":"https:\/\/diariodominicano.com\/index.php?rest_route=\/wp\/v2\/users\/5"}],"replies":[{"embeddable":true,"href":"https:\/\/diariodominicano.com\/index.php?rest_route=%2Fwp%2Fv2%2Fcomments&post=288976"}],"version-history":[{"count":1,"href":"https:\/\/diariodominicano.com\/index.php?rest_route=\/wp\/v2\/posts\/288976\/revisions"}],"predecessor-version":[{"id":288977,"href":"https:\/\/diariodominicano.com\/index.php?rest_route=\/wp\/v2\/posts\/288976\/revisions\/288977"}],"wp:featuredmedia":[{"embeddable":true,"href":"https:\/\/diariodominicano.com\/index.php?rest_route=\/wp\/v2\/media\/272337"}],"wp:attachment":[{"href":"https:\/\/diariodominicano.com\/index.php?rest_route=%2Fwp%2Fv2%2Fmedia&parent=288976"}],"wp:term":[{"taxonomy":"category","embeddable":true,"href":"https:\/\/diariodominicano.com\/index.php?rest_route=%2Fwp%2Fv2%2Fcategories&post=288976"},{"taxonomy":"post_tag","embeddable":true,"href":"https:\/\/diariodominicano.com\/index.php?rest_route=%2Fwp%2Fv2%2Ftags&post=288976"}],"curies":[{"name":"wp","href":"https:\/\/api.w.org\/{rel}","templated":true}]}}