{"id":288953,"date":"2021-07-26T05:02:41","date_gmt":"2021-07-26T09:02:41","guid":{"rendered":"http:\/\/diariodominicano.com\/?p=288953"},"modified":"2021-07-26T13:27:02","modified_gmt":"2021-07-26T17:27:02","slug":"celebran-gran-parada-dominicana-de-el-bronx","status":"publish","type":"post","link":"https:\/\/diariodominicano.com\/?p=288953","title":{"rendered":"Celebran Gran Parada Dominicana de El Bronx"},"content":{"rendered":"\n<p><strong>Por Ram\u00f3n Mercedes<\/strong><\/p>\n\n\n\n<p><strong>NUEVA YORK.-<\/strong>&nbsp;Con la asistencia de cientos de dominicanos en esta ciudad, la Gran Parada Dominicana de El Bronx celebr\u00f3 sus 32 aniversarios con un desfile por la v\u00eda Grand Concourse, desde la calle 172 hasta la 167 en el citado condado. <\/p>\n\n\n\n<p>Al ritmo de m\u00fasica urbana con el tema \u201cHay un Bobote\u201d del artista \u201cEl Fecho RD\u201d y la bachata \u201cBrujer\u00eda\u201d interpretada por el artista Omar Bienn, los Quisqueyanos del Bronx con bandera en mano mostraron su orgullo patrio en tiempo de pandemia.<\/p>\n\n\n\n<p>El organizador del evento, Felipe Febles, dijo sentirse conforme con los resultados de la primera parada luego del Covid-19.<\/p>\n\n\n\n<p>Agradeci\u00f3 a los patrocinadores y a los invitados especiales para mostrar nuestras ra\u00edces culturales, seg\u00fan las normas preventivas impuestas por las autoridades debido a la pandemia, sostuvo Febles.<\/p>\n\n\n\n<figure class=\"wp-block-image size-large is-style-default\"><img loading=\"lazy\" decoding=\"async\" width=\"578\" height=\"228\" src=\"https:\/\/diariodominicano.com\/wp-content\/uploads\/2021\/07\/image-56.png\" alt=\"\" class=\"wp-image-288990\" srcset=\"https:\/\/diariodominicano.com\/wp-content\/uploads\/2021\/07\/image-56.png 578w, https:\/\/diariodominicano.com\/wp-content\/uploads\/2021\/07\/image-56-300x118.png 300w\" sizes=\"auto, (max-width: 578px) 100vw, 578px\" \/><\/figure>\n\n\n\n<p>Hubo una significativa inasistencia, imper\u00f3 la desorganizaci\u00f3n, y algunos de los ciudadanos que participaron en el \u201cDesfile\u201d fueron \u201ccartereados\u201d, se nos inform\u00f3.<\/p>\n\n\n\n<p>El corte de cinta fue efectuado por el alcalde de la ciudad, Bill de Blasio, los congresistas Adriano Espaillat y Ritchie Torres, el c\u00f3nsul dominicano, Eligio J\u00e1quez, el concejal Ydanis Rodr\u00edguez y Vanessa Gibson, electa presidente del condado.<\/p>\n\n\n\n<p>Asimismo, por el candidato dem\u00f3crata electo para la alcald\u00eda de NYC en las pr\u00f3ximas elecciones a celebrarse el 2 de noviembre, y la candidata electa a concejal por el Distrito 14, Pierina S\u00e1nchez.<\/p>\n\n\n\n<p>La exhibici\u00f3n de la bandera dominicana se hizo sentir a lo largo de las cinco cuadras recorrida.<\/p>\n\n\n\n<p>Los Andulleros de Santiago, y Los Diablos Cojuelos, y otros segmentos del carnaval engalanaron la principal calle de El Bronx, as\u00ed como un grupo de ni\u00f1as bailarinas.<\/p>\n\n\n\n<p>El Gran Mariscal fue el alcalde De Blasio, el Gran Mariscal Internacional lo fue Jos\u00e9 D\u00edaz de Supermarket Key Food. Los mariscales de honor fueron el c\u00f3nsul dominicano Eligio J\u00e1quez y el emprendedor del a\u00f1o 2021, Omar Melo.Los padrinos de honores fueron: Los congresistas Espaillat y Torres; el profesor Robert Mercedes; Neftal\u00ed Fuerte, presidente del PRM-NY; Limber Cruz L\u00f3pez, Ministro de Agricultura de la RD; el l\u00edder comunitario Sammy Ravelo; y el invitado de honor el empresario Luis Almonte.<br>Las madrinas de honores fueron seleccionadas como dominicanas progresistas, entre ellas: Lourdes Batista, Comisionada de Cultura; Paola Ruiz, del City Hall; Henya Brayda Tejeda, Directora Nacional de Provincias de Ministerios de la RD; Altagracia Soldevila, Ramona Almonte, Kenia Bid\u00f3, diputada ultramar, Diskelsy Paulino.<\/p>\n\n\n\n<p>Las madrinas fueron Servia Iris Familia, diputada del exterior; y Biviana Ribeiro, directora de Pro-Dominicana.<\/p>\n","protected":false},"excerpt":{"rendered":"<p>Por Ram\u00f3n Mercedes NUEVA YORK.-&nbsp;Con la asistencia de cientos de dominicanos en esta ciudad, la Gran Parada Dominicana de El Bronx celebr\u00f3 sus 32 aniversarios con un desfile por la v\u00eda Grand Concourse, desde la calle 172 hasta la 167 en el citado condado. Al ritmo de m\u00fasica urbana con el tema \u201cHay un Bobote\u201d [&hellip;]<\/p>\n","protected":false},"author":7,"featured_media":288963,"comment_status":"closed","ping_status":"","sticky":true,"template":"","format":"standard","meta":{"footnotes":""},"categories":[23,27],"tags":[],"class_list":["post-288953","post","type-post","status-publish","format-standard","has-post-thumbnail","hentry","category-internacional","category-portada"],"_links":{"self":[{"href":"https:\/\/diariodominicano.com\/index.php?rest_route=\/wp\/v2\/posts\/288953","targetHints":{"allow":["GET"]}}],"collection":[{"href":"https:\/\/diariodominicano.com\/index.php?rest_route=\/wp\/v2\/posts"}],"about":[{"href":"https:\/\/diariodominicano.com\/index.php?rest_route=\/wp\/v2\/types\/post"}],"author":[{"embeddable":true,"href":"https:\/\/diariodominicano.com\/index.php?rest_route=\/wp\/v2\/users\/7"}],"replies":[{"embeddable":true,"href":"https:\/\/diariodominicano.com\/index.php?rest_route=%2Fwp%2Fv2%2Fcomments&post=288953"}],"version-history":[{"count":3,"href":"https:\/\/diariodominicano.com\/index.php?rest_route=\/wp\/v2\/posts\/288953\/revisions"}],"predecessor-version":[{"id":288992,"href":"https:\/\/diariodominicano.com\/index.php?rest_route=\/wp\/v2\/posts\/288953\/revisions\/288992"}],"wp:featuredmedia":[{"embeddable":true,"href":"https:\/\/diariodominicano.com\/index.php?rest_route=\/wp\/v2\/media\/288963"}],"wp:attachment":[{"href":"https:\/\/diariodominicano.com\/index.php?rest_route=%2Fwp%2Fv2%2Fmedia&parent=288953"}],"wp:term":[{"taxonomy":"category","embeddable":true,"href":"https:\/\/diariodominicano.com\/index.php?rest_route=%2Fwp%2Fv2%2Fcategories&post=288953"},{"taxonomy":"post_tag","embeddable":true,"href":"https:\/\/diariodominicano.com\/index.php?rest_route=%2Fwp%2Fv2%2Ftags&post=288953"}],"curies":[{"name":"wp","href":"https:\/\/api.w.org\/{rel}","templated":true}]}}