{"id":288922,"date":"2021-07-25T22:21:51","date_gmt":"2021-07-26T02:21:51","guid":{"rendered":"http:\/\/diariodominicano.com\/?p=288922"},"modified":"2021-07-25T22:21:51","modified_gmt":"2021-07-26T02:21:51","slug":"luis-abinader-entrega-tres-mil-titulos-de-propiedad-en-el-fin-de-semana","status":"publish","type":"post","link":"https:\/\/diariodominicano.com\/?p=288922","title":{"rendered":"Luis Abinader entrega tres mil t\u00edtulos de propiedad en el fin de semana"},"content":{"rendered":"\n<p>diariodominicano.com<\/p>\n\n\n\n<p>Villa Altagracia, San Crist\u00f3bal, R. D.,  25 de julio, 2021.- Luego de culminar una extensa agenda de trabajo por las provincias S\u00e1nchez Ram\u00edrez, Duarte y Santiago, el presidente Luis Abinader se traslad\u00f3 a Villa Altagracia donde entreg\u00f3 1,699 t\u00edtulos de propiedad a igual n\u00famero de familias.<\/p>\n\n\n\n<p>En el fin de semana, el mandatario entreg\u00f3 3 mil t\u00edtulos de propiedad que benefician a igual n\u00famero de familias, 1300 ayer en La Canela y un total de 1699 hoy, en Villa Altagracia.<\/p>\n\n\n\n<p>Con estos t\u00edtulos el mandatario logra que 3000 familias se conviertan en propietarias.&nbsp;<\/p>\n\n\n\n<p>La entrega de estos t\u00edtulos de propiedad es una de las pol\u00edticas p\u00fablicas m\u00e1s importantes del Gobierno del presidente Luis Abinader.<\/p>\n\n\n\n<p>El mandatario quien defini\u00f3 el hecho como el mejor regalo para los padres en su d\u00eda, impacta a 6,600 familias con los 1699 t\u00edtulos entregados en Villa Altagracia.<\/p>\n\n\n\n<p>\u201cEntregar t\u00edtulos hoy en el d\u00eda de los padres, es cumplir con ellos y cumplir con su patria\u201d, pronunci\u00f3 el presidente Abinader.<\/p>\n\n\n\n<p><strong>Se fomenta el valor de la propiedad<\/strong><\/p>\n\n\n\n<p>\u201cTrabajar con transparencia, honestidad, y entregado 100 por ciento, las 24 horas a mi pa\u00eds, es el mejor regalo que le puedo dar a mi padre\u201d, expres\u00f3 el presidente.<\/p>\n\n\n\n<p>El mandatario manifest\u00f3 que, con la entrega de estos t\u00edtulos de propiedad, se da un paso m\u00e1s en Rep\u00fablica Dominicana, donde se fomenta el valor de la propiedad de las personas, y de paso se hace realidad el sue\u00f1o de tantos hombres y mujeres, y de mucha gente trabajadora de este pa\u00eds que durante muchos a\u00f1os estuvo olvidada.<\/p>\n\n\n\n<p>Se\u00f1al\u00f3 que el Gobierno que le ha tocado presidir da la importancia que merece al conglomerado de pol\u00edticas p\u00fablicas para trasformar la vida de la gente y la de sus familias con el objetivo de incidir positivamente en su futuro.<\/p>\n\n\n\n<p>El mandatario hizo la entrega de los certificados de t\u00edtulos definitivos a Modesta Javier De Le\u00f3n, Ricardo De Los Santos Cruz, Mar\u00eda Milagros Rosario De La Cruz, Nelson Antonio Rodr\u00edguez Almanzar, Trinidad Candelario, Saturnino Brito, Marianela Castillo Hern\u00e1ndez, Olegario De Le\u00f3n Del Rosario, Juana Severino Araujo y Dar\u00edo D\u00edaz Espinal, en representaci\u00f3n de los 1699 beneficiados.<\/p>\n\n\n\n<p><strong>Con titularidad se da seguridad jur\u00eddica<\/strong><\/p>\n\n\n\n<p>Asimismo, expres\u00f3 que con este reconocimiento de titularidad se le da la seguridad jur\u00eddica a cientos de personas que durante mucho tiempo han reclamado al Estado el reconocimiento de sus derechos sobre los solares y las viviendas que por muchos habitan.<\/p>\n\n\n\n<p>\u201cHoy, les puedo decir a todos ellos que su Gobierno no les ha olvidado, que los tiene presentes y que toda su actividad va dirigida a mejorar las condiciones de vida del pueblo dominicano\u201d, indic\u00f3 Abinader.<\/p>\n\n\n\n<p>\u201cCon ustedes est\u00e1 mi compromiso de cambiar el pa\u00eds y cambiar la vida de cada uno de los dominicanos y dominicanas, con acciones concretas y pol\u00edticas dirigidas a ello, y aqu\u00ed tienen una prueba de ese compromiso\u201d, dijo el jefe de Estado.<\/p>\n\n\n\n<p>Los trabajos realizados por la Comisi\u00f3n de Titulaci\u00f3n tuvieron una inversi\u00f3n que ascendi\u00f3 a RD$6,085,350.87, lo que representa un ahorro significativo.<\/p>\n\n\n\n<p>La bendici\u00f3n del acto estuvo a cargo del reverendo Padre Germ\u00e1n De Le\u00f3n, cura p\u00e1rroco de la parroquia Nuestra Se\u00f1ora de la Altagracia.<\/p>\n\n\n\n<p>En representaci\u00f3n de los titulados habl\u00f3 Ricardo de los Santos Cruz, quien agradeci\u00f3 al presidente Luis Abinader por su inmensa voluntad de tener un mejor pa\u00eds y las autoridades que contribuyeron para llegar a recibir su t\u00edtulo de propiedad.<\/p>\n\n\n\n<p>A su vez el director general del Instituto Agrario Dominicano, Jos\u00e9 Daniel del Rosario Valdez dijo que el jefe de Estado quiere transformar los asentamientos agr\u00edcolas de una agricultura de subsistencia y artesanal a una con valor agregado.<\/p>\n\n\n\n<p>En ese mismo tenor, expres\u00f3 que el IAD no es solo repartir tierra, ya que esa forma de pensar y actuar ha cambiado en la presente gesti\u00f3n.<\/p>\n\n\n\n<p>\u00abAhora llevamos una transformaci\u00f3n integral para llevarle m\u00e1s asistencia al trabajador del campo y as\u00ed ofrecerles mayor desarrollo\u00bb, destac\u00f3 Rosario.<\/p>\n\n\n\n<p>Asegur\u00f3 que el presidente Abinader actualmente les da a los parceleros su seguridad presente y futura con la entrega de t\u00edtulos, para que as\u00ed se pase de una agricultura tradicional a una tecnol\u00f3gica.<\/p>\n\n\n\n<p>Inform\u00f3 que en el distrito catastral 528, el IAD en tres semanas har\u00e1 un saneamiento en las parcelas I y II para determinar la tierra disponible para los asentamientos que sean necesarios para que los agricultores tengan su pedazo de tierra y as\u00ed puedan obtener su sustento y bienestar.<\/p>\n\n\n\n<p>En tanto, el director ejecutivo de la CPTT, M\u00e9rido Torres, expres\u00f3 que con estos 1,699 certificados de t\u00edtulos que se entregaron a igual n\u00famero de familias, les permitir\u00e1 disfrutar de todos los beneficios de poseer el t\u00edtulo de propiedad definitivo de sus solares y viviendas.<\/p>\n\n\n\n<p>\u201cSe\u00f1or presidente, este ambiente que se siente aqu\u00ed hoy de alegr\u00eda, paz y satisfacci\u00f3n, es la mejor evidencia de que el cambio est\u00e1 beneficiando a los dominicanos m\u00e1s necesitados y que le est\u00e1 poniendo fin a d\u00e9cadas de inseguridad y abusos en contra de los que no tienen su t\u00edtulo de propiedad\u201d, expres\u00f3 Torres.<\/p>\n\n\n\n<p><strong>Plan Nacional de Titulaci\u00f3n<\/strong><\/p>\n\n\n\n<p>Las viviendas tituladas se encuentran distribuidas en Catarey, La Plata, INVI, El Rodeo, Pajarito y Guananito en el municipio Villa Altagracia, provincia de San Crist\u00f3bal.&nbsp;<\/p>\n\n\n\n<p>Los trabajos realizados por las brigadas t\u00e9cnicas de la Comisi\u00f3n de Titulaci\u00f3n abarcaron, en esta oportunidad, un \u00e1rea geogr\u00e1fica total de 470,598.18 metros cuadrados.<\/p>\n\n\n\n<p>La actividad cont\u00f3 con la participaci\u00f3n del ministro Administrativo de la presidencia, Jos\u00e9 Ignacio Paliza; los directores del Consejo Estatal del Az\u00facar y Bienes Nacionales, C\u00e9sar Cede\u00f1o; de Catastro Nacional, H\u00e9ctor P\u00e9rez Mirambeaux; del Instituto de Estabilizaci\u00f3n de Precios (INESPRE), Iv\u00e1n Hern\u00e1ndez y la gobernadora, Pura Casilla Dolores.<\/p>\n\n\n\n<p>Tambi\u00e9n, el director del Instituto Nacional de la Vivienda (INVI), Carlos Bonilla; el administrador general del Banco Agr\u00edcola, Fernando Dur\u00e1n, el enlace de la presidencia con la CPTT, Efr\u00e9n Cuello y el subdirector del IAD, Duarte M\u00e9ndez.<\/p>\n\n\n\n<p>Fuente: Presidencia de la Rep\u00fablica Dominicana<\/p>\n\n\n\n<p>Direcci\u00f3n de prensa<\/p>\n","protected":false},"excerpt":{"rendered":"<p>diariodominicano.com Villa Altagracia, San Crist\u00f3bal, R. D., 25 de julio, 2021.- Luego de culminar una extensa agenda de trabajo por las provincias S\u00e1nchez Ram\u00edrez, Duarte y Santiago, el presidente Luis Abinader se traslad\u00f3 a Villa Altagracia donde entreg\u00f3 1,699 t\u00edtulos de propiedad a igual n\u00famero de familias. En el fin de semana, el mandatario entreg\u00f3 [&hellip;]<\/p>\n","protected":false},"author":5,"featured_media":288923,"comment_status":"closed","ping_status":"","sticky":true,"template":"","format":"standard","meta":{"footnotes":""},"categories":[20,27],"tags":[],"class_list":["post-288922","post","type-post","status-publish","format-standard","has-post-thumbnail","hentry","category-dominicana-hoy","category-portada"],"_links":{"self":[{"href":"https:\/\/diariodominicano.com\/index.php?rest_route=\/wp\/v2\/posts\/288922","targetHints":{"allow":["GET"]}}],"collection":[{"href":"https:\/\/diariodominicano.com\/index.php?rest_route=\/wp\/v2\/posts"}],"about":[{"href":"https:\/\/diariodominicano.com\/index.php?rest_route=\/wp\/v2\/types\/post"}],"author":[{"embeddable":true,"href":"https:\/\/diariodominicano.com\/index.php?rest_route=\/wp\/v2\/users\/5"}],"replies":[{"embeddable":true,"href":"https:\/\/diariodominicano.com\/index.php?rest_route=%2Fwp%2Fv2%2Fcomments&post=288922"}],"version-history":[{"count":1,"href":"https:\/\/diariodominicano.com\/index.php?rest_route=\/wp\/v2\/posts\/288922\/revisions"}],"predecessor-version":[{"id":288924,"href":"https:\/\/diariodominicano.com\/index.php?rest_route=\/wp\/v2\/posts\/288922\/revisions\/288924"}],"wp:featuredmedia":[{"embeddable":true,"href":"https:\/\/diariodominicano.com\/index.php?rest_route=\/wp\/v2\/media\/288923"}],"wp:attachment":[{"href":"https:\/\/diariodominicano.com\/index.php?rest_route=%2Fwp%2Fv2%2Fmedia&parent=288922"}],"wp:term":[{"taxonomy":"category","embeddable":true,"href":"https:\/\/diariodominicano.com\/index.php?rest_route=%2Fwp%2Fv2%2Fcategories&post=288922"},{"taxonomy":"post_tag","embeddable":true,"href":"https:\/\/diariodominicano.com\/index.php?rest_route=%2Fwp%2Fv2%2Ftags&post=288922"}],"curies":[{"name":"wp","href":"https:\/\/api.w.org\/{rel}","templated":true}]}}