{"id":288896,"date":"2021-07-26T02:26:51","date_gmt":"2021-07-26T06:26:51","guid":{"rendered":"http:\/\/diariodominicano.com\/?p=288896"},"modified":"2021-07-26T02:53:39","modified_gmt":"2021-07-26T06:53:39","slug":"carlos-martinez-presenta-la-materia-se-transforma","status":"publish","type":"post","link":"https:\/\/diariodominicano.com\/?p=288896","title":{"rendered":"Carlos Martinez presenta \u201cLa materia se transforma\u201d"},"content":{"rendered":"\n<p>SANTO DOMINGO, Rep\u00fablica Dominicana.- Partiendo del mensaje de resiliencia y la propuesta de vestuario de la nueva pel\u00edcula de Disney \u201cCruella\u201d, nace de la mano del estilista y asesor de imagen dominicano Carlos Mart\u00ednez, el concepto \u201cLa materia se transforma\u201d.&nbsp;<\/p>\n\n\n\n<p>Esta composici\u00f3n est\u00e1 inspirada en la evoluci\u00f3n, superaci\u00f3n y la fortaleza que puede experimentar una persona cuando decide enfrentar las adversidades que se presentan en el transcurso de su vida. La pieza, compuesta por m\u00faltiples retazos de diferentes texturas, representa las oportunidades diarias que forman el car\u00e1cter de una persona.&nbsp;<\/p>\n\n\n\n<figure class=\"wp-block-image size-large is-style-default\"><img loading=\"lazy\" decoding=\"async\" width=\"1024\" height=\"526\" src=\"https:\/\/diariodominicano.com\/wp-content\/uploads\/2021\/07\/La-Pomposa-La-materia-se-transforma-1024x526.jpg\" alt=\"\" class=\"wp-image-288940\" srcset=\"https:\/\/diariodominicano.com\/wp-content\/uploads\/2021\/07\/La-Pomposa-La-materia-se-transforma-1024x526.jpg 1024w, https:\/\/diariodominicano.com\/wp-content\/uploads\/2021\/07\/La-Pomposa-La-materia-se-transforma-300x154.jpg 300w, https:\/\/diariodominicano.com\/wp-content\/uploads\/2021\/07\/La-Pomposa-La-materia-se-transforma-768x395.jpg 768w, https:\/\/diariodominicano.com\/wp-content\/uploads\/2021\/07\/La-Pomposa-La-materia-se-transforma-1536x789.jpg 1536w, https:\/\/diariodominicano.com\/wp-content\/uploads\/2021\/07\/La-Pomposa-La-materia-se-transforma-2048x1052.jpg 2048w, https:\/\/diariodominicano.com\/wp-content\/uploads\/2021\/07\/La-Pomposa-La-materia-se-transforma-816x419.jpg 816w\" sizes=\"auto, (max-width: 1024px) 100vw, 1024px\" \/><\/figure>\n\n\n\n<p>Este concepto ser\u00e1 personificado por la popular influencer Katherine P\u00e1ez, mejor conocida como \u201cLa Pomposa\u201d, quien, en palabras del artista, es la \u00fanica con la viveza y elegancia para caracterizar una producci\u00f3n de esa \u00edndole.<\/p>\n\n\n\n<p>Esta espectacular indumentaria, aparte de simbolizar la moda de la pel\u00edcula, hace una referencia figurada a la belleza que existe en las fusiones y c\u00f3mo se puede construir algo hermoso desde lo abstracto.<\/p>\n\n\n\n<p>\u201cLa Pomposa\u201d, que es la imagen de esta propuesta, es una celebridad cuya rebeld\u00eda y perseverancia la han hecho llegar a donde muchos denominaban imposible. Con su esfuerzo, ha logrado posicionarse en los medios digitales, utilizando un lenguaje coloquial y mostrando a su p\u00fablico que ellos tambi\u00e9n pueden aspirar a la grandeza.&nbsp;<\/p>\n\n\n\n<p>La Direcci\u00f3n de Fotograf\u00eda estuvo a cargo de Irmgard Karoline Becker y el estudio <em>Pine Box,<\/em> el maquillaje fue de la mano de la artista Yuberquis Hernandez Castillo<\/p>\n\n\n\n<p>y el centro Mich Makeup Artist.<\/p>\n\n\n\n<p>El audiovisual de la sesi\u00f3n de fotos estar\u00e1 disponible en el canal de youtube de Carlos Martinez, donde las personas podr\u00e1n conocer de cerca esta sesi\u00f3n y enterarse de todos los detalles del detr\u00e1s de c\u00e1mara.<\/p>\n\n\n\n<p>La producci\u00f3n fue dirigida por el comunicador Juan Esteban de la Rosa y el director de C\u00e1mara fue Jorge Messina.<\/p>\n\n\n\n<p>Carlos Mart\u00ednez se ha convertido en uno de los m\u00e1s solicitados en la industria del entretenimiento, encabezando aquellas im\u00e1genes que han marcado un antes y un despu\u00e9s para algunas de las nuevas estrellas de la m\u00fasica.<\/p>\n\n\n\n<p>Su trabajo se identifica en figuras de las diferentes \u00e1reas del espect\u00e1culo como la actriz y cantante Chelsy en su propuesta junto a Nino FreeStyle \u00abInfelices\u00bb.<\/p>\n\n\n\n<p>Asimismo, con la artista La Ross Maria, a quien le dise\u00f1\u00f3 una propuesta visual que fue seleccionada para el cover de \u00abAll new releases by latin artist\u00bb de Spotify.<\/p>\n\n\n\n<p>De las personalidades dominicanas con las que ha trabajado se encuentra la inigualable Francisca Lachapel, una meta que se hab\u00eda propuesto desde que la pudo ver en el escenario de Nuestra Belleza Latina, quedando impactado con la seguridad con la que se manejaba la modelo y presentadora.<\/p>\n\n\n\n<p>Tambi\u00e9n cre\u00f3 el reciente estilismo del reconocido jugador de grandes ligas Gregory Soto para la alfombra roja de la MLB All-Star Game, quien fue nominado como uno de los mejores vestidos de la noche y fue expuesto en las redes sociales por distintas instituciones deportivas como los Tigres de Detroit.<\/p>\n\n\n\n<p>Otras figuras nacionales e internacionales que se han puesto a las manos del reconocido estilista de moda son: Rashel D\u00edaz, Gaby espino, Laura bozo, Arc\u00e1ngel, Mariela Encarnaci\u00f3n, Ana Patricia G\u00e1mez, Killadamente, Daniel Sarcos; tambi\u00e9n Nashla Bogaert, Hony Estrella, Yokasta&nbsp; D\u00edaz, Miralba Ruiz, Pamela Sued, Nahiony Reyes, Karina Larrauri, Evelyn D\u00edaz, Sabrina G\u00f3mez, Georgina Duluc, Caroline Aquino, Sandra Berrocal, Yubelkis Peralta, La Insuperable, Tueska, Mark B y El mayor Cl\u00e1sico.<\/p>\n\n\n\n<p><strong>M\u00e1s sobre Carlos Mart\u00ednez<\/strong><\/p>\n\n\n\n<p>Carlos Mart\u00ednez De Jes\u00fas, conocido popularmente como Carlos Mart\u00ednez, es estilista e influencer en las redes sociales. Naci\u00f3 el 8 de junio del 1986 en Santo Domingo, Rep\u00fablica Dominicana, es hijo de do\u00f1a Rosa De Jes\u00fas y Don Te\u00f3filo Mart\u00ednez, el m\u00e1s peque\u00f1o de tres hermanos. A la edad de 7 a\u00f1os inici\u00f3 sus estudios b\u00e1sicos en la Escuela Primaria Var\u00edas Luces y los secundarios en el Colegio San Pedro.<\/p>\n\n\n\n<p>Siendo muy joven se desarrollo en la pr\u00e1ctica del basquetbol, a la edad de 15 a\u00f1os se incorpora a trabajar en el \u00e1rea de peluquer\u00eda, con sus ingresos se sustentaba y ayudaba a su familia. Ingres\u00f3 a la universidad, a cursar la carrera de Psicolog\u00eda Cl\u00ednica, la cual no concluy\u00f3 por carga laboral, a la edad de 28 a\u00f1os inicia a trabajar con Linda Garc\u00eda quien le da la oportunidad y a su vez le abri\u00f3 paso para trabajar en el medio art\u00edstico a nivel nacional, y m\u00e1s adelante empieza a llevar al p\u00fablico su trabajo a trav\u00e9s de las redes sociales, el cual de inmediato fue de gusto popular recibiendo la aceptaci\u00f3n y apoyo masivo.<\/p>\n","protected":false},"excerpt":{"rendered":"<p>SANTO DOMINGO, Rep\u00fablica Dominicana.- Partiendo del mensaje de resiliencia y la propuesta de vestuario de la nueva pel\u00edcula de Disney \u201cCruella\u201d, nace de la mano del estilista y asesor de imagen dominicano Carlos Mart\u00ednez, el concepto \u201cLa materia se transforma\u201d.&nbsp; Esta composici\u00f3n est\u00e1 inspirada en la evoluci\u00f3n, superaci\u00f3n y la fortaleza que puede experimentar una [&hellip;]<\/p>\n","protected":false},"author":7,"featured_media":288941,"comment_status":"closed","ping_status":"","sticky":true,"template":"","format":"standard","meta":{"footnotes":""},"categories":[25,27],"tags":[],"class_list":["post-288896","post","type-post","status-publish","format-standard","has-post-thumbnail","hentry","category-gente","category-portada"],"_links":{"self":[{"href":"https:\/\/diariodominicano.com\/index.php?rest_route=\/wp\/v2\/posts\/288896","targetHints":{"allow":["GET"]}}],"collection":[{"href":"https:\/\/diariodominicano.com\/index.php?rest_route=\/wp\/v2\/posts"}],"about":[{"href":"https:\/\/diariodominicano.com\/index.php?rest_route=\/wp\/v2\/types\/post"}],"author":[{"embeddable":true,"href":"https:\/\/diariodominicano.com\/index.php?rest_route=\/wp\/v2\/users\/7"}],"replies":[{"embeddable":true,"href":"https:\/\/diariodominicano.com\/index.php?rest_route=%2Fwp%2Fv2%2Fcomments&post=288896"}],"version-history":[{"count":2,"href":"https:\/\/diariodominicano.com\/index.php?rest_route=\/wp\/v2\/posts\/288896\/revisions"}],"predecessor-version":[{"id":288943,"href":"https:\/\/diariodominicano.com\/index.php?rest_route=\/wp\/v2\/posts\/288896\/revisions\/288943"}],"wp:featuredmedia":[{"embeddable":true,"href":"https:\/\/diariodominicano.com\/index.php?rest_route=\/wp\/v2\/media\/288941"}],"wp:attachment":[{"href":"https:\/\/diariodominicano.com\/index.php?rest_route=%2Fwp%2Fv2%2Fmedia&parent=288896"}],"wp:term":[{"taxonomy":"category","embeddable":true,"href":"https:\/\/diariodominicano.com\/index.php?rest_route=%2Fwp%2Fv2%2Fcategories&post=288896"},{"taxonomy":"post_tag","embeddable":true,"href":"https:\/\/diariodominicano.com\/index.php?rest_route=%2Fwp%2Fv2%2Ftags&post=288896"}],"curies":[{"name":"wp","href":"https:\/\/api.w.org\/{rel}","templated":true}]}}