{"id":288895,"date":"2021-07-25T21:46:27","date_gmt":"2021-07-26T01:46:27","guid":{"rendered":"http:\/\/diariodominicano.com\/?p=288895"},"modified":"2021-07-25T21:46:27","modified_gmt":"2021-07-26T01:46:27","slug":"presidente-abinader-y-directivos-del-invi-entregan-centro-de-diagnostico-y-atencion-primaria-en-santiago-para-puesta-en-funcionamiento","status":"publish","type":"post","link":"https:\/\/diariodominicano.com\/?p=288895","title":{"rendered":"Presidente Abinader y directivos del INVI entregan Centro de Diagn\u00f3stico y Atenci\u00f3n Primaria en Santiago para puesta en funcionamiento"},"content":{"rendered":"\n<p><strong><em>Con esta entrega, se contin\u00faa reafirmando el compromiso del gobierno dominicano por estructuras hospitalarias seguras y que garanticen la salud de los ciudadanos <\/em><\/strong><\/p>\n\n\n\n<p>Santiago de los Caballeros, RD.- En continuidad al compromiso del presidente de la Rep\u00fablica , Luis Abinader, de llevar salud a los dominicanos m\u00e1s necesitados, Directivos del INVI, entregaron este domingo el Centro de Diagn\u00f3stico y Atenci\u00f3n Primaria Los Salados en la provincia de Santiago de los Caballeros.<\/p>\n\n\n\n<p>El moderno centro asistencial construido en un \u00e1rea de 748 metros cuadrados contar\u00e1 con modernos espacios de espacios de rayos X, sonograf\u00eda, fisiatr\u00eda, toma de muestra, laboratorio, ginecolog\u00eda, medicina interna, pediatr\u00eda, odontolog\u00eda, entre otras facilidades, listas para su puesta en funcionamiento.<\/p>\n\n\n\n<p>El renovado espacio, fue recibido en un 60 por ciento de ejecuci\u00f3n en agosto de 2020 y luego de meses de arduo trabajo en coordinaci\u00f3n con el Ministerio de Salud, se entrega para su puesta en funcionamiento al Servicio Nacional de Salud (SNS).<\/p>\n\n\n\n<p>\u201cCon esta obra de salud hemos logrado un resultado hist\u00f3rico, trabajando en equipo con el Ministerio de Salud P\u00fablica para lograr un centro que cuenta con las acreditaciones y habilitaciones necesarias\u201d, expres\u00f3 el Ing.Claudio Espinal, Sub director del INVI.<\/p>\n\n\n\n<div class=\"wp-block-jetpack-slideshow aligncenter\" data-effect=\"slide\"><div class=\"wp-block-jetpack-slideshow_container swiper-container\"><ul class=\"wp-block-jetpack-slideshow_swiper-wrapper swiper-wrapper\"><li class=\"wp-block-jetpack-slideshow_slide swiper-slide\"><figure><img loading=\"lazy\" decoding=\"async\" width=\"1024\" height=\"683\" alt=\"\" class=\"wp-block-jetpack-slideshow_image wp-image-288909\" data-id=\"288909\" src=\"https:\/\/diariodominicano.com\/wp-content\/uploads\/2021\/07\/Presidente-Abinader-y-directivos-del-INVI-entregan-Centro-de-Diagnostico-y-Atencion-Primaria-en-Santiago-II.jpg\" srcset=\"https:\/\/diariodominicano.com\/wp-content\/uploads\/2021\/07\/Presidente-Abinader-y-directivos-del-INVI-entregan-Centro-de-Diagnostico-y-Atencion-Primaria-en-Santiago-II.jpg 1024w, https:\/\/diariodominicano.com\/wp-content\/uploads\/2021\/07\/Presidente-Abinader-y-directivos-del-INVI-entregan-Centro-de-Diagnostico-y-Atencion-Primaria-en-Santiago-II-300x200.jpg 300w, https:\/\/diariodominicano.com\/wp-content\/uploads\/2021\/07\/Presidente-Abinader-y-directivos-del-INVI-entregan-Centro-de-Diagnostico-y-Atencion-Primaria-en-Santiago-II-768x512.jpg 768w, https:\/\/diariodominicano.com\/wp-content\/uploads\/2021\/07\/Presidente-Abinader-y-directivos-del-INVI-entregan-Centro-de-Diagnostico-y-Atencion-Primaria-en-Santiago-II-816x544.jpg 816w\" sizes=\"auto, (max-width: 1024px) 100vw, 1024px\" \/><\/figure><\/li><\/ul><a class=\"wp-block-jetpack-slideshow_button-prev swiper-button-prev swiper-button-white\" role=\"button\"><\/a><a class=\"wp-block-jetpack-slideshow_button-next swiper-button-next swiper-button-white\" role=\"button\"><\/a><a aria-label=\"Pause Slideshow\" class=\"wp-block-jetpack-slideshow_button-pause\" role=\"button\"><\/a><div class=\"wp-block-jetpack-slideshow_pagination swiper-pagination swiper-pagination-white\"><\/div><\/div><\/div>\n\n\n\n<p>Igualmente, el sub director del INVI agreg\u00f3, que la habilitaci\u00f3n de los centros de salud es la clave para brindar un servicio digno a la poblaci\u00f3n, de la sostenibilidad econ\u00f3mica del Sistema Nacional de Salud y de la generaci\u00f3n de la confianza de la poblaci\u00f3n.<\/p>\n\n\n\n<p>Este centro de diagn\u00f3stico es una respuesta r\u00e1pida y eficaz del Gobierno dominicano ante la solicitud de culminaci\u00f3n de la estructura realizada por el comunitario Ram\u00f3n Morel en un encuentro con juntas de vecinos llevada a cabo el pasado mes de marzo de este a\u00f1o.<\/p>\n\n\n\n<p>En el acto de entrega acompa\u00f1aron al Presidente y Directivos de INVI, el presidente del Senado de la Rep\u00fablica, Eduardo Estrella, el ministro de Salud P\u00fablica, Daniel Rivera, el director del Servicio Nacional de Salud, Mario Lama y la gobernadora de la provincia Santiago, Rosa Santos <\/p>\n","protected":false},"excerpt":{"rendered":"<p>Con esta entrega, se contin\u00faa reafirmando el compromiso del gobierno dominicano por estructuras hospitalarias seguras y que garanticen la salud de los ciudadanos Santiago de los Caballeros, RD.- En continuidad al compromiso del presidente de la Rep\u00fablica , Luis Abinader, de llevar salud a los dominicanos m\u00e1s necesitados, Directivos del INVI, entregaron este domingo el [&hellip;]<\/p>\n","protected":false},"author":7,"featured_media":288908,"comment_status":"closed","ping_status":"","sticky":true,"template":"","format":"standard","meta":{"footnotes":""},"categories":[20,27],"tags":[],"class_list":["post-288895","post","type-post","status-publish","format-standard","has-post-thumbnail","hentry","category-dominicana-hoy","category-portada"],"_links":{"self":[{"href":"https:\/\/diariodominicano.com\/index.php?rest_route=\/wp\/v2\/posts\/288895","targetHints":{"allow":["GET"]}}],"collection":[{"href":"https:\/\/diariodominicano.com\/index.php?rest_route=\/wp\/v2\/posts"}],"about":[{"href":"https:\/\/diariodominicano.com\/index.php?rest_route=\/wp\/v2\/types\/post"}],"author":[{"embeddable":true,"href":"https:\/\/diariodominicano.com\/index.php?rest_route=\/wp\/v2\/users\/7"}],"replies":[{"embeddable":true,"href":"https:\/\/diariodominicano.com\/index.php?rest_route=%2Fwp%2Fv2%2Fcomments&post=288895"}],"version-history":[{"count":1,"href":"https:\/\/diariodominicano.com\/index.php?rest_route=\/wp\/v2\/posts\/288895\/revisions"}],"predecessor-version":[{"id":288913,"href":"https:\/\/diariodominicano.com\/index.php?rest_route=\/wp\/v2\/posts\/288895\/revisions\/288913"}],"wp:featuredmedia":[{"embeddable":true,"href":"https:\/\/diariodominicano.com\/index.php?rest_route=\/wp\/v2\/media\/288908"}],"wp:attachment":[{"href":"https:\/\/diariodominicano.com\/index.php?rest_route=%2Fwp%2Fv2%2Fmedia&parent=288895"}],"wp:term":[{"taxonomy":"category","embeddable":true,"href":"https:\/\/diariodominicano.com\/index.php?rest_route=%2Fwp%2Fv2%2Fcategories&post=288895"},{"taxonomy":"post_tag","embeddable":true,"href":"https:\/\/diariodominicano.com\/index.php?rest_route=%2Fwp%2Fv2%2Ftags&post=288895"}],"curies":[{"name":"wp","href":"https:\/\/api.w.org\/{rel}","templated":true}]}}