{"id":288869,"date":"2021-07-25T18:59:56","date_gmt":"2021-07-25T22:59:56","guid":{"rendered":"http:\/\/diariodominicano.com\/?p=288869"},"modified":"2021-07-25T19:00:31","modified_gmt":"2021-07-25T23:00:31","slug":"presidente-abinader-participa-en-primer-palazo-para-proyecto-inmobiliario-e-inauguracion-centro-de-diagnostico-en-santiago","status":"publish","type":"post","link":"https:\/\/diariodominicano.com\/?p=288869","title":{"rendered":"Presidente Abinader participa en primer palazo para proyecto inmobiliario e inauguraci\u00f3n Centro de Diagn\u00f3stico en Santiago"},"content":{"rendered":"\n<p>diariodominicano.com<\/p>\n\n\n\n<p>Santiago, 25 de julio, 2021.-   El presidente Luis Abinader particip\u00f3 este domingo en el primer palazo para la construcci\u00f3n del proyecto inmobiliario Paseo Gurabo Residences.<\/p>\n\n\n\n<p>Este crear\u00e1 800 empleos directos y aportar\u00e1 m\u00e1s de 2 mil residencias unifamiliares y apartamentos.<\/p>\n\n\n\n<p>El proyecto es una muestra del buen ritmo que lleva el desarrollo inmobiliario en todo el pa\u00eds, destac\u00f3 el mandatario, al indicar que \u201cen menos de un mes, de los 500 mil m2 de terreno, hay 80 mil m2 ya comprometidos en t\u00e9rminos de compra\u201d.<\/p>\n\n\n\n<p>Tambi\u00e9n, como parte del Plan de Reorganizaci\u00f3n de Santiago, se ampliar\u00e1 a cuatro carriles la calle de entrada a este proyecto y se adecuar\u00e1n otras v\u00edas para facilitar el tr\u00e1nsito de esta ciudad, revel\u00f3 el jefe de Estado.<\/p>\n\n\n\n<p>Por \u00faltimo, reiter\u00f3 el apoyo decidido del Gobierno hacia los proyectos de desarrollo, invitando a que \u201csigan invirtiendo en su pa\u00eds. No hay mejor lugar para invertir en toda la regi\u00f3n\u201d.<\/p>\n\n\n\n<p>Mientras, el gerente general de Teddy Constructora, Jos\u00e9 Antonio Cana\u00e1n, resalt\u00f3 que este proyecto tendr\u00e1 un gran impacto socioecon\u00f3mico en esta comunidad, aportando soluciones al d\u00e9ficit habitacional e invirtiendo una suma superior a los 220 millones de d\u00f3lares en seis a\u00f1os.&nbsp;<\/p>\n\n\n\n<p>Paseo Gurabo Residences es construido por Teddy Constructora en una alianza con la familia \u00c1lvarez Torres, propietaria de Desarrollo Inmobiliario Santiago (DEINSA).<\/p>\n\n\n\n<p>El fundador de la constructora, Teddy Cruz, dijo sentirse orgulloso de dar a conocer este desarrollo inmobiliario y hacerlo entre amigos y en presencia del presidente Abinader.<\/p>\n\n\n\n<p>En representaci\u00f3n de DEINSA, Jos\u00e9 de Jes\u00fas \u00c1lvarez destac\u00f3 que el gobierno ha creado el clima de inversi\u00f3n ideal para desarrolladores y clientes, con \u201cgarant\u00edas, transparencia y apoyo a la inversi\u00f3n privada, permitiendo el impulso para que nuestro pa\u00eds siga hacia un rumbo de desarrollo y prosperidad\u201d.<\/p>\n\n\n\n<p>Paseo Gurabo Residences incluir\u00e1 adem\u00e1s \u00e1rea comercial a desarrollarse junto a Miguel Barletta y Jos\u00e9 Miguel Gonz\u00e1lez, as\u00ed como un \u00e1rea institucional para actividades c\u00edvicas y culturales.<\/p>\n\n\n\n<p>Su dise\u00f1o, en un \u00e1rea de 500 mil m2, fue realizado para preservar el medioambiente y cuenta con dos accesos con caseta de control y seguridad, \u00e1reas verdes, de esparcimiento y deportes, ciclov\u00eda y multiuso.<\/p>\n\n\n\n<p>En el acto participaron la vicepresidenta Raquel Pe\u00f1a; el presidente del Senado, Eduardo Estrella; la gobernadora Rosa Santos; el ejecutivo de DEINSA, Carlos \u00c1lvarez; la gerente de ventas de Teddy Constructora, Felicidad Cruz, y el ministro eclesi\u00e1stico Yani D\u00edaz.<\/p>\n\n\n\n<p>Inauguraci\u00f3n Centro Diagn\u00f3stico Los Salados<\/p>\n\n\n\n<p>La comunidad de Los Salados tambi\u00e9n recibi\u00f3 al presidente Luis Abinader para el corte de cinta que dej\u00f3 inaugurado el Centro de Diagn\u00f3stico y Atenci\u00f3n Primaria.&nbsp;<\/p>\n\n\n\n<p>Este centro es producto del primer consejo comunitario realizado en Los Salados y beneficiar\u00e1 entre 30 y 40 sectores vulnerables, indic\u00f3 la gobernadora Rosa Santos.<\/p>\n\n\n\n<p>Santos pidi\u00f3 a los mun\u00edcipes que cuiden todo lo que estar\u00e1 dentro del centro \u201cya que se est\u00e1 trabajando con la salud, que es lo principal y que ha estado siempre en el coraz\u00f3n del presidente\u201d.&nbsp;<\/p>\n\n\n\n<p>De su lado, el subdirector del INVI, Claudio Espinal, dijo que \u201cla habilitaci\u00f3n de los centros de salud es la clave para brindar un servicio digno a la poblaci\u00f3n, de la sostenibilidad econ\u00f3mica del Sistema Nacional de Salud y de la generaci\u00f3n de la confianza de la poblaci\u00f3n\u201d.<\/p>\n\n\n\n<p>Este Centro de Diagn\u00f3stico cuenta con equipos de rayos X, sonograf\u00eda, fisiatr\u00eda, toma de muestra, laboratorio, ginecolog\u00eda, medicina interna, pediatr\u00eda, odontolog\u00eda, entre otras facilidades.<\/p>\n\n\n\n<p>En este segundo acto tambi\u00e9n estuvieron presente el ministro de Salud P\u00fablica, Daniel Rivera; el director del Servicio Nacional de Salud, Mario Lama; los directores de CORAASAN, Andr\u00e9s Burgos y ProIndustria, Ulises Rodr\u00edguez y el administrador de EDENORTE, Andr\u00e9s Cueto, entre otras personalidades.<\/p>\n\n\n\n<p>Fuente: Presidencia de la Rep\u00fablica Dominicana<\/p>\n\n\n\n<p>Direcci\u00f3n de prensa<\/p>\n","protected":false},"excerpt":{"rendered":"<p>diariodominicano.com Santiago, 25 de julio, 2021.- El presidente Luis Abinader particip\u00f3 este domingo en el primer palazo para la construcci\u00f3n del proyecto inmobiliario Paseo Gurabo Residences. Este crear\u00e1 800 empleos directos y aportar\u00e1 m\u00e1s de 2 mil residencias unifamiliares y apartamentos. El proyecto es una muestra del buen ritmo que lleva el desarrollo inmobiliario en [&hellip;]<\/p>\n","protected":false},"author":5,"featured_media":288870,"comment_status":"closed","ping_status":"","sticky":true,"template":"","format":"standard","meta":{"footnotes":""},"categories":[20,27],"tags":[],"class_list":["post-288869","post","type-post","status-publish","format-standard","has-post-thumbnail","hentry","category-dominicana-hoy","category-portada"],"_links":{"self":[{"href":"https:\/\/diariodominicano.com\/index.php?rest_route=\/wp\/v2\/posts\/288869","targetHints":{"allow":["GET"]}}],"collection":[{"href":"https:\/\/diariodominicano.com\/index.php?rest_route=\/wp\/v2\/posts"}],"about":[{"href":"https:\/\/diariodominicano.com\/index.php?rest_route=\/wp\/v2\/types\/post"}],"author":[{"embeddable":true,"href":"https:\/\/diariodominicano.com\/index.php?rest_route=\/wp\/v2\/users\/5"}],"replies":[{"embeddable":true,"href":"https:\/\/diariodominicano.com\/index.php?rest_route=%2Fwp%2Fv2%2Fcomments&post=288869"}],"version-history":[{"count":3,"href":"https:\/\/diariodominicano.com\/index.php?rest_route=\/wp\/v2\/posts\/288869\/revisions"}],"predecessor-version":[{"id":288873,"href":"https:\/\/diariodominicano.com\/index.php?rest_route=\/wp\/v2\/posts\/288869\/revisions\/288873"}],"wp:featuredmedia":[{"embeddable":true,"href":"https:\/\/diariodominicano.com\/index.php?rest_route=\/wp\/v2\/media\/288870"}],"wp:attachment":[{"href":"https:\/\/diariodominicano.com\/index.php?rest_route=%2Fwp%2Fv2%2Fmedia&parent=288869"}],"wp:term":[{"taxonomy":"category","embeddable":true,"href":"https:\/\/diariodominicano.com\/index.php?rest_route=%2Fwp%2Fv2%2Fcategories&post=288869"},{"taxonomy":"post_tag","embeddable":true,"href":"https:\/\/diariodominicano.com\/index.php?rest_route=%2Fwp%2Fv2%2Ftags&post=288869"}],"curies":[{"name":"wp","href":"https:\/\/api.w.org\/{rel}","templated":true}]}}