{"id":288853,"date":"2021-07-25T18:30:30","date_gmt":"2021-07-25T22:30:30","guid":{"rendered":"http:\/\/diariodominicano.com\/?p=288853"},"modified":"2021-07-25T18:36:20","modified_gmt":"2021-07-25T22:36:20","slug":"ecored-y-medio-ambiente-fortalecen-cooperacion-para-conservar-los-recursos-naturales","status":"publish","type":"post","link":"https:\/\/diariodominicano.com\/?p=288853","title":{"rendered":"ECORED y Medio Ambiente fortalecen cooperaci\u00f3n para conservar los recursos naturales"},"content":{"rendered":"\n<p>diariodominicano.com<\/p>\n\n\n\n<p><em><strong>Ambas instituciones renovaron un acuerdo de cooperaci\u00f3n<br>institucional y realizan un conversatorio sobre nuevas l\u00edneas<br>estrat\u00e9gicas.<\/strong><\/em><\/p>\n\n\n\n<p>Santo Domingo, R. D.,  25 de julio, 2021.- La Red Nacional de Apoyo Empresarial a la Protecci\u00f3n Ambiental (ECORED) realiz\u00f3 un conversatorio con el ministro de Medio Ambiente y Recursos Naturales, Orlando Jorge Mera, en el marco del cual firmaron la renovaci\u00f3n del acuerdo de cooperaci\u00f3n Institucional en pro de la conservaci\u00f3n de los recursos naturales, del desarrollo sostenible y la coordinaci\u00f3n de pol\u00edticas que mejoren la gesti\u00f3n ambiental en el sector empresarial.<\/p>\n\n\n\n<p>El convenio, firmado por la presidenta de ECORED, Mariel Bera y el ministro Jorge Mera, establece, adem\u00e1s, desarrollar iniciativas, incentivar y promulgar el v\u00ednculo empresa y medio ambiente para el desarrollo de programas de conservaci\u00f3n de \u00e1reas protegidas, de educaci\u00f3n ambiental a la poblaci\u00f3n, de implementaci\u00f3n de pol\u00edticas de producci\u00f3n m\u00e1s limpia, entre otros.<\/p>\n\n\n\n<p>La presidente de ECORED, Mariel Bera, destac\u00f3 que \u201chist\u00f3ricamente hemos promovido el cumplimiento de la ley y hemos apoyado al Ministerio en la implementaci\u00f3n de cambios, como en su momento fue la ventanilla \u00fanica y en el a\u00f1o 2018 la puesta en funcionamiento de la plataforma en l\u00ednea para los informes de cumplimiento Ambiental (ICA\u00b4s)\u201d.<\/p>\n\n\n\n<p>De su lado, el ministro Jorge Mera precis\u00f3 que \u201cesperamos que este conversatorio nos abra la puerta a un plan de trabajo, con iniciativas, de cooperaci\u00f3n entre el Ministerio, ECORED y sus miembros, porque tenemos mucho trabajo por delante y un rol que cumplir, para esto es esencial el di\u00e1logo y la colaboraci\u00f3n, justo lo que queremos construir hoy junto al ministro y su equipo que nos acompa\u00f1a en este encuentro\u201d.<\/p>\n\n\n\n<p>Adem\u00e1s, la presidenta de ECORED se\u00f1al\u00f3 que esta iniciativa que \u201cresulta de mucho valor tanto para el Ministerio como \u00f3rgano rector y fiscalizador, como para las empresas, facilit\u00f3 los procesos, ahorro de tiempo y de recursos\u201d.<\/p>\n\n\n\n<p>Bera manifest\u00f3 \u201cque durante los \u00faltimos 11 a\u00f1os y gracias a ese acuerdo, Ecored ha sido el interlocutor del sector privado organizado con el Ministerio, apoyando sus consultas y proyectos en temas de gesti\u00f3n ambiental, biodiversidad, cambio clim\u00e1tico y residuos s\u00f3lidos\u201d.<\/p>\n\n\n\n<p>Por \u00faltimo, indic\u00f3 que \u201cpara ECORED las alianzas p\u00fablico-privadas son el \u00fanico camino para alcanzar el desarrollo sostenible, y entendemos como un valor institucional, apoyar al Estado para que las transformaciones que promovemos sean sostenibles en el tiempo\u201d.<\/p>\n\n\n\n<div class=\"wp-block-image\"><figure class=\"alignleft size-large is-resized\"><img decoding=\"async\" src=\"https:\/\/diariodominicano.com\/wp-content\/uploads\/2021\/07\/Encored-conferencia-asistentes25-7-21-1-1024x683.jpg\" alt=\"\" class=\"wp-image-288860\" width=\"-184\" height=\"-122\" srcset=\"https:\/\/diariodominicano.com\/wp-content\/uploads\/2021\/07\/Encored-conferencia-asistentes25-7-21-1-1024x683.jpg 1024w, https:\/\/diariodominicano.com\/wp-content\/uploads\/2021\/07\/Encored-conferencia-asistentes25-7-21-1-300x200.jpg 300w, https:\/\/diariodominicano.com\/wp-content\/uploads\/2021\/07\/Encored-conferencia-asistentes25-7-21-1-768x512.jpg 768w, https:\/\/diariodominicano.com\/wp-content\/uploads\/2021\/07\/Encored-conferencia-asistentes25-7-21-1-1536x1024.jpg 1536w, https:\/\/diariodominicano.com\/wp-content\/uploads\/2021\/07\/Encored-conferencia-asistentes25-7-21-1-2048x1365.jpg 2048w, https:\/\/diariodominicano.com\/wp-content\/uploads\/2021\/07\/Encored-conferencia-asistentes25-7-21-1-816x544.jpg 816w\" sizes=\"(max-width: 1024px) 100vw, 1024px\" \/><figcaption>Vista parcial de los asistentes<\/figcaption><\/figure><\/div>\n\n\n\n<p><strong>Necesidad de transformaci\u00f3n post COVID-19<\/strong><\/p>\n\n\n\n<p>Durante el conversatorio, el ministro Jorge Mera expres\u00f3 que \u201cla llegada de la COVID-19 es la crisis sanitaria global que define estos tiempos y el mayor desaf\u00edo es la necesidad de transformar nuestro modelo de producci\u00f3n por uno que incorpore aspectos de sostenibilidad, resiliencia e inclusi\u00f3n y, por otro lado, la fragilidad de la sociedad ante amenazas de car\u00e1cter mundial, que lleva tiempo advirtiendo de riesgos como el que supone el cambio clim\u00e1tico\u201d.<\/p>\n\n\n\n<p>Agreg\u00f3 que esta pandemia expone el valor de la Agenda 2030, pues muchas de las metas contempladas en los Objetivos de Desarrollos Sostenibles (ODS) hubiesen ayudado a mitigar y, a largo plazo, minimizar los riesgos asociados, convirti\u00e9ndose en una poderosa raz\u00f3n para profundizar en el logro de estos objetivos, y no lo contrario.<\/p>\n\n\n\n<p>Se\u00f1al\u00f3 que \u201centendemos que las alianzas p\u00fablico-privadas son el camino para alcanzar el desarrollo sostenible, porque es un valor institucional apoyar al Estado para que las transformaciones que promovemos sean sostenibles en el tiempo\u201d.<\/p>\n\n\n\n<p><\/p>\n\n\n\n<figure class=\"wp-block-table\"><table><tbody><tr><td>  Fuente:   <strong>Enver L\u00f3pez Milander<\/strong><\/td><\/tr><\/tbody><\/table><\/figure>\n\n\n\n<p><\/p>\n","protected":false},"excerpt":{"rendered":"<p>diariodominicano.com Ambas instituciones renovaron un acuerdo de cooperaci\u00f3ninstitucional y realizan un conversatorio sobre nuevas l\u00edneasestrat\u00e9gicas. Santo Domingo, R. D., 25 de julio, 2021.- La Red Nacional de Apoyo Empresarial a la Protecci\u00f3n Ambiental (ECORED) realiz\u00f3 un conversatorio con el ministro de Medio Ambiente y Recursos Naturales, Orlando Jorge Mera, en el marco del cual firmaron [&hellip;]<\/p>\n","protected":false},"author":5,"featured_media":288858,"comment_status":"closed","ping_status":"","sticky":true,"template":"","format":"standard","meta":{"footnotes":""},"categories":[20,27],"tags":[],"class_list":["post-288853","post","type-post","status-publish","format-standard","has-post-thumbnail","hentry","category-dominicana-hoy","category-portada"],"_links":{"self":[{"href":"https:\/\/diariodominicano.com\/index.php?rest_route=\/wp\/v2\/posts\/288853","targetHints":{"allow":["GET"]}}],"collection":[{"href":"https:\/\/diariodominicano.com\/index.php?rest_route=\/wp\/v2\/posts"}],"about":[{"href":"https:\/\/diariodominicano.com\/index.php?rest_route=\/wp\/v2\/types\/post"}],"author":[{"embeddable":true,"href":"https:\/\/diariodominicano.com\/index.php?rest_route=\/wp\/v2\/users\/5"}],"replies":[{"embeddable":true,"href":"https:\/\/diariodominicano.com\/index.php?rest_route=%2Fwp%2Fv2%2Fcomments&post=288853"}],"version-history":[{"count":3,"href":"https:\/\/diariodominicano.com\/index.php?rest_route=\/wp\/v2\/posts\/288853\/revisions"}],"predecessor-version":[{"id":288861,"href":"https:\/\/diariodominicano.com\/index.php?rest_route=\/wp\/v2\/posts\/288853\/revisions\/288861"}],"wp:featuredmedia":[{"embeddable":true,"href":"https:\/\/diariodominicano.com\/index.php?rest_route=\/wp\/v2\/media\/288858"}],"wp:attachment":[{"href":"https:\/\/diariodominicano.com\/index.php?rest_route=%2Fwp%2Fv2%2Fmedia&parent=288853"}],"wp:term":[{"taxonomy":"category","embeddable":true,"href":"https:\/\/diariodominicano.com\/index.php?rest_route=%2Fwp%2Fv2%2Fcategories&post=288853"},{"taxonomy":"post_tag","embeddable":true,"href":"https:\/\/diariodominicano.com\/index.php?rest_route=%2Fwp%2Fv2%2Ftags&post=288853"}],"curies":[{"name":"wp","href":"https:\/\/api.w.org\/{rel}","templated":true}]}}