{"id":288845,"date":"2021-07-25T17:52:40","date_gmt":"2021-07-25T21:52:40","guid":{"rendered":"http:\/\/diariodominicano.com\/?p=288845"},"modified":"2021-07-25T17:55:04","modified_gmt":"2021-07-25T21:55:04","slug":"eu-fabrica-de-mercenarios-por-decadas","status":"publish","type":"post","link":"https:\/\/diariodominicano.com\/?p=288845","title":{"rendered":"EU: F\u00e1brica de mercenarios por d\u00e9cadas"},"content":{"rendered":"\n<p>diariodominicano.com<\/p>\n\n\n\n<p><strong>Por Narciso Isa Conde<\/strong><\/p>\n\n\n\n<p>Santo Domingo, R. D., 25 de julio, 2021.-  <strong>No es v\u00e1lido encubrir: el empleo de mercenarios por EEUU data de los ataques de la CONTRA a Nicaragua &nbsp;y el esc\u00e1ndalo IR\u00c1N-CONTRA, pas\u00f3 cruelmente por Kosovo, Afganist\u00e1n, Irak, Libia, Pakist\u00e1n, Yemen, Colombia y Honduras; y &nbsp;recientemente Arabia Saudita contrat\u00f3 1,500 mercenarios colombianos y mand\u00f3 500 a Yemen.<\/strong><\/p>\n\n\n\n<p><strong>Esa&nbsp; vieja determinaci\u00f3n responde a lo que Jorge Beinstein defini\u00f3 como el prop\u00f3sito de EEUU de&nbsp;<\/strong><strong>\u201ctransformar el dispositivo militar del Imperio convirtiendo su maquinaria de guerra tradicional en un sistema flexible, a medio camino entre las estructuras formales regidas por la disciplina militar convencional y las informales, agrupando una mara\u00f1a de n\u00facleos operativos oficiales y bandas de mercenarios\u201d&nbsp;<\/strong><strong>(COMUNISMO O NADA, Mutaci\u00f3n del Sistema de Intervenci\u00f3n Militar de los Estados Unidos, p\u00e1g. 48.- Editorial Trincheras, Caracas 2014).<\/strong><\/p>\n\n\n\n<figure class=\"wp-block-image size-large\"><img loading=\"lazy\" decoding=\"async\" width=\"593\" height=\"335\" src=\"https:\/\/diariodominicano.com\/wp-content\/uploads\/2021\/07\/Mercenarios-EU25-7-212-1.png\" alt=\"\" class=\"wp-image-288848\" srcset=\"https:\/\/diariodominicano.com\/wp-content\/uploads\/2021\/07\/Mercenarios-EU25-7-212-1.png 593w, https:\/\/diariodominicano.com\/wp-content\/uploads\/2021\/07\/Mercenarios-EU25-7-212-1-300x169.png 300w\" sizes=\"auto, (max-width: 593px) 100vw, 593px\" \/><\/figure>\n\n\n\n<p><strong>La nueva doctrina militar de EEUU, redactada por William Lind y otros dos colegas del Pent\u00e1gono, borra la frontera entre lo civil y militar, y entre la pol\u00edtica y la guerra; y define \u00e9sta como \u201cno centralizada\u201d, insistiendo en el uso de fuerzas \u201cno estatales\u201d, es decir \u201cparamilitares\u201d, lo que implica privatizar parte de la fuerzas operativas. De ah\u00ed empresas contratistas, &nbsp;mercenarios contratados y Estados exportadores &nbsp;de mercenarios.<\/strong><\/p>\n\n\n\n<p><strong>Hace a\u00f1os mercenarios colombianos &nbsp;han estado operando en Hait\u00ed junto a la C\u00cdA, Cacos Azules-ONU, Polic\u00eda y pandillas; una parte al servicio de sus gobiernos t\u00edteres &nbsp;y de empresarios asociados a EEUU.<\/strong><\/p>\n\n\n\n<p><strong>En ese contexto isle\u00f1o, bajo el mando de EEUU, &nbsp;no &nbsp;sorprende que los jefes de la DNI, J2,&nbsp; PN, DNCD y del Gobierno &#8211; &nbsp;asesorados y controlados &nbsp;por CIA, DEA, MOSSAD y FBI y Departamento de Estado- se hagan&nbsp; los locos y no digan nada de las visitas y pasos por aqu\u00ed de militares y agentes haitianos, mercenarios colombianos y estadounidenses. HAIT\u00cd, COLOMBIA Y EEUU \u201cinvestigan\u201d para encubrir. Aqu\u00ed sencillamente aceptan&nbsp; \u00f3rdenes de fuera.<\/strong><\/p>\n\n\n\n<p><strong>Llama la atenci\u00f3n que justamente cuando mataban a Jovenel en Hait\u00ed, el buque de combate USS Billings lleg\u00f3 al Puerto de Santo Domingo con el Jefe Comando Sur y el Jefe de IV Flota.&nbsp;<\/strong><strong>La Embajada de los Estados Unidos &nbsp;hizo el anuncio.<\/strong><\/p>\n\n\n\n<p><strong>&nbsp;Vale entonces refrescar aquel MEMORANDO &nbsp;-aprobado por el presidente Balaguer horas antes de la intervenci\u00f3n militar estadounidense de 1994- que autorizaba al PENT\u00c1GONO a usar puertos, aeropuertos &nbsp;y carreteras dominicanas para enviar tropas a Hait\u00ed. Ese Memorando sigue vigente<\/strong><\/p>\n\n\n\n<p><strong>BIDEN Y DUQUE est\u00e1n metidos hasta el tu\u00e9tano en el caos haitiano. BIDEN apoy\u00f3 a Jovenel, luego a Claude Josep y ahora a Ariel Henry, tanteando nuevas formas de intervenci\u00f3n c\u00edvico-militar a nombre de una \u00abComunidad Internacional\u00bb que EEUU todav\u00eda dirige. <\/strong><\/p>\n\n\n\n<p><strong>(25-07-2021, Santo Domingo, RD)<\/strong><\/p>\n","protected":false},"excerpt":{"rendered":"<p>diariodominicano.com Por Narciso Isa Conde Santo Domingo, R. D., 25 de julio, 2021.- No es v\u00e1lido encubrir: el empleo de mercenarios por EEUU data de los ataques de la CONTRA a Nicaragua &nbsp;y el esc\u00e1ndalo IR\u00c1N-CONTRA, pas\u00f3 cruelmente por Kosovo, Afganist\u00e1n, Irak, Libia, Pakist\u00e1n, Yemen, Colombia y Honduras; y &nbsp;recientemente Arabia Saudita contrat\u00f3 1,500 mercenarios [&hellip;]<\/p>\n","protected":false},"author":5,"featured_media":0,"comment_status":"closed","ping_status":"","sticky":true,"template":"","format":"standard","meta":{"footnotes":""},"categories":[19,27],"tags":[],"class_list":["post-288845","post","type-post","status-publish","format-standard","hentry","category-mi-voz","category-portada"],"_links":{"self":[{"href":"https:\/\/diariodominicano.com\/index.php?rest_route=\/wp\/v2\/posts\/288845","targetHints":{"allow":["GET"]}}],"collection":[{"href":"https:\/\/diariodominicano.com\/index.php?rest_route=\/wp\/v2\/posts"}],"about":[{"href":"https:\/\/diariodominicano.com\/index.php?rest_route=\/wp\/v2\/types\/post"}],"author":[{"embeddable":true,"href":"https:\/\/diariodominicano.com\/index.php?rest_route=\/wp\/v2\/users\/5"}],"replies":[{"embeddable":true,"href":"https:\/\/diariodominicano.com\/index.php?rest_route=%2Fwp%2Fv2%2Fcomments&post=288845"}],"version-history":[{"count":2,"href":"https:\/\/diariodominicano.com\/index.php?rest_route=\/wp\/v2\/posts\/288845\/revisions"}],"predecessor-version":[{"id":288849,"href":"https:\/\/diariodominicano.com\/index.php?rest_route=\/wp\/v2\/posts\/288845\/revisions\/288849"}],"wp:attachment":[{"href":"https:\/\/diariodominicano.com\/index.php?rest_route=%2Fwp%2Fv2%2Fmedia&parent=288845"}],"wp:term":[{"taxonomy":"category","embeddable":true,"href":"https:\/\/diariodominicano.com\/index.php?rest_route=%2Fwp%2Fv2%2Fcategories&post=288845"},{"taxonomy":"post_tag","embeddable":true,"href":"https:\/\/diariodominicano.com\/index.php?rest_route=%2Fwp%2Fv2%2Ftags&post=288845"}],"curies":[{"name":"wp","href":"https:\/\/api.w.org\/{rel}","templated":true}]}}