{"id":288827,"date":"2021-07-25T16:23:48","date_gmt":"2021-07-25T20:23:48","guid":{"rendered":"http:\/\/diariodominicano.com\/?p=288827"},"modified":"2021-07-25T16:23:48","modified_gmt":"2021-07-25T20:23:48","slug":"al-debe-acelerar-vacunacion-ante-avance-de-variantes-de-covid-19-insta-experto","status":"publish","type":"post","link":"https:\/\/diariodominicano.com\/?p=288827","title":{"rendered":"AL debe acelerar vacunaci\u00f3n ante avance de variantes de COVID-19, insta experto"},"content":{"rendered":"\n<p>diariodominicano.com<a rel=\"noreferrer noopener\" href=\"http:\/\/home.xinhua-news.com\/gdsdetailxhs\/share\/9717083-?pageflag=iframe\" target=\"_blank\"><\/a><\/p>\n\n\n\n<pre id=\"text-news-description\" class=\"wp-block-preformatted\">   Por Edna Alc\u00e1ntara y Zhu Yubo\n   MEXICO, 25 jul (Xinhua) -- La aparici\u00f3n y propagaci\u00f3n de variantes del nuevo coronavirus COVID-19 pone en \"emergencia sanitaria\" a Am\u00e9rica Latina, y se debe acelerar el proceso de vacunaci\u00f3n completa en toda la poblaci\u00f3n, expuso en entrevista virtual con Xinhua el alerg\u00f3logo e infect\u00f3logo mexicano Gerardo L\u00f3pez P\u00e9rez.\n   L\u00f3pez P\u00e9rez es una de las voces expertas que consideran la ralentizaci\u00f3n de la vacunaci\u00f3n como una de las principales causas de la amenaza de variantes.\n   \"Esta lentitud que se hizo o ralentizaci\u00f3n de aplicaci\u00f3n de vacuna que se lleva a cabo en M\u00e9xico y Am\u00e9rica Latina ha generado esta condici\u00f3n de aparici\u00f3n de nuevas variantes, y obviamente estos virus c\u00f3mo cualquier elemento que nos invade forma una considerada resistencia a la respuesta inmunol\u00f3gica de virus\".\n   Hasta ahora, 47 pa\u00edses y territorios de las Am\u00e9ricas han detectado al menos una variante de preocupaci\u00f3n y 11 han detectado las cuatro: Alfa, Beta, Gamma y Delta, de acuerdo con la Organizaci\u00f3n Panamericana de la Salud\/ Organizaci\u00f3n Mundial de la Salud (OPS\/OMS), a trav\u00e9s de la Red Regional de Vigilancia Gen\u00f3mica de COVID-19.\n   El especialista mexicano explic\u00f3 que si bien hay un debate sobre si las vacunas existentes pueden hacer frente a las variantes v\u00edricas, dijo que es \"muy valiosa\" su aportaci\u00f3n,  pues brindan cierta protecci\u00f3n, puesto que \"las personas a quienes se administran muestran una respuesta inmunitaria contra diversos anticuerpos y c\u00e9lulas\".\n   En este debate se ha centrado principalmente la variante Delta del SARS-CoV-2, que ya se hace presente en casi 100 pa\u00edses, produciendo nuevos rebrotes y, en algunos casos, nuevos cierres econ\u00f3micos.\n   Uno de los factores que tambi\u00e9n le preocupan a L\u00f3pez P\u00e9rez es que los j\u00f3venes se est\u00e1n convirtiendo en el grupo vulnerable al no contar con sus vacunas, as\u00ed como tambi\u00e9n el acceso \"desigual a las vacunas (que) est\u00e1 creando una brecha epidemiol\u00f3gica\".\n   A nivel mundial, de acuerdo con la OMS, el 26,8 por ciento de la poblaci\u00f3n ha recibido al menos una dosis de la vacuna COVID-19 y el 13,4 por ciento est\u00e1 completamente vacunado. Se han administrado 3.760 millones de dosis en todo el mundo, y ahora se administran 29,8 millones cada d\u00eda, en tanto que en pa\u00edses de bajos ingresos s\u00f3lo el 1,1 por ciento de las personas ha recibido al menos una dosis.\n   En tanto, en la regi\u00f3n latinoamericana, y con base en el portal Our World in Data, s\u00f3lo en Chile y Uruguay han vacunado a m\u00e1s de la mitad de su poblaci\u00f3n, mientras que en Argentina, Brasil, Colombia y M\u00e9xico han vacunado a poco m\u00e1s de un cuarto de la poblaci\u00f3n.\n   Al respecto, el experto sostuvo que aunque M\u00e9xico ten\u00eda proyectado pr\u00e1cticamente concluir su inmunizaci\u00f3n arriba del 75 por ciento, en estas fechas a\u00fan \"vemos apenas llevamos un porcentaje limitado\".\n   L\u00f3pez P\u00e9rez, quien adem\u00e1s es especialista en pediatr\u00eda, manifest\u00f3 su preocupaci\u00f3n en la relajaci\u00f3n de medidas y la permisividad de las autoridades mexicanas y en algunos pa\u00edses de la regi\u00f3n, por lo que consider\u00f3 que de ahora en adelante \"debemos ser firmes en la educaci\u00f3n a la salud y la protecci\u00f3n espec\u00edfica, que son medidas primarias para evitar cualquier tipo de enfermedades virales\".\n   \"No tiene que haber concesi\u00f3n de la gente que se descubre\", opin\u00f3, al sostener que la nueva realidad es salir a la calle protegido y cubierto de la cara con caretas, cubrebocas, como si fuera una temporada de lluvia en la que no sale uno sin paraguas y gabardina.\n   Adem\u00e1s, inst\u00f3 a no confiarse totalmente en las vacunas para evitar cualquier contagio o propagaci\u00f3n, de la misma forma valor\u00f3 el esfuerzo que se hace en el desarrollo de los biol\u00f3gicos, pues dijo que ofrecen \"una esperanza\" de vida.\n   \"Creo que es un punto sustancial, y quiero se\u00f1alar que todos los pa\u00edses y sus industrias que han logrado culminar con la producci\u00f3n de una o varias vacunas, como sucede en China, pues es loable; son h\u00e9roes para todos nosotros y deben ser h\u00e9roes. Los cient\u00edficos no tienen nacionalidad y creo que deben ser aplaudidos todos\", puntualiz\u00f3.\n   Durante la entrevista, L\u00f3pez P\u00e9rez rechaz\u00f3 cualquier tipo de manipulaci\u00f3n pol\u00edtica en el rastreo del origen del coronavirus, y calific\u00f3 de \"verdaderamente ocioso\" intentar echar la culpa a alguien por el virus. \"Ahorita lo que se busca son soluciones no culpables\", finaliz\u00f3.\n   La OMS recomend\u00f3 a los pa\u00edses aumentar el acceso a pruebas gratuitas, ampliar la secuenciaci\u00f3n, incentivar la cuarentena de contactos y el aislamiento de casos confirmados, reforzar el rastreo de contactos para romper cadenas de transmisi\u00f3n y garantizar que \"quienes corren un mayor riesgo entre nuestras poblaciones sean vacunados\".\n   Las cuatro variantes de preocupaci\u00f3n (VOC, por sus siglas en ingl\u00e9s) pasaron a llamarse Alfa, Beta, Gamma y Delta, mientras que las variantes de inter\u00e9s (VOI, por sus siglas en ingl\u00e9s) se denominaron Epsilon, Zeta, Eta, Theta, Iota, Kappa y Lambda.<\/pre>\n","protected":false},"excerpt":{"rendered":"<p>diariodominicano.com Por Edna Alc\u00e1ntara y Zhu Yubo MEXICO, 25 jul (Xinhua) &#8212; La aparici\u00f3n y propagaci\u00f3n de variantes del nuevo coronavirus COVID-19 pone en \u00abemergencia sanitaria\u00bb a Am\u00e9rica Latina, y se debe acelerar el proceso de vacunaci\u00f3n completa en toda la poblaci\u00f3n, expuso en entrevista virtual con Xinhua el alerg\u00f3logo e infect\u00f3logo mexicano Gerardo L\u00f3pez [&hellip;]<\/p>\n","protected":false},"author":5,"featured_media":288830,"comment_status":"closed","ping_status":"","sticky":true,"template":"","format":"standard","meta":{"footnotes":""},"categories":[23,27],"tags":[],"class_list":["post-288827","post","type-post","status-publish","format-standard","has-post-thumbnail","hentry","category-internacional","category-portada"],"_links":{"self":[{"href":"https:\/\/diariodominicano.com\/index.php?rest_route=\/wp\/v2\/posts\/288827","targetHints":{"allow":["GET"]}}],"collection":[{"href":"https:\/\/diariodominicano.com\/index.php?rest_route=\/wp\/v2\/posts"}],"about":[{"href":"https:\/\/diariodominicano.com\/index.php?rest_route=\/wp\/v2\/types\/post"}],"author":[{"embeddable":true,"href":"https:\/\/diariodominicano.com\/index.php?rest_route=\/wp\/v2\/users\/5"}],"replies":[{"embeddable":true,"href":"https:\/\/diariodominicano.com\/index.php?rest_route=%2Fwp%2Fv2%2Fcomments&post=288827"}],"version-history":[{"count":1,"href":"https:\/\/diariodominicano.com\/index.php?rest_route=\/wp\/v2\/posts\/288827\/revisions"}],"predecessor-version":[{"id":288831,"href":"https:\/\/diariodominicano.com\/index.php?rest_route=\/wp\/v2\/posts\/288827\/revisions\/288831"}],"wp:featuredmedia":[{"embeddable":true,"href":"https:\/\/diariodominicano.com\/index.php?rest_route=\/wp\/v2\/media\/288830"}],"wp:attachment":[{"href":"https:\/\/diariodominicano.com\/index.php?rest_route=%2Fwp%2Fv2%2Fmedia&parent=288827"}],"wp:term":[{"taxonomy":"category","embeddable":true,"href":"https:\/\/diariodominicano.com\/index.php?rest_route=%2Fwp%2Fv2%2Fcategories&post=288827"},{"taxonomy":"post_tag","embeddable":true,"href":"https:\/\/diariodominicano.com\/index.php?rest_route=%2Fwp%2Fv2%2Ftags&post=288827"}],"curies":[{"name":"wp","href":"https:\/\/api.w.org\/{rel}","templated":true}]}}