{"id":288824,"date":"2021-07-25T16:09:44","date_gmt":"2021-07-25T20:09:44","guid":{"rendered":"http:\/\/diariodominicano.com\/?p=288824"},"modified":"2021-07-25T16:09:44","modified_gmt":"2021-07-25T20:09:44","slug":"presidente-abinader-encabeza-acto-iluminacion-la-canela-y-nuevo-acueducto-en-cienfuegos","status":"publish","type":"post","link":"https:\/\/diariodominicano.com\/?p=288824","title":{"rendered":"Presidente Abinader encabeza acto iluminaci\u00f3n La Canela y nuevo acueducto en Cienfuegos"},"content":{"rendered":"\n<p>diariodominicano.com<\/p>\n\n\n\n<p>La Canela, Santiago, 25 de julio, 2021.- \u00a0La electrificaci\u00f3n de la regi\u00f3n norte contin\u00faa y cada vez son m\u00e1s los usuarios que cuentan con servicio energ\u00e9tico 24 horas, superando a la fecha, el mill\u00f3n de hogares.<\/p>\n\n\n\n<p>Esta cifra fue revelada por el director de Edenorte, Andr\u00e9s Cueto, en el acto de entrega de redes rehabilitadas e iluminaci\u00f3n de \u00e1reas deportivas del distrito municipal La Canela, encabezado por el presidente Luis Abinader.<\/p>\n\n\n\n<p>El funcionario afirm\u00f3 que no se puede concebir el desarrollo humano sin electricidad.<\/p>\n\n\n\n<p>\u201cSe acabaron los privilegios de que solo el 60% de nuestros usuarios, equivalentes a 735,621, reciban 24 horas. Hoy, 1,161,261 familias reciben energ\u00eda en este circuito\u201d, revel\u00f3 Cueto.<\/p>\n\n\n\n<p>Para la electrificaci\u00f3n de La Canela se colocaron 750 postes de luz, 893 luminarias, 53 transformadores y un circuito listo para el futuro, ejecutado con una inversi\u00f3n superior a los 100 millones de pesos.&nbsp;<\/p>\n\n\n\n<p>De su lado, la gobernadora Rosa Santos dijo que la iluminaci\u00f3n de municipios, parajes y sectores es un trabajo que obedece a un deseo y mandato del presidente Abinader.<\/p>\n\n\n\n<p>\u201cLa oscuridad es el lugar donde los delincuentes se esconden para cometer sus delitos y no se debe quedar un lugar de Santiago sin iluminaci\u00f3n\u201d, agreg\u00f3 la representante del Poder Ejecutivo en esta provincia.<\/p>\n\n\n\n<p>En tanto que el encargado de deporte de la zona, Amaury Ulloa, expres\u00f3 que anteriormente no se terminaban los juegos porque se hac\u00eda de noche y no hab\u00eda iluminaci\u00f3n.<\/p>\n\n\n\n<p>Destacaron adem\u00e1s la rapidez con que actuaron las autoridades pues la solicitud de estas luces se hizo hace mes y medio y recibieron respuesta inmediatamente.<\/p>\n\n\n\n<p><strong>Inauguraci\u00f3n del acueducto de Cienfuegos<\/strong><\/p>\n\n\n\n<p>M\u00e1s de 300 mil personas de la comunidad de Cienfuegos en Santiago Oeste, tendr\u00e1n agua potable gracias al nuevo acueducto inaugurado por el presidente Luis Abinader con una inversi\u00f3n de 262 millones de pesos del Gobierno central.<\/p>\n\n\n\n<p>La obra fue construida por la&nbsp;Corporaci\u00f3n del Acueducto y Alcantarillado de Santiago, CORAASAN.<\/p>\n\n\n\n<p>Entre las zonas que a partir de ayer s\u00e1bado tienen acceso al agua potable son Cienfuegos, barrio La Mosca, ensanche Mella I y II, autopista Joaqu\u00edn Balaguer (desde el Ingenio Arriba hasta Quinigua), La Tinaja y Monterrico.<\/p>\n\n\n\n<p>Se recuerda que una de las prioridades del&nbsp;Gobierno es llevar agua potable a m\u00e1s del 90 por ciento de la poblaci\u00f3n por lo que se asumi\u00f3 el Pacto del Agua.<\/p>\n\n\n\n<p>El director general de CORAASAN, Andr\u00e9s Burgos, dijo que, desde septiembre de 2020, la instituci\u00f3n asumi\u00f3 el compromiso de concluir y poner en funcionamiento a su m\u00e1xima capacidad el acueducto Cienfuegos.<\/p>\n\n\n\n<p>Precis\u00f3 que de julio a agosto se redujeron en 30 millones de pesos los gastos operativos, en comparaci\u00f3n con los meses septiembre-octubre. Tambi\u00e9n se mejor\u00f3 la cobranza y se captaron nuevos clientes, incrementando el promedio mensual de la facturaci\u00f3n en un 7% y el de las cobranzas en un 8%.<\/p>\n\n\n\n<p>En representaci\u00f3n de los comunitarios, Radham\u00e9s G\u00f3mez agradeci\u00f3 al presidente esta importante obra, con la cual de ahora en adelante no tendr\u00e1n que hacer largas filas para comprar agua.<\/p>\n\n\n\n<p>\u00abEsta obra nos anima a seguir luchando por el bien com\u00fan, es una obra coherente con el Plan Estrat\u00e9gico de Santiago\u00bb, expres\u00f3.<\/p>\n\n\n\n<p>En la actividad los miembros de la Junta de Vecinos Santiago Oeste, el Ayuntamiento Santiago Oeste y la Parroquia Santa Marta, entregaron una placa al presidente Abinader por su empe\u00f1o, dedicaci\u00f3n, compromiso y esfuerzo en favor de esta demarcaci\u00f3n.<\/p>\n\n\n\n<p>Al acto inaugural de Edenorte asistieron el presidente del Senado, Eduardo Estrella; el director general de Proindustria, Ulises Rodr\u00edguez; el director de Inespre, Iv\u00e1n Hern\u00e1ndez; el asesor del Poder Ejecutivo, Augusto Taveras; el director regional del Servicio Nacional de Salud, Manuel Lora Perell\u00f3 y la directora de la regional 08 del Ministerio de Educaci\u00f3n, Marieta D\u00edaz.<\/p>\n\n\n\n<p>Mientras que para la inauguraci\u00f3n del acueducto estuvieron presentes el presidente del consejo de directores de CORAASAN, Conrado Asencio; el contratista de la obra, Rudescindo Valenzuela y los diputados Soraya Su\u00e1rez, Leonardo Aguilera, Fausto Dom\u00ednguez y Francisco D\u00edaz.<\/p>\n\n\n\n<p>Fuente:  Direcci\u00f3n de prensa<\/p>\n\n\n\n<p>Presidencia de la Rep\u00fablica Dominicana<\/p>\n","protected":false},"excerpt":{"rendered":"<p>diariodominicano.com La Canela, Santiago, 25 de julio, 2021.- \u00a0La electrificaci\u00f3n de la regi\u00f3n norte contin\u00faa y cada vez son m\u00e1s los usuarios que cuentan con servicio energ\u00e9tico 24 horas, superando a la fecha, el mill\u00f3n de hogares. Esta cifra fue revelada por el director de Edenorte, Andr\u00e9s Cueto, en el acto de entrega de redes [&hellip;]<\/p>\n","protected":false},"author":5,"featured_media":288825,"comment_status":"closed","ping_status":"","sticky":false,"template":"","format":"standard","meta":{"footnotes":""},"categories":[20,27],"tags":[],"class_list":["post-288824","post","type-post","status-publish","format-standard","has-post-thumbnail","hentry","category-dominicana-hoy","category-portada"],"_links":{"self":[{"href":"https:\/\/diariodominicano.com\/index.php?rest_route=\/wp\/v2\/posts\/288824","targetHints":{"allow":["GET"]}}],"collection":[{"href":"https:\/\/diariodominicano.com\/index.php?rest_route=\/wp\/v2\/posts"}],"about":[{"href":"https:\/\/diariodominicano.com\/index.php?rest_route=\/wp\/v2\/types\/post"}],"author":[{"embeddable":true,"href":"https:\/\/diariodominicano.com\/index.php?rest_route=\/wp\/v2\/users\/5"}],"replies":[{"embeddable":true,"href":"https:\/\/diariodominicano.com\/index.php?rest_route=%2Fwp%2Fv2%2Fcomments&post=288824"}],"version-history":[{"count":1,"href":"https:\/\/diariodominicano.com\/index.php?rest_route=\/wp\/v2\/posts\/288824\/revisions"}],"predecessor-version":[{"id":288826,"href":"https:\/\/diariodominicano.com\/index.php?rest_route=\/wp\/v2\/posts\/288824\/revisions\/288826"}],"wp:featuredmedia":[{"embeddable":true,"href":"https:\/\/diariodominicano.com\/index.php?rest_route=\/wp\/v2\/media\/288825"}],"wp:attachment":[{"href":"https:\/\/diariodominicano.com\/index.php?rest_route=%2Fwp%2Fv2%2Fmedia&parent=288824"}],"wp:term":[{"taxonomy":"category","embeddable":true,"href":"https:\/\/diariodominicano.com\/index.php?rest_route=%2Fwp%2Fv2%2Fcategories&post=288824"},{"taxonomy":"post_tag","embeddable":true,"href":"https:\/\/diariodominicano.com\/index.php?rest_route=%2Fwp%2Fv2%2Ftags&post=288824"}],"curies":[{"name":"wp","href":"https:\/\/api.w.org\/{rel}","templated":true}]}}