{"id":288817,"date":"2021-07-25T16:23:21","date_gmt":"2021-07-25T20:23:21","guid":{"rendered":"http:\/\/diariodominicano.com\/?p=288817"},"modified":"2021-07-26T04:51:02","modified_gmt":"2021-07-26T08:51:02","slug":"contigo-nueva-produccion-discografica-de-zacarias-ferreira","status":"publish","type":"post","link":"https:\/\/diariodominicano.com\/?p=288817","title":{"rendered":"\u00abContigo\u00bb, nueva producci\u00f3n discogr\u00e1fica de Zacar\u00edas Ferreira"},"content":{"rendered":"\n<p><em><u>El destacado int\u00e9rprete y compositor de la bachata estren\u00f3 su nuevo disco que consta de 10 temas musicales<\/u><\/em><br><\/p>\n\n\n\n<p>Santo Domingo, R.D.- Zacar\u00edas Ferreira estren\u00f3 nueva producci\u00f3n discogr\u00e1fica titulada \u201cContigo\u201d, que se hace acompa\u00f1ar&nbsp;del videoclip del tema \u201cPero no puedo\u201d, primer corte promocional del disco.<\/p>\n\n\n\n<p>\u201cContigo\u201d cuenta con la producci\u00f3n musical del mismo Zacar\u00edas Ferreira y Webster Batista para este trabajo que consta de 10 temas musicales, y que llega tras el \u00e9xito anterior con el disco \u201cEl amor\u201d, por el que Ferreira obtuvo la certificaci\u00f3n Platino de la RIAA, y el triple platino para dos de sus canciones: \u201cLa asesina\u201d y \u201cEl intruso\u201d.<\/p>\n\n\n\n<p>Este depurado producto discogr\u00e1fico tiene un estilo totalmente rom\u00e1ntico, donde Zacar\u00edas adem\u00e1s fusiona con otros ritmos musicales como el pop en algunos de los temas. El video de \u00abPero no puedo\u00bb, muestra a una pareja disfrutando de su amor en hermosas locaciones; hace uso de tonos sepia y tierra, lo que ambienta a la perfecci\u00f3n la nostalgia de esta canci\u00f3n.<\/p>\n\n\n\n<p>\u201cContigo\u201d est\u00e1 a la disposici\u00f3n del p\u00fablico en todas las plataformas digitales tales como Amazon Music, Spotify, Apple Music, Deezer, entre otras, adem\u00e1s del video de \u201cPero no puedo\u201d en el canal oficial de YouTube de Zacar\u00edas Ferreira.<\/p>\n\n\n\n<p>&nbsp;&#8212;&#8212;<\/p>\n\n\n\n<figure class=\"wp-block-embed is-type-video is-provider-youtube wp-block-embed-youtube wp-embed-aspect-16-9 wp-has-aspect-ratio\"><div class=\"wp-block-embed__wrapper\">\n<iframe loading=\"lazy\" title=\"Zacar\u00edas Ferreira - Pero No Puedo (Video Oficial)\" width=\"616\" height=\"347\" src=\"https:\/\/www.youtube.com\/embed\/HmdRi3Lj6Ms?feature=oembed\" frameborder=\"0\" allow=\"accelerometer; autoplay; clipboard-write; encrypted-media; gyroscope; picture-in-picture; web-share\" referrerpolicy=\"strict-origin-when-cross-origin\" allowfullscreen><\/iframe>\n<\/div><\/figure>\n","protected":false},"excerpt":{"rendered":"<p>El destacado int\u00e9rprete y compositor de la bachata estren\u00f3 su nuevo disco que consta de 10 temas musicales Santo Domingo, R.D.- Zacar\u00edas Ferreira estren\u00f3 nueva producci\u00f3n discogr\u00e1fica titulada \u201cContigo\u201d, que se hace acompa\u00f1ar&nbsp;del videoclip del tema \u201cPero no puedo\u201d, primer corte promocional del disco. \u201cContigo\u201d cuenta con la producci\u00f3n musical del mismo Zacar\u00edas Ferreira y [&hellip;]<\/p>\n","protected":false},"author":7,"featured_media":0,"comment_status":"closed","ping_status":"","sticky":true,"template":"","format":"standard","meta":{"footnotes":""},"categories":[25,19,27],"tags":[],"class_list":["post-288817","post","type-post","status-publish","format-standard","hentry","category-gente","category-mi-voz","category-portada"],"_links":{"self":[{"href":"https:\/\/diariodominicano.com\/index.php?rest_route=\/wp\/v2\/posts\/288817","targetHints":{"allow":["GET"]}}],"collection":[{"href":"https:\/\/diariodominicano.com\/index.php?rest_route=\/wp\/v2\/posts"}],"about":[{"href":"https:\/\/diariodominicano.com\/index.php?rest_route=\/wp\/v2\/types\/post"}],"author":[{"embeddable":true,"href":"https:\/\/diariodominicano.com\/index.php?rest_route=\/wp\/v2\/users\/7"}],"replies":[{"embeddable":true,"href":"https:\/\/diariodominicano.com\/index.php?rest_route=%2Fwp%2Fv2%2Fcomments&post=288817"}],"version-history":[{"count":2,"href":"https:\/\/diariodominicano.com\/index.php?rest_route=\/wp\/v2\/posts\/288817\/revisions"}],"predecessor-version":[{"id":288875,"href":"https:\/\/diariodominicano.com\/index.php?rest_route=\/wp\/v2\/posts\/288817\/revisions\/288875"}],"wp:attachment":[{"href":"https:\/\/diariodominicano.com\/index.php?rest_route=%2Fwp%2Fv2%2Fmedia&parent=288817"}],"wp:term":[{"taxonomy":"category","embeddable":true,"href":"https:\/\/diariodominicano.com\/index.php?rest_route=%2Fwp%2Fv2%2Fcategories&post=288817"},{"taxonomy":"post_tag","embeddable":true,"href":"https:\/\/diariodominicano.com\/index.php?rest_route=%2Fwp%2Fv2%2Ftags&post=288817"}],"curies":[{"name":"wp","href":"https:\/\/api.w.org\/{rel}","templated":true}]}}