{"id":288816,"date":"2021-07-25T15:52:11","date_gmt":"2021-07-25T19:52:11","guid":{"rendered":"http:\/\/diariodominicano.com\/?p=288816"},"modified":"2021-07-25T15:52:11","modified_gmt":"2021-07-25T19:52:11","slug":"policia-nacional-informa-sobre-caso-de-hombre-que-ultimo-a-seis-personas-e-hirio-a-otras-mas-en-higuey","status":"publish","type":"post","link":"https:\/\/diariodominicano.com\/?p=288816","title":{"rendered":"Polic\u00eda Nacional informa sobre caso de hombre que ultim\u00f3 a seis personas e hiri\u00f3 a otras m\u00e1s en Hig\u00fcey"},"content":{"rendered":"\n<p>diariodominicano.com<\/p>\n\n\n\n<p>Santo Domingo, R. D., 25 de julio, 2021.-  La Polic\u00eda Nacional informa que al menos seis personas perdieron la vida y otras seis resultaron heridas por arma de fuego, ocasionadas por un hombre que los atac\u00f3 luego de agredir a su esposa por alegados motivos de celos, en un hecho ocurrido en el sector 21 de Enero, en Hig\u00fcey, provincia La Altagracia.<\/p>\n\n\n\n<p>Se trata de&nbsp;<strong>Anyelo Joel Santana Cedano, de 39 a\u00f1os<\/strong>, quien luego de cometer los hechos emprendi\u00f3 la huida y enfrent\u00f3 a una patrulla policial que le daba seguimiento, cayendo abatido en un taller de mec\u00e1nica desde el cual enfrent\u00f3 a los agentes del orden.<\/p>\n\n\n\n<p>En las investigaciones del caso particip\u00f3 la fiscal titular de esa localidad, la licenciada Mercedes Santana.<\/p>\n\n\n\n<p>Las v\u00edctimas mortales son Victoriana Villa Santana; los hermanos Digna y Carlos Jos\u00e9 Cuevas; Ezequiel P\u00e9rez, Ronny Lizandro Peguero, Miguel \u00c1ngel Pilier Cedano. Entre los heridos est\u00e1n \u00c1ngela Mar\u00eda Acosta, David Manuel Castro Hern\u00e1ndez, Johnny Iv\u00e1n Arias, Cecilio Reynoso, Rafael Am\u00e9rico y un menor de 12 a\u00f1os, cuyo nombre se hace reserva, quienes fueron curados y despachados.<\/p>\n\n\n\n<p>De acuerdo a las declaraciones de la herida \u00c1ngela Mar\u00eda, ella y Anyelo llevaban aproximadamente un mes separados, ya que \u00e9ste supuestamente la celaba de manera constante y que cada vez que llegaba a la casa era objeto de frecuentes maltratos.<\/p>\n\n\n\n<p>Agrega el informe que luego de herirla, \u00e9ste sali\u00f3 en una jeepeta de su propiedad y atac\u00f3 a las dem\u00e1s personas ya mencionadas con una pistola que portaba de manera legal, pero con la licencia vencida desde el 2019.<\/p>\n\n\n\n<p>Adem\u00e1s, el agresor dej\u00f3 abandonado su veh\u00edculo y despoj\u00f3 de manera secuencial a dos hombres de sus respectivos autom\u00f3viles para seguir emprendiendo la huida, para de igual manera dejarlos abandonados en lugares distintos.<\/p>\n\n\n\n<p>En esas circunstancias, Anyelo, quien figura con un registro policial por violencia dom\u00e9stica, fue perseguido por una patrulla policial y se refugi\u00f3 en un taller de mec\u00e1nica, desde donde atac\u00f3 a tiros a los polic\u00edas, quienes se vieron en la imperiosa necesidad de repeler la agresi\u00f3n, resultando \u00e9ste con las heridas que le provocaron la muerte.<\/p>\n\n\n\n<p>Fuente:  Departamento de Prensa<\/p>\n\n\n\n<p>Direcci\u00f3n\u00a0de Comunicaciones Estrat\u00e9gicas<\/p>\n\n\n\n<p>Polic\u00eda Nacional Rep\u00fablica Dominicana<\/p>\n","protected":false},"excerpt":{"rendered":"<p>diariodominicano.com Santo Domingo, R. D., 25 de julio, 2021.- La Polic\u00eda Nacional informa que al menos seis personas perdieron la vida y otras seis resultaron heridas por arma de fuego, ocasionadas por un hombre que los atac\u00f3 luego de agredir a su esposa por alegados motivos de celos, en un hecho ocurrido en el sector [&hellip;]<\/p>\n","protected":false},"author":5,"featured_media":288819,"comment_status":"closed","ping_status":"","sticky":true,"template":"","format":"standard","meta":{"footnotes":""},"categories":[24,27],"tags":[],"class_list":["post-288816","post","type-post","status-publish","format-standard","has-post-thumbnail","hentry","category-justicia-y-derecho","category-portada"],"_links":{"self":[{"href":"https:\/\/diariodominicano.com\/index.php?rest_route=\/wp\/v2\/posts\/288816","targetHints":{"allow":["GET"]}}],"collection":[{"href":"https:\/\/diariodominicano.com\/index.php?rest_route=\/wp\/v2\/posts"}],"about":[{"href":"https:\/\/diariodominicano.com\/index.php?rest_route=\/wp\/v2\/types\/post"}],"author":[{"embeddable":true,"href":"https:\/\/diariodominicano.com\/index.php?rest_route=\/wp\/v2\/users\/5"}],"replies":[{"embeddable":true,"href":"https:\/\/diariodominicano.com\/index.php?rest_route=%2Fwp%2Fv2%2Fcomments&post=288816"}],"version-history":[{"count":1,"href":"https:\/\/diariodominicano.com\/index.php?rest_route=\/wp\/v2\/posts\/288816\/revisions"}],"predecessor-version":[{"id":288820,"href":"https:\/\/diariodominicano.com\/index.php?rest_route=\/wp\/v2\/posts\/288816\/revisions\/288820"}],"wp:featuredmedia":[{"embeddable":true,"href":"https:\/\/diariodominicano.com\/index.php?rest_route=\/wp\/v2\/media\/288819"}],"wp:attachment":[{"href":"https:\/\/diariodominicano.com\/index.php?rest_route=%2Fwp%2Fv2%2Fmedia&parent=288816"}],"wp:term":[{"taxonomy":"category","embeddable":true,"href":"https:\/\/diariodominicano.com\/index.php?rest_route=%2Fwp%2Fv2%2Fcategories&post=288816"},{"taxonomy":"post_tag","embeddable":true,"href":"https:\/\/diariodominicano.com\/index.php?rest_route=%2Fwp%2Fv2%2Ftags&post=288816"}],"curies":[{"name":"wp","href":"https:\/\/api.w.org\/{rel}","templated":true}]}}