{"id":288742,"date":"2021-07-24T21:15:50","date_gmt":"2021-07-25T01:15:50","guid":{"rendered":"http:\/\/diariodominicano.com\/?p=288742"},"modified":"2021-07-24T21:15:50","modified_gmt":"2021-07-25T01:15:50","slug":"lopez-obrador-llama-a-la-convivencia-entre-todos-los-paises-de-america","status":"publish","type":"post","link":"https:\/\/diariodominicano.com\/?p=288742","title":{"rendered":"L\u00f3pez Obrador llama a la convivencia entre todos los pa\u00edses de Am\u00e9rica"},"content":{"rendered":"\n<p>diariodominicano.com<a rel=\"noreferrer noopener\" href=\"http:\/\/home.xinhua-news.com\/gdsdetailxhs\/share\/9710916-?pageflag=iframe\" target=\"_blank\"><\/a><\/p>\n\n\n\n<pre id=\"text-news-description\" class=\"wp-block-preformatted\">   MEXICO, 24 jul ( Xinhua) -- El presidente de M\u00e9xico, Andr\u00e9s Manuel L\u00f3pez Obrador, se pronunci\u00f3 este s\u00e1bado por \"una nueva convivencia\" entre todos los pa\u00edses de Am\u00e9rica tras admitir que el modelo impuesto hace m\u00e1s de dos siglos \"est\u00e1 agotado, no tiene futuro ni salida\".\n   Al encabezar en el Castillo de Chapultepec de la Ciudad de M\u00e9xico la ceremonia por el 238 aniversario del natalicio de Sim\u00f3n Bol\u00edvar, el mandatario mexicano propuso hacer \"algo semejante a la Uni\u00f3n Europea\".\n   \"La propuesta es, ni m\u00e1s ni menos, que construir algo semejante a la Uni\u00f3n Europea, pero apegado a nuestra historia, a nuestra realidad y a nuestras identidades\", dijo el presidente durante el acto en el que se celebr\u00f3 tambi\u00e9n la 21 Reuni\u00f3n de Cancilleres de la Comunidad de Estados Latinoamericanos y Caribe\u00f1os (CELAC).    \n   L\u00f3pez Obrador destac\u00f3 el honor y la resistencia de Cuba frente al bloqueo de Estados Unidos impuesto hace m\u00e1s de 60 a\u00f1os.\n   \"El pueblo de Cuba merece el premio de la dignidad\", enfatiz\u00f3.\n   En su  discurso hizo un llamado para que la Organizaci\u00f3n de los Estados Americanos se convierta en un organismo verdaderamente aut\u00f3nomo, \"no lacayo de nadie sino mediador a petici\u00f3n y aceptaci\u00f3n de las partes en conflictos en asuntos de derechos humanos y de democracia\".\n   Por su parte, el canciller mexicano, Marcelo Ebrard, en calidad de presidente pro tempore de la CELAC, agradeci\u00f3 la asistencia de los representantes de los 33 pa\u00edses miembros del mecanismo integubernamental con el fin de abordar los desaf\u00edos y acuerdos para el bien de cada uno de esos pa\u00edses y su pueblo.\n   Ebrard reiter\u00f3 la vigencia del llamado de Bol\u00edvar, quien convoc\u00f3 a una Confederaci\u00f3n de Am\u00e9rica Latina.<\/pre>\n","protected":false},"excerpt":{"rendered":"<p>diariodominicano.com MEXICO, 24 jul ( Xinhua) &#8212; El presidente de M\u00e9xico, Andr\u00e9s Manuel L\u00f3pez Obrador, se pronunci\u00f3 este s\u00e1bado por \u00abuna nueva convivencia\u00bb entre todos los pa\u00edses de Am\u00e9rica tras admitir que el modelo impuesto hace m\u00e1s de dos siglos \u00abest\u00e1 agotado, no tiene futuro ni salida\u00bb. Al encabezar en el Castillo de Chapultepec de [&hellip;]<\/p>\n","protected":false},"author":5,"featured_media":288749,"comment_status":"closed","ping_status":"","sticky":true,"template":"","format":"standard","meta":{"footnotes":""},"categories":[23,27],"tags":[],"class_list":["post-288742","post","type-post","status-publish","format-standard","has-post-thumbnail","hentry","category-internacional","category-portada"],"_links":{"self":[{"href":"https:\/\/diariodominicano.com\/index.php?rest_route=\/wp\/v2\/posts\/288742","targetHints":{"allow":["GET"]}}],"collection":[{"href":"https:\/\/diariodominicano.com\/index.php?rest_route=\/wp\/v2\/posts"}],"about":[{"href":"https:\/\/diariodominicano.com\/index.php?rest_route=\/wp\/v2\/types\/post"}],"author":[{"embeddable":true,"href":"https:\/\/diariodominicano.com\/index.php?rest_route=\/wp\/v2\/users\/5"}],"replies":[{"embeddable":true,"href":"https:\/\/diariodominicano.com\/index.php?rest_route=%2Fwp%2Fv2%2Fcomments&post=288742"}],"version-history":[{"count":1,"href":"https:\/\/diariodominicano.com\/index.php?rest_route=\/wp\/v2\/posts\/288742\/revisions"}],"predecessor-version":[{"id":288750,"href":"https:\/\/diariodominicano.com\/index.php?rest_route=\/wp\/v2\/posts\/288742\/revisions\/288750"}],"wp:featuredmedia":[{"embeddable":true,"href":"https:\/\/diariodominicano.com\/index.php?rest_route=\/wp\/v2\/media\/288749"}],"wp:attachment":[{"href":"https:\/\/diariodominicano.com\/index.php?rest_route=%2Fwp%2Fv2%2Fmedia&parent=288742"}],"wp:term":[{"taxonomy":"category","embeddable":true,"href":"https:\/\/diariodominicano.com\/index.php?rest_route=%2Fwp%2Fv2%2Fcategories&post=288742"},{"taxonomy":"post_tag","embeddable":true,"href":"https:\/\/diariodominicano.com\/index.php?rest_route=%2Fwp%2Fv2%2Ftags&post=288742"}],"curies":[{"name":"wp","href":"https:\/\/api.w.org\/{rel}","templated":true}]}}