{"id":288729,"date":"2021-07-24T15:47:51","date_gmt":"2021-07-24T19:47:51","guid":{"rendered":"http:\/\/diariodominicano.com\/?p=288729"},"modified":"2021-07-24T15:47:51","modified_gmt":"2021-07-24T19:47:51","slug":"presidente-abinader-asiste-a-la-ordenacion-del-nuevo-obispo-de-san-francisco-de-macoris","status":"publish","type":"post","link":"https:\/\/diariodominicano.com\/?p=288729","title":{"rendered":"Presidente Abinader asiste a la ordenaci\u00f3n del nuevo obispo de San Francisco de Macor\u00eds"},"content":{"rendered":"\n<p>diariodominicano.com<\/p>\n\n\n\n<p>San Francisco de Macor\u00eds, 24 de julio, 2021.- El presidente Luis Abinader particip\u00f3 este s\u00e1bado en la ordenaci\u00f3n episcopal de monse\u00f1or Ram\u00f3n Alfredo De La Cruz Baldera como nuevo obispo de la Di\u00f3cesis de San Francisco de Macor\u00eds.<\/p>\n\n\n\n<p>La celebraci\u00f3n eucar\u00edstica fue presidida por el obispo em\u00e9rito de la Di\u00f3cesis, monse\u00f1or Fausto Ram\u00f3n Mej\u00eda Vallejo, con la participaci\u00f3n de los obispos de la Conferencia del Episcopado Dominicano (CED).<\/p>\n\n\n\n<p>Acompa\u00f1aron al primer mandatario la vicepresidenta Raquel Pe\u00f1a, el presidente del Senado, Eduardo Estrella; los ministros de Interior y Polic\u00eda, Jes\u00fas -Chu- V\u00e1zquez y de Educaci\u00f3n Superior Ciencia y Tecnolog\u00eda, Franklin Garc\u00eda Ferm\u00edn; el director del Instituto Nacional de Recursos Hidr\u00e1ulicos (INDRHI), Olmedo Caba y la gobernadora de la provincia Duarte, Ana Xiomara Portes.<\/p>\n\n\n\n<p>Tambi\u00e9n, el senador de la provincia Duarte, Franklin Romero; el alcalde, Siquio NG de la Rosa y el director de la Direcci\u00f3n General de Desarrollo de la Comunidad (DGDC), El\u00e9xido Paula Liranzo.<\/p>\n\n\n\n<p>En la solemne actividad que se realiz\u00f3 en las instalaciones del estadio Juli\u00e1n Javier, la vicepresidenta de la Rep\u00fablica ley\u00f3 la primera lectura.<\/p>\n\n\n\n<p>Durante la homil\u00eda monse\u00f1or Mej\u00eda Vallejo anim\u00f3 al nuevo obispo de San Francisco de Macor\u00eds a enfrentar con lucidez los grandes retos del d\u00eda a d\u00eda.<\/p>\n\n\n\n<p>De su lado, el reci\u00e9n ordenado obispo de San Francisco de Macor\u00eds se\u00f1al\u00f3 que para conocer a profundidad las fortalezas y debilidades de la Di\u00f3cesis desea ir a las periferias, ser pastor de una Iglesia en salida, que no tema al di\u00e1logo con el mundo, con los sectores sociales, profesionales y religiosos.<\/p>\n\n\n\n<p>\u00abSer\u00e9 el obispo de los pobres y de los ricos, los humildes y los orgullosos, los fuertes y los d\u00e9biles. Las puertas del obispado siempre estar\u00e1n abiertas para acoger, escuchar y acompa\u00f1ar\u00bb, expres\u00f3.<\/p>\n\n\n\n<p>En la celebraci\u00f3n que fue transmitida por diversas plataformas de comunicaci\u00f3n tradicionales y digitales, particip\u00f3 una representaci\u00f3n del clero y laicos para cumplir con los protocolos de higiene y distanciamiento f\u00edsico, que requiere la situaci\u00f3n sanitaria actual del pa\u00eds, debido al COVID-19.<\/p>\n\n\n\n<p>El Papa Francisco nombr\u00f3 al sacerdote Alfredo de la Cruz obispo de San Francisco de Macor\u00eds el 15 de mayo de 2021, en sustituci\u00f3n de monse\u00f1or Fausto Mej\u00eda, quien hab\u00eda presentado su renuncia por raz\u00f3n de edad, seg\u00fan lo establecido en el C\u00f3digo de Derecho Can\u00f3nico.<\/p>\n\n\n\n<p>Fuente:  Direcci\u00f3n de prensa<\/p>\n\n\n\n<p>Presidencia de la Rep\u00fablica Dominicana<\/p>\n","protected":false},"excerpt":{"rendered":"<p>diariodominicano.com San Francisco de Macor\u00eds, 24 de julio, 2021.- El presidente Luis Abinader particip\u00f3 este s\u00e1bado en la ordenaci\u00f3n episcopal de monse\u00f1or Ram\u00f3n Alfredo De La Cruz Baldera como nuevo obispo de la Di\u00f3cesis de San Francisco de Macor\u00eds. La celebraci\u00f3n eucar\u00edstica fue presidida por el obispo em\u00e9rito de la Di\u00f3cesis, monse\u00f1or Fausto Ram\u00f3n Mej\u00eda [&hellip;]<\/p>\n","protected":false},"author":5,"featured_media":288730,"comment_status":"closed","ping_status":"","sticky":true,"template":"","format":"standard","meta":{"footnotes":""},"categories":[20,27],"tags":[],"class_list":["post-288729","post","type-post","status-publish","format-standard","has-post-thumbnail","hentry","category-dominicana-hoy","category-portada"],"_links":{"self":[{"href":"https:\/\/diariodominicano.com\/index.php?rest_route=\/wp\/v2\/posts\/288729","targetHints":{"allow":["GET"]}}],"collection":[{"href":"https:\/\/diariodominicano.com\/index.php?rest_route=\/wp\/v2\/posts"}],"about":[{"href":"https:\/\/diariodominicano.com\/index.php?rest_route=\/wp\/v2\/types\/post"}],"author":[{"embeddable":true,"href":"https:\/\/diariodominicano.com\/index.php?rest_route=\/wp\/v2\/users\/5"}],"replies":[{"embeddable":true,"href":"https:\/\/diariodominicano.com\/index.php?rest_route=%2Fwp%2Fv2%2Fcomments&post=288729"}],"version-history":[{"count":1,"href":"https:\/\/diariodominicano.com\/index.php?rest_route=\/wp\/v2\/posts\/288729\/revisions"}],"predecessor-version":[{"id":288731,"href":"https:\/\/diariodominicano.com\/index.php?rest_route=\/wp\/v2\/posts\/288729\/revisions\/288731"}],"wp:featuredmedia":[{"embeddable":true,"href":"https:\/\/diariodominicano.com\/index.php?rest_route=\/wp\/v2\/media\/288730"}],"wp:attachment":[{"href":"https:\/\/diariodominicano.com\/index.php?rest_route=%2Fwp%2Fv2%2Fmedia&parent=288729"}],"wp:term":[{"taxonomy":"category","embeddable":true,"href":"https:\/\/diariodominicano.com\/index.php?rest_route=%2Fwp%2Fv2%2Fcategories&post=288729"},{"taxonomy":"post_tag","embeddable":true,"href":"https:\/\/diariodominicano.com\/index.php?rest_route=%2Fwp%2Fv2%2Ftags&post=288729"}],"curies":[{"name":"wp","href":"https:\/\/api.w.org\/{rel}","templated":true}]}}