{"id":288726,"date":"2021-07-24T15:15:36","date_gmt":"2021-07-24T19:15:36","guid":{"rendered":"http:\/\/diariodominicano.com\/?p=288726"},"modified":"2021-07-24T15:15:36","modified_gmt":"2021-07-24T19:15:36","slug":"documental-explora-vida-de-psiquiatra-chileno-claudio-naranjo-exponente-mundial-de-psicologia-transpersonal","status":"publish","type":"post","link":"https:\/\/diariodominicano.com\/?p=288726","title":{"rendered":"Documental explora vida de psiquiatra chileno Claudio Naranjo, exponente mundial de psicolog\u00eda transpersonal"},"content":{"rendered":"\n<p><\/p>\n\n\n\n<p>diariodominicano.com<a rel=\"noreferrer noopener\" href=\"http:\/\/home.xinhua-news.com\/gdsdetailxhs\/share\/9710853-?pageflag=iframe\" target=\"_blank\"><\/a><\/p>\n\n\n\n<pre id=\"text-news-description\" class=\"wp-block-preformatted\">    Por Crist\u00f3bal Ch\u00e1vez Bravo\n    SANTIAGO, 24 jul (Xinhua) -- Con el documental \"Ni\u00f1o divino\", obra que explora la vida del psiquiatra chileno Claudio Naranjo, uno de los m\u00e1ximos exponentes de la psicolog\u00eda transpersonal en el mundo, \"hemos tratado de honrar el compromiso\" de \"ponerle belleza a lo que es bello\", destac\u00f3 Pamela Avila, directora de la cinta.\n   \"Claudio Naranjo es un psiquiatra chileno, pero que hizo un camino poco l\u00f3gico en el mundo de la medicina y se aventur\u00f3 en la exploraci\u00f3n (...) y de distintas terapias, desde la psicolog\u00eda transpersonal que fueran \u00fatiles, en el fondo, para resolver los grandes dilemas de todos nosotros\", se\u00f1al\u00f3 Avila en entrevista con Xinhua.\n    La directora nombr\u00f3 entre dichos dilemas el qui\u00e9nes somos, c\u00f3mo podemos relacionarnos mejor y cu\u00e1nto vinculado estamos.\n    La obra fue reestrenada este mes, cuando se cumplen dos a\u00f1os de la partida del pensador chileno, quien vivi\u00f3 86 a\u00f1os, autor del texto \"Cambiar la educaci\u00f3n para cambiar el mundo\", un t\u00edtulo considerado visionario sobre la educaci\u00f3n, adem\u00e1s de veintena de publicaciones.\n    Naranjo fue denominado un investigador de la conciencia e integr\u00f3 la tradici\u00f3n y conocimiento cient\u00edfico, reconstrucci\u00f3n hist\u00f3rica y an\u00e1lisis antropol\u00f3gico, psicolog\u00eda y espiritualidad.\n    El psiquiatra fue reconocido en 2018 por el Ministerio de Educaci\u00f3n chileno con la Orden al M\u00e9rito Docente y Cultural \"Gabriela Mistral\" en el grado de Comendador, adem\u00e1s de recibir tres doctorados honoris causa y haber sido nominado como candidato al Premio Nobel de la Paz.\n   \"(El documental) yo lo he definido como una meditaci\u00f3n audiovisual; uno, de alguna forma, lo entra y entra en un estado, en un tempo, en una forma, en un ritmo, en un ciclo que adem\u00e1s es respetuoso y yo creo que en este tiempo necesitamos cada vez m\u00e1s ese tipo de espacios\", reflexion\u00f3 la autora.\n    En esta l\u00ednea, agreg\u00f3 que, con la cinta, \"ojal\u00e1 cada humano sea capaz de generarlo\".\n   \"Una muy buena herramienta es acceder a la sabidur\u00eda de muchos sabios y sabias que existen y reflexionar sobre de qu\u00e9 manera uno puede ser una parte de este complejo mundo que estamos viviendo\", asever\u00f3.\n    El documental fue seleccionado en una de las dos secciones competitivas del Festival Latinoamericano de Documentales de Trieste, de Italia.\n    La directora precis\u00f3 que Naranjo tiene un grupo \"muy grande\" de seguidores en el mundo, como en Rusia, Italia, Espa\u00f1a, Alemania y Brasil.\n    En 2017, el psiquiatra dio una conferencia en el Congreso Futuro de Chile, uno de los principales foros de divulgaci\u00f3n cient\u00edfica y tecnol\u00f3gica de Am\u00e9rica Latina, que se transform\u00f3 en una de las charlas m\u00e1s vistas en la historia de este encuentro del pensamiento.\n    La realizadora mantuvo contacto cuando Naranjo, a quien calific\u00f3 de un \"iluminado futurista\", pasaba sus d\u00edas en distintos lugares del mundo puesto que lideraba SAT, un programa de desarrollo humano y espiritual a la que asisten miles de personas.\n   \"Fue muy generoso en dejarnos encontrar a su casa de una forma muy, muy cotidiana (...) Como que es esa gente que t\u00fa la miras y sabes que es asombrosa, pero esa gente no se sabe del todo asombrosa, siempre. Y, Claudio, a pesar de que ten\u00eda miles de seguidores y fundaciones y todo el mundo lo trataba de maestro, era as\u00ed (...) nunca se daba muchas \u00ednfulas\", coment\u00f3.\n   \"Es un hombre de un siglo, en realidad era de este siglo, en el sentido que sus ideas y la forma de plantear sus ideas era muy lo que el mundo estaba buscando hoy\", dijo.\n    La cinta narra diversos episodios de la vida de Naranjo desde su propia voz y ya se ha exhibido en ocho pa\u00edses y tendr\u00e1 una segunda entrega con estreno previsto para 2022, que abordar\u00e1 las reflexiones del psiquiatra sobre el mundo y su transformaci\u00f3n.\n   \"Yo creo que ya no basta con vivir, es bien relevante vivir con un sentido, con un sentido que sea al menos no hacerle da\u00f1o a la gente, al planeta, ojal\u00e1 ser feliz, que valga la pena la vida\", concluy\u00f3 Avila. <\/pre>\n","protected":false},"excerpt":{"rendered":"<p>diariodominicano.com Por Crist\u00f3bal Ch\u00e1vez Bravo SANTIAGO, 24 jul (Xinhua) &#8212; Con el documental \u00abNi\u00f1o divino\u00bb, obra que explora la vida del psiquiatra chileno Claudio Naranjo, uno de los m\u00e1ximos exponentes de la psicolog\u00eda transpersonal en el mundo, \u00abhemos tratado de honrar el compromiso\u00bb de \u00abponerle belleza a lo que es bello\u00bb, destac\u00f3 Pamela Avila, directora [&hellip;]<\/p>\n","protected":false},"author":5,"featured_media":288727,"comment_status":"closed","ping_status":"","sticky":true,"template":"","format":"standard","meta":{"footnotes":""},"categories":[23,27],"tags":[],"class_list":["post-288726","post","type-post","status-publish","format-standard","has-post-thumbnail","hentry","category-internacional","category-portada"],"_links":{"self":[{"href":"https:\/\/diariodominicano.com\/index.php?rest_route=\/wp\/v2\/posts\/288726","targetHints":{"allow":["GET"]}}],"collection":[{"href":"https:\/\/diariodominicano.com\/index.php?rest_route=\/wp\/v2\/posts"}],"about":[{"href":"https:\/\/diariodominicano.com\/index.php?rest_route=\/wp\/v2\/types\/post"}],"author":[{"embeddable":true,"href":"https:\/\/diariodominicano.com\/index.php?rest_route=\/wp\/v2\/users\/5"}],"replies":[{"embeddable":true,"href":"https:\/\/diariodominicano.com\/index.php?rest_route=%2Fwp%2Fv2%2Fcomments&post=288726"}],"version-history":[{"count":1,"href":"https:\/\/diariodominicano.com\/index.php?rest_route=\/wp\/v2\/posts\/288726\/revisions"}],"predecessor-version":[{"id":288728,"href":"https:\/\/diariodominicano.com\/index.php?rest_route=\/wp\/v2\/posts\/288726\/revisions\/288728"}],"wp:featuredmedia":[{"embeddable":true,"href":"https:\/\/diariodominicano.com\/index.php?rest_route=\/wp\/v2\/media\/288727"}],"wp:attachment":[{"href":"https:\/\/diariodominicano.com\/index.php?rest_route=%2Fwp%2Fv2%2Fmedia&parent=288726"}],"wp:term":[{"taxonomy":"category","embeddable":true,"href":"https:\/\/diariodominicano.com\/index.php?rest_route=%2Fwp%2Fv2%2Fcategories&post=288726"},{"taxonomy":"post_tag","embeddable":true,"href":"https:\/\/diariodominicano.com\/index.php?rest_route=%2Fwp%2Fv2%2Ftags&post=288726"}],"curies":[{"name":"wp","href":"https:\/\/api.w.org\/{rel}","templated":true}]}}