{"id":288723,"date":"2021-07-24T15:05:08","date_gmt":"2021-07-24T19:05:08","guid":{"rendered":"http:\/\/diariodominicano.com\/?p=288723"},"modified":"2021-07-24T15:05:08","modified_gmt":"2021-07-24T19:05:08","slug":"policia-apresa-tres-elementos-tras-herir-de-bala-a-ciudadano-en-san-jose-las-matas","status":"publish","type":"post","link":"https:\/\/diariodominicano.com\/?p=288723","title":{"rendered":"Polic\u00eda apresa tres elementos tras herir de bala a ciudadano en San Jos\u00e9 Las Matas"},"content":{"rendered":"\n<p>diariodominicano.com<\/p>\n\n\n\n<p><strong>San Jos\u00e9 De Las Matas, Santiago, R.D., 24 de julio 2021.-<\/strong>\u00a0Cumpliendo con el deber de enfrentar todo hecho delictivo, la Direcci\u00f3n Regional Cibao Central, inform\u00f3 sobre el apresamiento de tres personas, mientras persigue a igual n\u00famero de pr\u00f3fugos, que hirieron de bala a Jos\u00e9 Alberto P\u00e9rez, 27 a\u00f1os, momento en que intentaron despojarlo de sus pertenencias, en un hecho ocurrido en el Municipio De San Jos\u00e9 De La Matas.<\/p>\n\n\n\n<p>Los detenidos son Wilmer Manuel Taveras, 20 a\u00f1os, Kelvin de Jes\u00fas Lugo L\u00f3pez, 22 a\u00f1os, Tomas Rafael J\u00e1quez Peralta, 27 a\u00f1os, quienes fueron apresados por la r\u00e1pida intervenci\u00f3n policial los agentes destacados en esa demarcaci\u00f3n.<\/p>\n\n\n\n<p>La detenci\u00f3n se produjo mediante una r\u00e1pida labor de seguimiento a los agresores, quienes al notar la presencia de la polic\u00eda emprendieron la huida en motocicletas, con la intenci\u00f3n de evadir la captura, procediendo uno de ellos a sacar una pistola de fogueo con la que apuntaron a los integrantes de la unidad policial que le daba seguimiento.<\/p>\n\n\n\n<p>En dicha acci\u00f3n resultaron con herida de bala Lugo L\u00f3pez y J\u00e1quez Peralta, quienes al momento de su detenci\u00f3n se les ocupo una pistola de fogueo, marca Powerline, calibre 4.5 mm, una porci\u00f3n de un vegetal color verde (presumiblemente marihuana), una porci\u00f3n de un polvo blanco (presumiblemente coca\u00edna).<\/p>\n\n\n\n<p>Tambi\u00e9n fueron ocupados en poder de los detenidos un motor marca CG Z3000, color rojo sin placa, un motor Kinco 110, color rojo, sin placa, calcinada y con dos impactos de perdigones de escopeta&nbsp;&nbsp;&nbsp;&nbsp;<\/p>\n\n\n\n<p>Por ese hecho son perseguidos un tal Andrew \/ Andry y dos elementos m\u00e1s quienes emprendieron la huida, y a quienes la polic\u00eda les hace un llamado para que se entreguen por la v\u00eda que entiendan pertinente para ser puestos a disposici\u00f3n de la justicia.<\/p>\n\n\n\n<p>En cuanto a los detenidos, ser\u00e1n presentados en las pr\u00f3ximas horas&nbsp; para conocimiento de medida de coerci\u00f3n<\/p>\n\n\n\n<p>Fuente: <strong>SUBDIRECCI\u00d3N DE COMUNICACIONES ESTRATEGICAS DE LA POLIC\u00cdA NACIONAL DIRECCI\u00d3N REGIONAL CIBAO CENTRAL.<\/strong><br><br><strong>Subdirecci\u00f3n de Comunicaciones Estret\u00e9gicas<\/strong><\/p>\n\n\n\n<p>Direcci\u00f3n Regional Cibao Central Polic\u00eda Nacional<\/p>\n\n\n\n<p><\/p>\n","protected":false},"excerpt":{"rendered":"<p>diariodominicano.com San Jos\u00e9 De Las Matas, Santiago, R.D., 24 de julio 2021.-\u00a0Cumpliendo con el deber de enfrentar todo hecho delictivo, la Direcci\u00f3n Regional Cibao Central, inform\u00f3 sobre el apresamiento de tres personas, mientras persigue a igual n\u00famero de pr\u00f3fugos, que hirieron de bala a Jos\u00e9 Alberto P\u00e9rez, 27 a\u00f1os, momento en que intentaron despojarlo de [&hellip;]<\/p>\n","protected":false},"author":5,"featured_media":288724,"comment_status":"closed","ping_status":"","sticky":true,"template":"","format":"standard","meta":{"footnotes":""},"categories":[24,27],"tags":[],"class_list":["post-288723","post","type-post","status-publish","format-standard","has-post-thumbnail","hentry","category-justicia-y-derecho","category-portada"],"_links":{"self":[{"href":"https:\/\/diariodominicano.com\/index.php?rest_route=\/wp\/v2\/posts\/288723","targetHints":{"allow":["GET"]}}],"collection":[{"href":"https:\/\/diariodominicano.com\/index.php?rest_route=\/wp\/v2\/posts"}],"about":[{"href":"https:\/\/diariodominicano.com\/index.php?rest_route=\/wp\/v2\/types\/post"}],"author":[{"embeddable":true,"href":"https:\/\/diariodominicano.com\/index.php?rest_route=\/wp\/v2\/users\/5"}],"replies":[{"embeddable":true,"href":"https:\/\/diariodominicano.com\/index.php?rest_route=%2Fwp%2Fv2%2Fcomments&post=288723"}],"version-history":[{"count":1,"href":"https:\/\/diariodominicano.com\/index.php?rest_route=\/wp\/v2\/posts\/288723\/revisions"}],"predecessor-version":[{"id":288725,"href":"https:\/\/diariodominicano.com\/index.php?rest_route=\/wp\/v2\/posts\/288723\/revisions\/288725"}],"wp:featuredmedia":[{"embeddable":true,"href":"https:\/\/diariodominicano.com\/index.php?rest_route=\/wp\/v2\/media\/288724"}],"wp:attachment":[{"href":"https:\/\/diariodominicano.com\/index.php?rest_route=%2Fwp%2Fv2%2Fmedia&parent=288723"}],"wp:term":[{"taxonomy":"category","embeddable":true,"href":"https:\/\/diariodominicano.com\/index.php?rest_route=%2Fwp%2Fv2%2Fcategories&post=288723"},{"taxonomy":"post_tag","embeddable":true,"href":"https:\/\/diariodominicano.com\/index.php?rest_route=%2Fwp%2Fv2%2Ftags&post=288723"}],"curies":[{"name":"wp","href":"https:\/\/api.w.org\/{rel}","templated":true}]}}