{"id":288687,"date":"2021-07-24T14:49:08","date_gmt":"2021-07-24T18:49:08","guid":{"rendered":"http:\/\/diariodominicano.com\/?p=288687"},"modified":"2021-07-24T14:49:08","modified_gmt":"2021-07-24T18:49:08","slug":"en-el-mes-del-autocuidado-sanofi-motiva-a-miles-de-personas-a-tomar-el-control-de-su-salud-con-cuidarmeesmipromesa","status":"publish","type":"post","link":"https:\/\/diariodominicano.com\/?p=288687","title":{"rendered":"En el Mes del Autocuidado SANOFI motiva a miles de personas a tomar el control de su salud con #CuidarmeEsMiPromesa"},"content":{"rendered":"\n<ul class=\"wp-block-list\"><li><em>En alianza con la Asociaci\u00f3n Latinoamericana de Autocuidado Responsable (ILAR), SANOFI empodera a m\u00e1s personas con la informaci\u00f3n que necesitan para vivir una vida sana y plena<\/em><\/li><\/ul>\n\n\n\n<p><strong>Rep\u00fablica Dominicana, julio de 2021 &#8211; <\/strong>Resaltado por la pandemia mundial de COVID-19, el autocuidado ocupa un lugar preponderante en la agenda p\u00fablica de Am\u00e9rica Latina. SANOFI, en su af\u00e1n por facilitar el acceso a informaci\u00f3n y soluciones de autocuidado para todas las personas, une esfuerzos con la<em> Asociaci\u00f3n Latinoamericana de Autocuidado Responsable (ILAR) <\/em>a nivel<em> <\/em>regional&nbsp;para lanzar su campa\u00f1a a prop\u00f3sito del Mes del Autocuidado <a href=\"https:\/\/selfcarepromise.org\/\">#CuidarmeEsMiPromesa<\/a>.<\/p>\n\n\n\n<p>La salud es un derecho humano y esencial para el logro de los Objetivos de Desarrollo Sostenible.&nbsp;El 24 de julio de cada a\u00f1o (24\/7) se conmemora el&nbsp;D\u00eda Internacional del Autocuidado de la Salud y en esta fecha, la Asociaci\u00f3n Latinoamericana de Autocuidado Responsable (ILAR) junto a la Federaci\u00f3n Global de Autocuidado (GSCF) y la Organizaci\u00f3n Mundial de la Salud, lideran la promoci\u00f3n del autocuidado responsable como la mejor herramienta para estar y mantenerse saludable.&nbsp;<\/p>\n\n\n\n<figure class=\"wp-block-image size-large is-style-default\"><img loading=\"lazy\" decoding=\"async\" width=\"1024\" height=\"526\" src=\"https:\/\/diariodominicano.com\/wp-content\/uploads\/2021\/07\/SANOFI1-1024x526.jpg\" alt=\"\" class=\"wp-image-288705\" srcset=\"https:\/\/diariodominicano.com\/wp-content\/uploads\/2021\/07\/SANOFI1-1024x526.jpg 1024w, https:\/\/diariodominicano.com\/wp-content\/uploads\/2021\/07\/SANOFI1-300x154.jpg 300w, https:\/\/diariodominicano.com\/wp-content\/uploads\/2021\/07\/SANOFI1-768x395.jpg 768w, https:\/\/diariodominicano.com\/wp-content\/uploads\/2021\/07\/SANOFI1-1536x789.jpg 1536w, https:\/\/diariodominicano.com\/wp-content\/uploads\/2021\/07\/SANOFI1-2048x1052.jpg 2048w, https:\/\/diariodominicano.com\/wp-content\/uploads\/2021\/07\/SANOFI1-816x419.jpg 816w\" sizes=\"auto, (max-width: 1024px) 100vw, 1024px\" \/><\/figure>\n\n\n\n<p>\u201cLa prevenci\u00f3n de enfermedades y la capacidad de gestionar con \u00e9xito afecciones menores es fundamental en el contexto que vivimos. Nos encontramos en una coyuntura importante para apoyar a los consumidores en sus esfuerzos por gestionar mejor su bienestar personal\u201d se\u00f1al\u00f3 Stephane Jacqmin, Region Head para Am\u00e9rica Latina del \u00e1rea de Consumer Health Care de SANOFI. \u201cReconocemos que nuestra responsabilidad con ellos no se limita simplemente a desarrollar medicamentos eficaces. En SANOFI estamos comprometidos a fortalecer colaboraciones pioneras e innovadoras para todas las personas, como lo demuestra nuestra alianza con ILAR\u201d.<\/p>\n\n\n\n<p>Durante el mes de julio SANOFI reunir\u00e1 medios y l\u00edderes de opini\u00f3n con especialistas y m\u00e9dicos en actividades de comunicaci\u00f3n dirigidas a los consumidores, que destacan la importancia del autocuidado, brindan recursos que impulsan la alfabetizaci\u00f3n en salud y buscan colaboraci\u00f3n entre profesionales de salud y actores p\u00fablicos y privados para generar una incidencia positiva en cuatro \u00e1reas de enfoque fundamentales:<\/p>\n\n\n\n<ol class=\"wp-block-list\"><li>El impulso de la alfabetizaci\u00f3n en salud.<\/li><li>El valor econ\u00f3mico y beneficios que el autocuidado representa para los sistemas de salud en Am\u00e9rica Latina.<\/li><li>El rol de los profesionales de la salud<strong>.<\/strong><\/li><li>La aceleraci\u00f3n en el uso de plataformas digitales.<\/li><\/ol>\n\n\n\n<p>Seg\u00fan el informe \u201cLas dimensiones econ\u00f3micas de las enfermedades no transmisibles en Am\u00e9rica Latina y el Caribe\u201d (2017) de la Organizaci\u00f3n Panamericana de la Salud, existen cuatro factores de riesgo modificables asociados a m\u00e1s de dos terceras partes del total de nuevos casos de enfermedades en el mundo: alimentaci\u00f3n poco saludable, consumo de tabaco, inactividad f\u00edsica y el consumo nocivo de alcohol. En este sentido -se\u00f1ala el estudio- \u201cel apoyo al autocontrol individual puede proporcionar educaci\u00f3n de una forma sistem\u00e1tica, reforzar las intervenciones y, aumentar las competencias y la confianza de los pacientes en la gesti\u00f3n de su propia salud y bienestar\u201d.<\/p>\n\n\n\n<p>Promover el autocuidado es una estrategia para extender el acceso a la salud en la poblaci\u00f3n, reducir la p\u00e9rdida de productividad por absentismo y generar ahorros a los sistemas de salud p\u00fablicos al minimizar la atenci\u00f3n de condiciones que no son graves, lo cual es altamente relevante en el contexto actual de la pandemia de COVID-19.&nbsp;<\/p>\n\n\n\n<p>En Rep\u00fablica Dominicana&nbsp; el equipo de SANOFI CHC junto a sus marcas Enterogermina, Pharmaton y Gelicart, buscar\u00e1n amplificar los beneficios del autocuidado consciente por medio de contenido digital, tiendas en l\u00ednea con los principales retailers, una campa\u00f1a de Relaciones P\u00fablicas y con los colaboradores de SANOFI por medio de la campa\u00f1a interna #CuidarmeEsMiPromesa.<\/p>\n\n\n\n<p>\u201cLa salud empieza con el autocuidado y m\u00e1s a\u00fan en esta nueva normalidad, por este motivo, reiteramos nuestro compromiso proporcionando soluciones que nos permitan administrar mejor el bienestar personal\u201d se\u00f1al\u00f3 Vanessa Cohen Science Hub Head para Am\u00e9rica Latina del \u00e1rea de Consumer Health Care de SANOFI.<\/p>\n\n\n\n<p>El trabajo conjunto de SANOFI e ILAR se encamina hacia el D\u00eda Mundial del Autocuidado el 24 de julio, una fecha oportuna para crear conciencia, conocimiento y educaci\u00f3n sobre la importancia del autocuidado en M\u00e9xico, e invitar a las personas a tomar el control de su salud.<\/p>\n\n\n\n<p>***<\/p>\n\n\n\n<p><strong><em>Contacto de prensa:&nbsp;<\/em><\/strong><\/p>\n\n\n\n<p><em>Marianneth Flores<\/em><\/p>\n\n\n\n<p><em>&nbsp;Tel. 809 979 8045 <\/em>&nbsp;<\/p>\n\n\n\n<p><a href=\"mailto:vesquivel@cacporternovelli.com\"><em>marianneth.flores@caribbeanpn.com<\/em><\/a><\/p>\n","protected":false},"excerpt":{"rendered":"<p>En alianza con la Asociaci\u00f3n Latinoamericana de Autocuidado Responsable (ILAR), SANOFI empodera a m\u00e1s personas con la informaci\u00f3n que necesitan para vivir una vida sana y plena Rep\u00fablica Dominicana, julio de 2021 &#8211; Resaltado por la pandemia mundial de COVID-19, el autocuidado ocupa un lugar preponderante en la agenda p\u00fablica de Am\u00e9rica Latina. SANOFI, en [&hellip;]<\/p>\n","protected":false},"author":7,"featured_media":288704,"comment_status":"closed","ping_status":"","sticky":true,"template":"","format":"standard","meta":{"footnotes":""},"categories":[25,27],"tags":[],"class_list":["post-288687","post","type-post","status-publish","format-standard","has-post-thumbnail","hentry","category-gente","category-portada"],"_links":{"self":[{"href":"https:\/\/diariodominicano.com\/index.php?rest_route=\/wp\/v2\/posts\/288687","targetHints":{"allow":["GET"]}}],"collection":[{"href":"https:\/\/diariodominicano.com\/index.php?rest_route=\/wp\/v2\/posts"}],"about":[{"href":"https:\/\/diariodominicano.com\/index.php?rest_route=\/wp\/v2\/types\/post"}],"author":[{"embeddable":true,"href":"https:\/\/diariodominicano.com\/index.php?rest_route=\/wp\/v2\/users\/7"}],"replies":[{"embeddable":true,"href":"https:\/\/diariodominicano.com\/index.php?rest_route=%2Fwp%2Fv2%2Fcomments&post=288687"}],"version-history":[{"count":1,"href":"https:\/\/diariodominicano.com\/index.php?rest_route=\/wp\/v2\/posts\/288687\/revisions"}],"predecessor-version":[{"id":288706,"href":"https:\/\/diariodominicano.com\/index.php?rest_route=\/wp\/v2\/posts\/288687\/revisions\/288706"}],"wp:featuredmedia":[{"embeddable":true,"href":"https:\/\/diariodominicano.com\/index.php?rest_route=\/wp\/v2\/media\/288704"}],"wp:attachment":[{"href":"https:\/\/diariodominicano.com\/index.php?rest_route=%2Fwp%2Fv2%2Fmedia&parent=288687"}],"wp:term":[{"taxonomy":"category","embeddable":true,"href":"https:\/\/diariodominicano.com\/index.php?rest_route=%2Fwp%2Fv2%2Fcategories&post=288687"},{"taxonomy":"post_tag","embeddable":true,"href":"https:\/\/diariodominicano.com\/index.php?rest_route=%2Fwp%2Fv2%2Ftags&post=288687"}],"curies":[{"name":"wp","href":"https:\/\/api.w.org\/{rel}","templated":true}]}}