{"id":288686,"date":"2021-07-24T14:40:47","date_gmt":"2021-07-24T18:40:47","guid":{"rendered":"http:\/\/diariodominicano.com\/?p=288686"},"modified":"2021-07-24T14:47:54","modified_gmt":"2021-07-24T18:47:54","slug":"delegacion-de-alcaldes-rd-visita-al-concejal-y-reverendo-diaz-en-el-bronx","status":"publish","type":"post","link":"https:\/\/diariodominicano.com\/?p=288686","title":{"rendered":"Delegaci\u00f3n de alcaldes RD visita al concejal y reverendo D\u00edaz en El Bronx"},"content":{"rendered":"\n<p><strong>Por Ram\u00f3n Mercedes<\/strong><\/p>\n\n\n\n<p><strong>NUEVA YORK.-<\/strong>&nbsp;Una delegaci\u00f3n de alcaldes de la Rep\u00fablica Dominicana visit\u00f3 este jueves al concejal por El Bronx e influyente reverendo en esta ciudad Rub\u00e9n D\u00edaz.<\/p>\n\n\n\n<p>Dicha comisi\u00f3n estuvo presidida por Ram\u00f3n Santos, alcalde del Distrito Municipal Los Botados, provincia de Monte Plata, y presidente de la Federaci\u00f3n Dominicana de Distritos Municipales (Fedodim) en el pa\u00eds caribe\u00f1o.<\/p>\n\n\n\n<p>Adem\u00e1s, por Rafael Bar\u00f3n Duluc (Cholit\u00edn), alcalde de Higuey y quien viene a representar la provincia La Altagracia en la primera \u201cFeria de Productos de RD\u201d, que dirige Eida Almonte, a efectuarse los pr\u00f3ximos d\u00edas 24 y 25 del presente mes en El Bronx, la cual est\u00e1 dedicada a dicha comarca.<\/p>\n\n\n\n<p>Asimismo, la integran Henrys Garc\u00eda, vicepresidente de Fedodim y alcalde del Distrito Municipal de Juancho, provincia de Pedernales; Jeudith Rodr\u00edguez y Rubelkis Figueroa, alcaldes de los Distritos Municipales de Pedro Garc\u00eda (Santiago) y Palo Alto (Barahona), ambos miembros de&nbsp;&nbsp;Fedodim.<\/p>\n\n\n\n<p>Todos fueron reconocidos por el Concejo Municipal de NYC, a trav\u00e9s del concejal D\u00edaz y presidente de la Organizaci\u00f3n de Ministros Cristianos de NY.<\/p>\n\n\n\n<p>Tambien fueron reconocidos el presidente de la C\u00e1mara de Comercio de la Provincia, Ra\u00fal Corpor\u00e1n; y V\u00edctor Dum\u00e9, director ejecutivo de Relacions P\u00fablicas del aeropuerto B\u00e1varo.<\/p>\n\n\n\n<p>En encuentro, celebrado en el sal\u00f3n principal de la \u201cIglesia Cristiana de la Comunidad\u201d donde el reverendo D\u00edaz es el pastor principal, est\u00e1 localizada en el 1437 de la avenida Longfellow en dicho condado. Asistieron pastores y seguidores de la mencionada Iglesia.<\/p>\n\n\n\n<p>El reverendo D\u00edas expres\u00f3 que el encuentro tuvo como finalidad hacer contactos, profundizar las relaciones y establecer futuros acuerdos de colaboracion.<\/p>\n\n\n\n<p>A\u00f1adi\u00f3 que la labor que est\u00e1n haciendo los dominicanos aqu\u00ed son significativas, ya son una institucion, un basti\u00f3n en el El Bronx y me siento honrado que ellos aceptaran nuestra invitacion\u201d, indic\u00f3.<\/p>\n\n\n\n<p>Precis\u00f3, \u201caunque pronto dejar\u00e9 de ser oficial electo, nuestro compromiso con la comunidad dominicana no cambia para nada , no cambia mi participacion ni acci\u00f3n y nuestro deseo de contribuir no cambia, lo \u00fanico que cambia es que no ser\u00e9 mas concejal, ni oficial electo porque no aspirar\u00e9 m\u00e1s a una posici\u00f3n, pero siguere siendo el mismo, sentenci\u00f3. <\/p>\n\n\n\n<figure class=\"wp-block-image size-large is-style-default\"><img loading=\"lazy\" decoding=\"async\" width=\"909\" height=\"441\" src=\"https:\/\/diariodominicano.com\/wp-content\/uploads\/2021\/07\/image-50.png\" alt=\"\" class=\"wp-image-288691\" srcset=\"https:\/\/diariodominicano.com\/wp-content\/uploads\/2021\/07\/image-50.png 909w, https:\/\/diariodominicano.com\/wp-content\/uploads\/2021\/07\/image-50-300x146.png 300w, https:\/\/diariodominicano.com\/wp-content\/uploads\/2021\/07\/image-50-768x373.png 768w, https:\/\/diariodominicano.com\/wp-content\/uploads\/2021\/07\/image-50-816x396.png 816w\" sizes=\"auto, (max-width: 909px) 100vw, 909px\" \/><figcaption>Delegaci\u00f3n de alcaldes RD visita al concejal y reverendo D\u00edaz en El Bronx <\/figcaption><\/figure>\n","protected":false},"excerpt":{"rendered":"<p>Por Ram\u00f3n Mercedes NUEVA YORK.-&nbsp;Una delegaci\u00f3n de alcaldes de la Rep\u00fablica Dominicana visit\u00f3 este jueves al concejal por El Bronx e influyente reverendo en esta ciudad Rub\u00e9n D\u00edaz. Dicha comisi\u00f3n estuvo presidida por Ram\u00f3n Santos, alcalde del Distrito Municipal Los Botados, provincia de Monte Plata, y presidente de la Federaci\u00f3n Dominicana de Distritos Municipales (Fedodim) [&hellip;]<\/p>\n","protected":false},"author":7,"featured_media":288691,"comment_status":"closed","ping_status":"","sticky":true,"template":"","format":"standard","meta":{"footnotes":""},"categories":[23,27],"tags":[],"class_list":["post-288686","post","type-post","status-publish","format-standard","has-post-thumbnail","hentry","category-internacional","category-portada"],"_links":{"self":[{"href":"https:\/\/diariodominicano.com\/index.php?rest_route=\/wp\/v2\/posts\/288686","targetHints":{"allow":["GET"]}}],"collection":[{"href":"https:\/\/diariodominicano.com\/index.php?rest_route=\/wp\/v2\/posts"}],"about":[{"href":"https:\/\/diariodominicano.com\/index.php?rest_route=\/wp\/v2\/types\/post"}],"author":[{"embeddable":true,"href":"https:\/\/diariodominicano.com\/index.php?rest_route=\/wp\/v2\/users\/7"}],"replies":[{"embeddable":true,"href":"https:\/\/diariodominicano.com\/index.php?rest_route=%2Fwp%2Fv2%2Fcomments&post=288686"}],"version-history":[{"count":3,"href":"https:\/\/diariodominicano.com\/index.php?rest_route=\/wp\/v2\/posts\/288686\/revisions"}],"predecessor-version":[{"id":288720,"href":"https:\/\/diariodominicano.com\/index.php?rest_route=\/wp\/v2\/posts\/288686\/revisions\/288720"}],"wp:featuredmedia":[{"embeddable":true,"href":"https:\/\/diariodominicano.com\/index.php?rest_route=\/wp\/v2\/media\/288691"}],"wp:attachment":[{"href":"https:\/\/diariodominicano.com\/index.php?rest_route=%2Fwp%2Fv2%2Fmedia&parent=288686"}],"wp:term":[{"taxonomy":"category","embeddable":true,"href":"https:\/\/diariodominicano.com\/index.php?rest_route=%2Fwp%2Fv2%2Fcategories&post=288686"},{"taxonomy":"post_tag","embeddable":true,"href":"https:\/\/diariodominicano.com\/index.php?rest_route=%2Fwp%2Fv2%2Ftags&post=288686"}],"curies":[{"name":"wp","href":"https:\/\/api.w.org\/{rel}","templated":true}]}}