{"id":288685,"date":"2021-07-24T12:46:44","date_gmt":"2021-07-24T16:46:44","guid":{"rendered":"http:\/\/diariodominicano.com\/?p=288685"},"modified":"2021-07-24T14:47:31","modified_gmt":"2021-07-24T18:47:31","slug":"camara-de-comercio-rd-en-usa-celebra-en-ny-cena-gala","status":"publish","type":"post","link":"https:\/\/diariodominicano.com\/?p=288685","title":{"rendered":"C\u00e1mara de Comercio RD en USA celebra en NY Cena Gala"},"content":{"rendered":"\n<p><strong>Por Ram\u00f3n Mercedes<\/strong><\/p>\n\n\n\n<p><strong>NUEVA YORK.-<\/strong>&nbsp;Con la participaci\u00f3n de empresarios, altos funcionarios gubernamentales dominicanos, profesionales, hombres de negocios, comerciantes, bodegueros, comunitarios, e invitados especiales fue celebrada la noche de este jueves una cena-gala a cargo de la \u201cC\u00e1mara de Comercio de RD en USA\u201d.<\/p>\n\n\n\n<p>La misma se hizo en beneficio de la \u201cC\u00e1mara\u201d y previo a la celebraci\u00f3n de la \u201cFeria de Productos de RD\u201d a efectuarse este s\u00e1bado y domingo en Walter Gladwin Park (Tremont con la Tercera avenida) en dicho condado. <\/p>\n\n\n\n<figure class=\"wp-block-image size-large is-resized is-style-default\"><img loading=\"lazy\" decoding=\"async\" src=\"https:\/\/diariodominicano.com\/wp-content\/uploads\/2021\/07\/image-46-1024x489.png\" alt=\"\" class=\"wp-image-288689\" width=\"616\" height=\"294\" srcset=\"https:\/\/diariodominicano.com\/wp-content\/uploads\/2021\/07\/image-46-1024x489.png 1024w, https:\/\/diariodominicano.com\/wp-content\/uploads\/2021\/07\/image-46-300x143.png 300w, https:\/\/diariodominicano.com\/wp-content\/uploads\/2021\/07\/image-46-768x367.png 768w, https:\/\/diariodominicano.com\/wp-content\/uploads\/2021\/07\/image-46-816x389.png 816w, https:\/\/diariodominicano.com\/wp-content\/uploads\/2021\/07\/image-46.png 1102w\" sizes=\"auto, (max-width: 616px) 100vw, 616px\" \/><figcaption>El Bronx C\u00e1mara de Comercio RD en USA celebra en NY Cena Gala<\/figcaption><\/figure>\n\n\n\n<p>La presidente de la entidad, Elida Almonte, manifest\u00f3 que la cena es el pre\u00e1mbulo de lo que ser\u00e1 el \u201cGran Festival Dominicano\u201d que por primera vez se ha creado un espacio para promover sus productos\u201d y m\u00e1s que una exhibici\u00f3n, degustaci\u00f3n de platos y productos, el \u201cDominican Taste\u201d es una plataforma de conexi\u00f3n comercial\u201d.<\/p>\n\n\n\n<p>Agradeci\u00f3 el apoyo y la presencia del c\u00f3nsul Eligio J\u00e1quez; del Ministro de Agricultura, Limber Cruz; del alcalde de Higuey, Rafael Bar\u00f3n Duluc (Cholit\u00edn) quien viene a representar la provincia La Altagracia en la \u201cFeria\u201d, que estar\u00e1 dedicada a ella y en homenaje al ingeniero Dar\u00edo Yunes.<\/p>\n\n\n\n<p>Asimismo, al presidente de la Federaci\u00f3n Dominicana de Distritos Municipales (Fedodim) de la RD y a la vez alcalde del Distrito Municipal Los Botados en la provincia Monte Plata, Ram\u00f3n Santos; y el alcalde del Distrito Municipal de B\u00e1varo, Manol\u00edn Ram\u00edrez.<\/p>\n\n\n\n<p>Tambi\u00e9n, el vicepresidente de Fedodim y alcalde del Distrito Municipal de Juancho en la provincia de Pedernales; Henry Garc\u00eda; y los alcaldes de los Distritos Municipales de Pedro Garc\u00eda (Santiago) y Palo Alto (Barahona), Jeudith Rodr\u00edguez y Rubelkis Figueroa, ambos miembros de&nbsp;&nbsp;Fedodim.<\/p>\n\n\n\n<p>Adem\u00e1s, al presidente de la \u201cFundaci\u00f3n Esperanza Internacional\u201d, Davi Valle, quien se hizo representar por ejecutivos de la entidad, entre ellos Grace Fern\u00e1ndez; el director en NY de Pro-Dominicana, Luis Emilio Ducasse y Raiza Rodr\u00edguez; el ejecutivo del aeropuerto de B\u00e1varo, V\u00edctor Dum\u00e9; el presidente de la C\u00e1mara de Comercio de La Altagracia, Jos\u00e9 Ra\u00fal Corporan; el director de Saborea Higuey, F\u00e9lix Pion; y a Lourdes Peralta, se\u00f1al\u00f3 Almonte.<\/p>\n\n\n\n<p>Luego, el c\u00f3nsul Eligio J\u00e1quez definio a Almonte como una mujer emprendedora, destacando su iniciativa de la C\u00e1mara de Comercio, adem\u00e1s de agradece el reconocimiento de que fue objeto.<\/p>\n\n\n\n<p>Por su parte, el alcalde de Higuey hablando a nombre de los higueyanos, dijo agradecer por dedicar la \u201cFeria\u201d a la provincia La Altagracia y a la memoria de un municipe nuestro, como lo fue el ingeniero Yunes, que ten\u00eda todas esas ideas locas en desarrollo de la cultura de la dominicanidad y el valor de los dominicanos.<\/p>\n\n\n\n<p>Tambi\u00e9n habl\u00f3 el hijo de Yanes, Enmanuel, para dar las gracias. Varios de los presentes fueron reconocidos por la organizaci\u00f3n.<\/p>\n\n\n\n<p>La \u201cFeria\u201d se desarrollar\u00e1 este s\u00e1bado y domingo con la exhibici\u00f3n de los productos dominicanos en Walter Gladwin Park (Tremont Park), ubicado en la avenida Tremont con la avenida Arthur en el mismo Bronx.<\/p>\n\n\n\n<p>Mayores detalles, visitar:\u00a0<a rel=\"noreferrer noopener\" href=\"http:\/\/dominicantastefestival.com\/login\" target=\"_blank\">http:\/\/dominicantastefestival.com\/login<\/a> <\/p>\n\n\n\n<figure class=\"wp-block-embed is-type-video is-provider-youtube wp-block-embed-youtube wp-embed-aspect-16-9 wp-has-aspect-ratio\"><div class=\"wp-block-embed__wrapper\">\n<iframe loading=\"lazy\" title=\"Dedican Feria Agropecuaria a Provincia Altagracia\" width=\"616\" height=\"347\" src=\"https:\/\/www.youtube.com\/embed\/UaYQgJykC-Q?feature=oembed\" frameborder=\"0\" allow=\"accelerometer; autoplay; clipboard-write; encrypted-media; gyroscope; picture-in-picture; web-share\" referrerpolicy=\"strict-origin-when-cross-origin\" allowfullscreen><\/iframe>\n<\/div><\/figure>\n","protected":false},"excerpt":{"rendered":"<p>Por Ram\u00f3n Mercedes NUEVA YORK.-&nbsp;Con la participaci\u00f3n de empresarios, altos funcionarios gubernamentales dominicanos, profesionales, hombres de negocios, comerciantes, bodegueros, comunitarios, e invitados especiales fue celebrada la noche de este jueves una cena-gala a cargo de la \u201cC\u00e1mara de Comercio de RD en USA\u201d. La misma se hizo en beneficio de la \u201cC\u00e1mara\u201d y previo a [&hellip;]<\/p>\n","protected":false},"author":7,"featured_media":288689,"comment_status":"closed","ping_status":"","sticky":true,"template":"","format":"standard","meta":{"footnotes":""},"categories":[23,27],"tags":[],"class_list":["post-288685","post","type-post","status-publish","format-standard","has-post-thumbnail","hentry","category-internacional","category-portada"],"_links":{"self":[{"href":"https:\/\/diariodominicano.com\/index.php?rest_route=\/wp\/v2\/posts\/288685","targetHints":{"allow":["GET"]}}],"collection":[{"href":"https:\/\/diariodominicano.com\/index.php?rest_route=\/wp\/v2\/posts"}],"about":[{"href":"https:\/\/diariodominicano.com\/index.php?rest_route=\/wp\/v2\/types\/post"}],"author":[{"embeddable":true,"href":"https:\/\/diariodominicano.com\/index.php?rest_route=\/wp\/v2\/users\/7"}],"replies":[{"embeddable":true,"href":"https:\/\/diariodominicano.com\/index.php?rest_route=%2Fwp%2Fv2%2Fcomments&post=288685"}],"version-history":[{"count":3,"href":"https:\/\/diariodominicano.com\/index.php?rest_route=\/wp\/v2\/posts\/288685\/revisions"}],"predecessor-version":[{"id":288718,"href":"https:\/\/diariodominicano.com\/index.php?rest_route=\/wp\/v2\/posts\/288685\/revisions\/288718"}],"wp:featuredmedia":[{"embeddable":true,"href":"https:\/\/diariodominicano.com\/index.php?rest_route=\/wp\/v2\/media\/288689"}],"wp:attachment":[{"href":"https:\/\/diariodominicano.com\/index.php?rest_route=%2Fwp%2Fv2%2Fmedia&parent=288685"}],"wp:term":[{"taxonomy":"category","embeddable":true,"href":"https:\/\/diariodominicano.com\/index.php?rest_route=%2Fwp%2Fv2%2Fcategories&post=288685"},{"taxonomy":"post_tag","embeddable":true,"href":"https:\/\/diariodominicano.com\/index.php?rest_route=%2Fwp%2Fv2%2Ftags&post=288685"}],"curies":[{"name":"wp","href":"https:\/\/api.w.org\/{rel}","templated":true}]}}