{"id":288657,"date":"2021-07-24T08:00:03","date_gmt":"2021-07-24T12:00:03","guid":{"rendered":"http:\/\/diariodominicano.com\/?p=288657"},"modified":"2021-07-24T08:00:03","modified_gmt":"2021-07-24T12:00:03","slug":"biden-reafirma-apoyo-a-afganistan-en-medio-de-escalada-del-conflicto","status":"publish","type":"post","link":"https:\/\/diariodominicano.com\/?p=288657","title":{"rendered":"Biden reafirma apoyo a Afganist\u00e1n en medio de escalada del conflicto"},"content":{"rendered":"\n<h3 class=\"wp-block-heading\">diariodominicano.com<a rel=\"noreferrer noopener\" href=\"http:\/\/home.xinhua-news.com\/gdsdetailxhs\/share\/9706411-?pageflag=iframe\" target=\"_blank\"><\/a><\/h3>\n\n\n\n<pre id=\"text-news-description\" class=\"wp-block-preformatted\">   WASHINGTON, 23 jul (Xinhua) -- El presidente estadounidense, Joe Biden, reafirm\u00f3 el apoyo de su pa\u00eds a Afganist\u00e1n durante una conversaci\u00f3n telef\u00f3nica con el presidente afgano, Mohammad Ashraf Ghani, en medio de una escalada de los combates ocurrida tras la retirada del Ej\u00e9rcito estadounidense del pa\u00eds asi\u00e1tico.\n   Biden afirm\u00f3 a Ghani que EE. UU. continuar\u00e1 ofreciendo asistencia al pueblo afgano y su ej\u00e9rcito, seg\u00fan la Casa Blanca.\n   Los dos presidentes acordaron que \"la ofensiva actual del grupo Talib\u00e1n constituye una directa contradicci\u00f3n con la declaraci\u00f3n del movimiento de respaldar una resoluci\u00f3n negociada del conflicto\", agreg\u00f3.\n   La Casa Blanca revel\u00f3 que los 3.300 millones de d\u00f3lares estadounidenses planeados para la asistencia de seguridad a Afganist\u00e1n en el a\u00f1o fiscal 2022 dar\u00e1n prioridad a las capacidades de la Fuerza A\u00e9rea Afgana, a los suministros principales, as\u00ed como a los salarios de las tropas afganas.\n   Esta conversaci\u00f3n entre los dos presidentes llega cuando los insurgentes talibanes contin\u00faan llevando a cabo intensos combates contra las fuerzas gubernamentales y ganando terreno desde la retirada del Ej\u00e9rcito estadounidense el 1 de mayo.\n   Biden ha ordenado el fin de la misi\u00f3n de las tropas del pa\u00eds norteamericano en Afganist\u00e1n para el 31 de agosto, varios d\u00edas antes de su fecha l\u00edmite original del 11 de septiembre. El Comando Central de EE. UU. confirm\u00f3 la semana pasada que ya se ha completado m\u00e1s del 95 por ciento de la retirada. <\/pre>\n","protected":false},"excerpt":{"rendered":"<p>diariodominicano.com WASHINGTON, 23 jul (Xinhua) &#8212; El presidente estadounidense, Joe Biden, reafirm\u00f3 el apoyo de su pa\u00eds a Afganist\u00e1n durante una conversaci\u00f3n telef\u00f3nica con el presidente afgano, Mohammad Ashraf Ghani, en medio de una escalada de los combates ocurrida tras la retirada del Ej\u00e9rcito estadounidense del pa\u00eds asi\u00e1tico. Biden afirm\u00f3 a Ghani que EE. UU. [&hellip;]<\/p>\n","protected":false},"author":5,"featured_media":288658,"comment_status":"closed","ping_status":"","sticky":true,"template":"","format":"standard","meta":{"footnotes":""},"categories":[23,27],"tags":[],"class_list":["post-288657","post","type-post","status-publish","format-standard","has-post-thumbnail","hentry","category-internacional","category-portada"],"_links":{"self":[{"href":"https:\/\/diariodominicano.com\/index.php?rest_route=\/wp\/v2\/posts\/288657","targetHints":{"allow":["GET"]}}],"collection":[{"href":"https:\/\/diariodominicano.com\/index.php?rest_route=\/wp\/v2\/posts"}],"about":[{"href":"https:\/\/diariodominicano.com\/index.php?rest_route=\/wp\/v2\/types\/post"}],"author":[{"embeddable":true,"href":"https:\/\/diariodominicano.com\/index.php?rest_route=\/wp\/v2\/users\/5"}],"replies":[{"embeddable":true,"href":"https:\/\/diariodominicano.com\/index.php?rest_route=%2Fwp%2Fv2%2Fcomments&post=288657"}],"version-history":[{"count":1,"href":"https:\/\/diariodominicano.com\/index.php?rest_route=\/wp\/v2\/posts\/288657\/revisions"}],"predecessor-version":[{"id":288659,"href":"https:\/\/diariodominicano.com\/index.php?rest_route=\/wp\/v2\/posts\/288657\/revisions\/288659"}],"wp:featuredmedia":[{"embeddable":true,"href":"https:\/\/diariodominicano.com\/index.php?rest_route=\/wp\/v2\/media\/288658"}],"wp:attachment":[{"href":"https:\/\/diariodominicano.com\/index.php?rest_route=%2Fwp%2Fv2%2Fmedia&parent=288657"}],"wp:term":[{"taxonomy":"category","embeddable":true,"href":"https:\/\/diariodominicano.com\/index.php?rest_route=%2Fwp%2Fv2%2Fcategories&post=288657"},{"taxonomy":"post_tag","embeddable":true,"href":"https:\/\/diariodominicano.com\/index.php?rest_route=%2Fwp%2Fv2%2Ftags&post=288657"}],"curies":[{"name":"wp","href":"https:\/\/api.w.org\/{rel}","templated":true}]}}