{"id":288611,"date":"2021-07-23T22:35:02","date_gmt":"2021-07-24T02:35:02","guid":{"rendered":"http:\/\/diariodominicano.com\/?p=288611"},"modified":"2021-07-23T22:35:02","modified_gmt":"2021-07-24T02:35:02","slug":"presidente-abinader-desarrollara-amplia-jornada-de-trabajo-este-sabado-y-domingo-en-san-francisco-de-macoris-y-santiago","status":"publish","type":"post","link":"https:\/\/diariodominicano.com\/?p=288611","title":{"rendered":"Presidente Abinader desarrollar\u00e1 amplia jornada de trabajo este s\u00e1bado y domingo en San Francisco de Macor\u00eds y Santiago"},"content":{"rendered":"\n<p>diariodominicano.com<\/p>\n\n\n\n<p>Santo Domingo, R. D., 23 de julio, 2021.- El presidente Luis Abinader continuar\u00e1 este s\u00e1bado y domingo su amplia jornada de trabajo, con diversas actividades en San Francisco de Macor\u00eds y Santiago.\u00a0<\/p>\n\n\n\n<p>A las 9:45 de la ma\u00f1ana del s\u00e1bado, el mandatario iniciar\u00e1 su recorrido con su participaci\u00f3n en la Consagraci\u00f3n Episcopal de monse\u00f1or Ram\u00f3n Alfredo De La Cruz Baldera, obispo electo de San Francisco de Macor\u00eds.&nbsp;<\/p>\n\n\n\n<p>La actividad se llevar\u00e1 a cabo en el Polideportivo Juli\u00e1n Javier.<\/p>\n\n\n\n<p><strong>Santiago<\/strong><\/p>\n\n\n\n<p>Continuando con su recorrido, el primer mandatario se trasladar\u00e1 a la ciudad de Santiago a las 12:30 del mediod\u00eda donde encabezar\u00e1 la entrega de proyectos de viviendas, en Los Ranchos,&nbsp;en el municipio de Sabana Iglesia.<\/p>\n\n\n\n<p>En horas de la tarde,&nbsp;en La Canela, el presidente Abinader entregar\u00e1 mil trescientos siete t\u00edtulos de propiedad a parceleros del Instituto Agrario Dominicano (IAD).&nbsp;<\/p>\n\n\n\n<p>Tambi\u00e9n en La Canela, el jefe de Estado presidir\u00e1&nbsp;la inauguraci\u00f3n del proyecto de electrificaci\u00f3n de EDENORTE en beneficio de cientos de familias de la zona.<\/p>\n\n\n\n<p>El gobernante terminar\u00e1 la tarde del s\u00e1bado con la inauguraci\u00f3n del acueducto (CORASAN), en el barrio de Cienfuegos.&nbsp;<\/p>\n\n\n\n<p><strong>Domingo<\/strong><\/p>\n\n\n\n<p>El domingo 25 de julio, el presidente de la Rep\u00fablica a las 10:30 de la ma\u00f1ana, iniciar\u00e1 su jornada de trabajo con el primer palazo del proyecto habitacional paseo de Gurabo.&nbsp;<\/p>\n\n\n\n<p>M\u00e1s adelante, el gobernante encabezar\u00e1 la inauguraci\u00f3n del Centro de Diagn\u00f3stico en el sector Los Salados (INVI).&nbsp;<\/p>\n\n\n\n<p>Posteriormente, el presidente Abinader se desplazar\u00e1 a Villa Altagracia a la 1:45 de la tarde, donde culminar\u00e1 su jornada con la entrega de t\u00edtulos en el Play Nino Espinosa, de este municipio.\u00a0<\/p>\n\n\n\n<p>Fuente:  Direcci\u00f3n de prensa<\/p>\n\n\n\n<p>Presidencia de la Rep\u00fablica Dominicana<\/p>\n","protected":false},"excerpt":{"rendered":"<p>diariodominicano.com Santo Domingo, R. D., 23 de julio, 2021.- El presidente Luis Abinader continuar\u00e1 este s\u00e1bado y domingo su amplia jornada de trabajo, con diversas actividades en San Francisco de Macor\u00eds y Santiago.\u00a0 A las 9:45 de la ma\u00f1ana del s\u00e1bado, el mandatario iniciar\u00e1 su recorrido con su participaci\u00f3n en la Consagraci\u00f3n Episcopal de monse\u00f1or [&hellip;]<\/p>\n","protected":false},"author":5,"featured_media":288613,"comment_status":"closed","ping_status":"","sticky":true,"template":"","format":"standard","meta":{"footnotes":""},"categories":[23,27],"tags":[],"class_list":["post-288611","post","type-post","status-publish","format-standard","has-post-thumbnail","hentry","category-internacional","category-portada"],"_links":{"self":[{"href":"https:\/\/diariodominicano.com\/index.php?rest_route=\/wp\/v2\/posts\/288611","targetHints":{"allow":["GET"]}}],"collection":[{"href":"https:\/\/diariodominicano.com\/index.php?rest_route=\/wp\/v2\/posts"}],"about":[{"href":"https:\/\/diariodominicano.com\/index.php?rest_route=\/wp\/v2\/types\/post"}],"author":[{"embeddable":true,"href":"https:\/\/diariodominicano.com\/index.php?rest_route=\/wp\/v2\/users\/5"}],"replies":[{"embeddable":true,"href":"https:\/\/diariodominicano.com\/index.php?rest_route=%2Fwp%2Fv2%2Fcomments&post=288611"}],"version-history":[{"count":1,"href":"https:\/\/diariodominicano.com\/index.php?rest_route=\/wp\/v2\/posts\/288611\/revisions"}],"predecessor-version":[{"id":288614,"href":"https:\/\/diariodominicano.com\/index.php?rest_route=\/wp\/v2\/posts\/288611\/revisions\/288614"}],"wp:featuredmedia":[{"embeddable":true,"href":"https:\/\/diariodominicano.com\/index.php?rest_route=\/wp\/v2\/media\/288613"}],"wp:attachment":[{"href":"https:\/\/diariodominicano.com\/index.php?rest_route=%2Fwp%2Fv2%2Fmedia&parent=288611"}],"wp:term":[{"taxonomy":"category","embeddable":true,"href":"https:\/\/diariodominicano.com\/index.php?rest_route=%2Fwp%2Fv2%2Fcategories&post=288611"},{"taxonomy":"post_tag","embeddable":true,"href":"https:\/\/diariodominicano.com\/index.php?rest_route=%2Fwp%2Fv2%2Ftags&post=288611"}],"curies":[{"name":"wp","href":"https:\/\/api.w.org\/{rel}","templated":true}]}}