{"id":288589,"date":"2021-07-23T21:02:21","date_gmt":"2021-07-24T01:02:21","guid":{"rendered":"http:\/\/diariodominicano.com\/?p=288589"},"modified":"2021-07-23T21:02:21","modified_gmt":"2021-07-24T01:02:21","slug":"el-pleno-de-la-jce-continua-encuentros-con-miembros-y-secretarios-de-juntas-electorales-del-nordeste","status":"publish","type":"post","link":"https:\/\/diariodominicano.com\/?p=288589","title":{"rendered":"El pleno de la JCE contin\u00faa encuentros con miembros y secretarios de juntas electorales del nordeste"},"content":{"rendered":"\n<p>\u00a0diariodominicano.com<\/p>\n\n\n\n<p><em>En este sexto encuentro regional participaron 21 representantes por cada junta electoral<\/em><em>ubicadas en las Provincia Duarte, S\u00e1nchez Ram\u00edrez, Hermanas Mirabal, Mar\u00eda Trinidad S\u00e1nchez y Saman\u00e1<\/em><\/p>\n\n\n\n<p>San Francisco de Macor\u00eds, R. D., 23 de julio, 2021.-\u00a0El pleno de la Junta Central Electoral (JCE) continu\u00f3 este viernes su calendario de reuniones con titulares y secretarios de juntas electorales del nordeste, para conocer la situaci\u00f3n\u00a0de 21 dependencias ubicadas en las provincias Duarte, S\u00e1nchez Ram\u00edrez, Hermanas Mirabal, Mar\u00eda Trinidad S\u00e1nchez y Saman\u00e1.<\/p>\n\n\n\n<p>La actividad estuvo encabezada por el pleno de la (JCE) y fue dirigido por el miembro titular Samir Chamir Isa, coordinador de la comisi\u00f3n de juntas electorales y partidos, agrupaciones y movimientos pol\u00edticos, quien antes de dejar abiertos los trabajos, solicit\u00f3 un minuto de silencio por el fallecimiento director del departamento de Partidos Pol\u00edticos, Guarino Cruz Echavarr\u00eda, ocurrido el pasado jueves.<\/p>\n\n\n\n<p>Destac\u00f3 en su discurso que todos los encuentros de juntas electorales realizados hasta el momento han sido muy productivos y, a partir de los mismos, se han resuelto situaciones planteadas.<\/p>\n\n\n\n<p>\u201cSabemos todos los problemas que hay, vamos a estar claros, y sabemos que no lo vamos a resolver de la noche a la ma\u00f1ana, pero vamos resolviendo, hay temas mayores que ustedes y nosotros sabemos, pero por un tema de presupuesto no podemos resolverlo de la noche a la ma\u00f1ana. La Junta en este momento tiene un d\u00e9ficit presupuestario mensual de casi 100 y pico millones de pesos, pero estamos sacando de abajo para poder hacer las cosas bien y que todos nos sintamos bien, expres\u00f3.<\/p>\n\n\n\n<p>En otro orden, Chami Isa dijo que, en lo adelante, se informar\u00e1 el momento en que se conformar\u00e1n las juntas electorales y que, para ese entonces, se estar\u00e1n invitando a los partidos pol\u00edticos, la sociedad civil y a los actores principales de cada uno de su comunidad, a fin de tomar la mejor decisi\u00f3n.<\/p>\n\n\n\n<p>De su lado, la miembro titular, Dolores Fern\u00e1ndez, expres\u00f3 su gran inter\u00e9s de que cada una de las solicitudes realizadas por los presentes sean tomadas en cuenta y resalt\u00f3 la importancia que tiene el esp\u00edritu de unidad en la instituci\u00f3n.<\/p>\n\n\n\n<p>\u201cLas juntas electorales y la Junta Central Electoral y todas sus dependencias tenemos que se ser un solo cuerpo donde el oficial, el secretario, colegio y el centro de cedulaci\u00f3n trabajemos de la mano\u201d, expres\u00f3.<\/p>\n\n\n\n<figure class=\"wp-block-image size-large\"><img loading=\"lazy\" decoding=\"async\" width=\"1024\" height=\"682\" src=\"https:\/\/diariodominicano.com\/wp-content\/uploads\/2021\/07\/JCE-publico-2021-07-23.jpg\" alt=\"\" class=\"wp-image-288591\" srcset=\"https:\/\/diariodominicano.com\/wp-content\/uploads\/2021\/07\/JCE-publico-2021-07-23.jpg 1024w, https:\/\/diariodominicano.com\/wp-content\/uploads\/2021\/07\/JCE-publico-2021-07-23-300x200.jpg 300w, https:\/\/diariodominicano.com\/wp-content\/uploads\/2021\/07\/JCE-publico-2021-07-23-768x512.jpg 768w, https:\/\/diariodominicano.com\/wp-content\/uploads\/2021\/07\/JCE-publico-2021-07-23-816x543.jpg 816w\" sizes=\"auto, (max-width: 1024px) 100vw, 1024px\" \/><\/figure>\n\n\n\n<p>El cierre de la actividad estuvo a cargo del miembro titular, Rafael Armando Vallejo Santelises, que llam\u00f3 a todos a la responsabilidad en el sostenimiento de la democracia en el pa\u00eds.<\/p>\n\n\n\n<p>\u201cPido la colaboraci\u00f3n para el presente y futuro, hacer lo que tenemos que hacer para que este pa\u00eds siga creciendo no obstante a las dificultades, pido dejar el pasado atr\u00e1s y trabajar para reponer la confianza en los procesos electorales, para salir con la satisfacci\u00f3n plena del deber cumplido\u201d, postul\u00f3.<\/p>\n\n\n\n<p>Los pr\u00f3ximos encuentros de juntas se realizar\u00e1n en Santo Domingo Este y el Distrito Nacional.<\/p>\n\n\n\n<p>En el encuentro participaron los miembros titulares Rafael Armando Vallejo Santelises, Dolores Fern\u00e1ndez S\u00e1nchez, Patricia Lorenzo Paniagua y Samir Chamir Isa.<\/p>\n\n\n\n<p>Por la comisi\u00f3n de juntas electorales, partidos, agrupaciones y movimientos pol\u00edticos, estuvieron presentes&nbsp;Anibelca Rosario, miembro suplente adscrito; Prado L\u00f3pez Cornielle, miembro suplente adscrito; Mario N\u00fa\u00f1ez Valdez, director nacional de elecciones; Ram\u00f3n Urb\u00e1ez Mancebo, coordinador de juntas electorales, y Ariel Andr\u00e9s Liranzo Liz, director de Recursos Humanos.<\/p>\n\n\n\n<p>Tambi\u00e9n Pen\u00e9lope Taveras Ortiz, subdirectora en representaci\u00f3n de la Direcci\u00f3n Nacional de Inspector\u00eda y Emily F\u00e9liz Matos, secretaria de la comisi\u00f3n. Adem\u00e1s, nos acompa\u00f1an Sonne Beltr\u00e9 Ram\u00edrez, secretario general de la JCE y Lourdes Cepeda en representaci\u00f3n de la Direcci\u00f3n General Administrativa.<\/p>\n\n\n\n<p>Fuente:  Direcci\u00f3n de Comunicaciones<\/p>\n\n\n\n<p>Junta Central Electoral (JCE)<\/p>\n","protected":false},"excerpt":{"rendered":"<p>\u00a0diariodominicano.com En este sexto encuentro regional participaron 21 representantes por cada junta electoralubicadas en las Provincia Duarte, S\u00e1nchez Ram\u00edrez, Hermanas Mirabal, Mar\u00eda Trinidad S\u00e1nchez y Saman\u00e1 San Francisco de Macor\u00eds, R. D., 23 de julio, 2021.-\u00a0El pleno de la Junta Central Electoral (JCE) continu\u00f3 este viernes su calendario de reuniones con titulares y secretarios de [&hellip;]<\/p>\n","protected":false},"author":5,"featured_media":288590,"comment_status":"closed","ping_status":"","sticky":true,"template":"","format":"standard","meta":{"footnotes":""},"categories":[22,27],"tags":[],"class_list":["post-288589","post","type-post","status-publish","format-standard","has-post-thumbnail","hentry","category-politica","category-portada"],"_links":{"self":[{"href":"https:\/\/diariodominicano.com\/index.php?rest_route=\/wp\/v2\/posts\/288589","targetHints":{"allow":["GET"]}}],"collection":[{"href":"https:\/\/diariodominicano.com\/index.php?rest_route=\/wp\/v2\/posts"}],"about":[{"href":"https:\/\/diariodominicano.com\/index.php?rest_route=\/wp\/v2\/types\/post"}],"author":[{"embeddable":true,"href":"https:\/\/diariodominicano.com\/index.php?rest_route=\/wp\/v2\/users\/5"}],"replies":[{"embeddable":true,"href":"https:\/\/diariodominicano.com\/index.php?rest_route=%2Fwp%2Fv2%2Fcomments&post=288589"}],"version-history":[{"count":1,"href":"https:\/\/diariodominicano.com\/index.php?rest_route=\/wp\/v2\/posts\/288589\/revisions"}],"predecessor-version":[{"id":288592,"href":"https:\/\/diariodominicano.com\/index.php?rest_route=\/wp\/v2\/posts\/288589\/revisions\/288592"}],"wp:featuredmedia":[{"embeddable":true,"href":"https:\/\/diariodominicano.com\/index.php?rest_route=\/wp\/v2\/media\/288590"}],"wp:attachment":[{"href":"https:\/\/diariodominicano.com\/index.php?rest_route=%2Fwp%2Fv2%2Fmedia&parent=288589"}],"wp:term":[{"taxonomy":"category","embeddable":true,"href":"https:\/\/diariodominicano.com\/index.php?rest_route=%2Fwp%2Fv2%2Fcategories&post=288589"},{"taxonomy":"post_tag","embeddable":true,"href":"https:\/\/diariodominicano.com\/index.php?rest_route=%2Fwp%2Fv2%2Ftags&post=288589"}],"curies":[{"name":"wp","href":"https:\/\/api.w.org\/{rel}","templated":true}]}}