{"id":288584,"date":"2021-07-23T21:53:31","date_gmt":"2021-07-24T01:53:31","guid":{"rendered":"http:\/\/diariodominicano.com\/?p=288584"},"modified":"2021-07-23T21:53:31","modified_gmt":"2021-07-24T01:53:31","slug":"minerd-distribuye-en-cotui-dispositivos-tecnologicos-a-estudiantes","status":"publish","type":"post","link":"https:\/\/diariodominicano.com\/?p=288584","title":{"rendered":"Minerd distribuye en Cotu\u00ed dispositivos tecnol\u00f3gicos a estudiantes"},"content":{"rendered":"\n<p><strong>Presidente Abinader y ministro Fulcar inauguran entrega de 26,891 equipos<\/strong><\/p>\n\n\n\n<p>Cotu\u00ed, S\u00e1nchez Ram\u00edrez.- El presidente Luis Abinader encabez\u00f3 este viernes la entrega de 26,891 equipos tecnol\u00f3gicos. Son 15,422 tabletas y 11,469 netbooks para la poblaci\u00f3n estudiantil de la Regional 16 de Cotu\u00ed, provincia S\u00e1nchez Ram\u00edrez.<\/p>\n\n\n\n<p>El ministro Roberto Fulcar, dijo que \u201cLo que estamos haciendo esta tarde en Cotu\u00ed es la materializaci\u00f3n del discurso del presidente Luis Abinader de garantizar igualdad de oportunidades para toda la poblaci\u00f3n con educaci\u00f3n de calidad para todos nuestros ni\u00f1os, ni\u00f1as, j\u00f3venes y adolescentes de todos los rincones del pa\u00eds\u201d.<\/p>\n\n\n\n<p>La Regional 16 est\u00e1 compuesta por 7 Distritos, cuatro de ellos en la provincia S\u00e1nchez Ram\u00edrez. La directora Mayelin Almonte, destac\u00f3 la labor para mantener la docencia en medio de la pandemia del Covid19.<\/p>\n\n\n\n<p>&nbsp;\u201cEl arduo proceso de dotaci\u00f3n de equipos tecnol\u00f3gicos que se est\u00e1 llevando a cabo en todo el territorio nacional, marca un antes y un despu\u00e9s en la educaci\u00f3n dominicana, y es sin lugar a dudas un esfuerzo extraordinario que demuestra que se est\u00e1 trabajando para cerrar la brecha tecnol\u00f3gica y de este modo asegurar que ning\u00fan estudiante se quede atr\u00e1s\u201d.<\/p>\n\n\n\n<p>Jimmy Rosario, director de Tecnolog\u00eda e Informaci\u00f3n de la Comunicaci\u00f3n explic\u00f3 los detalles t\u00e9cnicos de los equipos.<\/p>\n\n\n\n<p>Las palabras de agradecimiento estuvieron a cargo de la ni\u00f1a Aliuska Ceballos Morales del sexto grado de primaria. Dijo que con los equipos podr\u00e1n tener una mejor educaci\u00f3n.<\/p>\n\n\n\n<p>\u201cLa palabra m\u00e1s pura que brota de lo m\u00e1s profundo de mi coraz\u00f3n es gracias, Por todo el esfuerzo realizado para que miles de estudiantes recibi\u00e9ramos el pan de la ense\u00f1anza a pesar de todas las dificultades provocadas por la pandemia del Covid 19\u201d.<\/p>\n\n\n\n<p>Los ni\u00f1os Sherley P\u00e9rez, Steysi Mej\u00eda, Scarlet Cordero, Kateherine D\u00edaz, Robert \u00c1ngel Morales y Alberto Rond\u00f3n recibieron sus equipos tecnol\u00f3gicos de manos del presidente Abinader.<\/p>\n\n\n\n<p>A la actividad asistieron Esteban Tiburcio, rector de la Universidad Tecnol\u00f3gica Cibao Oriental (UTECO), Cristina Rodr\u00edguez gobernadora provincial, el senador Ricardo de los Santos y los diputados Sadoki Duarte y Gerardo Concepci\u00f3n. El tesorero nacional, Luis Delgado y el ministro de Obras P\u00fablicas, Deligne Ascenci\u00f3n.<\/p>\n\n\n\n<p>Tambi\u00e9n Robinson Mej\u00eda Javier, p\u00e1rroco de la iglesia Inmaculada Concepci\u00f3n quien tuvo las palabras de bendici\u00f3n y Nelson Cuevas, presidente de la Asociaci\u00f3n de Padres, Madres, Tutores y Amigos de la Escuela (APMAE).<\/p>\n\n\n\n<p><strong>Ministerio de Educaci\u00f3n<\/strong><\/p>\n\n\n\n<p><strong>Direcci\u00f3n de Comunicaci\u00f3n<\/strong><\/p>\n","protected":false},"excerpt":{"rendered":"<p>Presidente Abinader y ministro Fulcar inauguran entrega de 26,891 equipos Cotu\u00ed, S\u00e1nchez Ram\u00edrez.- El presidente Luis Abinader encabez\u00f3 este viernes la entrega de 26,891 equipos tecnol\u00f3gicos. Son 15,422 tabletas y 11,469 netbooks para la poblaci\u00f3n estudiantil de la Regional 16 de Cotu\u00ed, provincia S\u00e1nchez Ram\u00edrez. El ministro Roberto Fulcar, dijo que \u201cLo que estamos haciendo [&hellip;]<\/p>\n","protected":false},"author":7,"featured_media":0,"comment_status":"closed","ping_status":"","sticky":true,"template":"","format":"standard","meta":{"footnotes":""},"categories":[20,27],"tags":[],"class_list":["post-288584","post","type-post","status-publish","format-standard","hentry","category-dominicana-hoy","category-portada"],"_links":{"self":[{"href":"https:\/\/diariodominicano.com\/index.php?rest_route=\/wp\/v2\/posts\/288584","targetHints":{"allow":["GET"]}}],"collection":[{"href":"https:\/\/diariodominicano.com\/index.php?rest_route=\/wp\/v2\/posts"}],"about":[{"href":"https:\/\/diariodominicano.com\/index.php?rest_route=\/wp\/v2\/types\/post"}],"author":[{"embeddable":true,"href":"https:\/\/diariodominicano.com\/index.php?rest_route=\/wp\/v2\/users\/7"}],"replies":[{"embeddable":true,"href":"https:\/\/diariodominicano.com\/index.php?rest_route=%2Fwp%2Fv2%2Fcomments&post=288584"}],"version-history":[{"count":1,"href":"https:\/\/diariodominicano.com\/index.php?rest_route=\/wp\/v2\/posts\/288584\/revisions"}],"predecessor-version":[{"id":288608,"href":"https:\/\/diariodominicano.com\/index.php?rest_route=\/wp\/v2\/posts\/288584\/revisions\/288608"}],"wp:attachment":[{"href":"https:\/\/diariodominicano.com\/index.php?rest_route=%2Fwp%2Fv2%2Fmedia&parent=288584"}],"wp:term":[{"taxonomy":"category","embeddable":true,"href":"https:\/\/diariodominicano.com\/index.php?rest_route=%2Fwp%2Fv2%2Fcategories&post=288584"},{"taxonomy":"post_tag","embeddable":true,"href":"https:\/\/diariodominicano.com\/index.php?rest_route=%2Fwp%2Fv2%2Ftags&post=288584"}],"curies":[{"name":"wp","href":"https:\/\/api.w.org\/{rel}","templated":true}]}}