{"id":288583,"date":"2021-07-23T21:28:42","date_gmt":"2021-07-24T01:28:42","guid":{"rendered":"http:\/\/diariodominicano.com\/?p=288583"},"modified":"2021-07-23T21:30:05","modified_gmt":"2021-07-24T01:30:05","slug":"camara-de-diputados-aprueba-resolucion-que-reconoce-seleccion-dominicana-de-basquetbol-77","status":"publish","type":"post","link":"https:\/\/diariodominicano.com\/?p=288583","title":{"rendered":"C\u00e1mara de Diputados aprueba resoluci\u00f3n que reconoce selecci\u00f3n dominicana de b\u00e1squetbol 77"},"content":{"rendered":"\n<p>La C\u00e1mara de diputados de la Rep\u00fablica aprob\u00f3 este jueves una resoluci\u00f3n que reconoce a la<strong>&nbsp;<\/strong>selecci\u00f3n dominicana de b\u00e1squetbol, por coronarse&nbsp;&nbsp;campe\u00f3n y ganar por primera vez medalla de Oro en Centro B\u00e1squet 77,&nbsp;&nbsp;celebrado en la ciudad de Panam\u00e1.<\/p>\n\n\n\n<p>La iniciativa sometida por el diputado representante de la Comunidad dominicana en el Exterior, doctor Ram\u00f3n Ceballo, indica que el reconocimiento deber\u00e1 ser&nbsp;plasmado en un pergamino a cada uno de los integrantes de la referida selecci\u00f3n nacional de esa \u00e9poca,&nbsp;y a sus dos dirigentes, donde una comisi\u00f3n de diputados entregar\u00e1 el galard\u00f3n en&nbsp;un acto cuya fecha, hora y lugar ser\u00e1 establecido por la presidencia de la C\u00e1mara de Diputados.<\/p>\n\n\n\n<p>Uno de los considerandos de la iniciativa explica que&nbsp;hacen 43 A\u00f1os de haber logrado esa proeza deportiva en la cual, por primera vez en la historia, el baloncesto puso en alto el nombre de la Republica Dominicana en playas extranjeras.<\/p>\n\n\n\n<p>Del 2 al 9 de septiembre del a\u00f1o 1977&nbsp;fue celebrado&nbsp;el torneo Centrobasket 77, en la ciudad de Panana, Rep\u00fablica de Panam\u00e1.<\/p>\n\n\n\n<p>Tambi\u00e9n subraya la resoluci\u00f3n, &nbsp;el manejo&nbsp;magistral de los&nbsp;&nbsp;dirigentes,&nbsp;los dirigentes Humberto Rodr\u00edguez y Faisal Abel.<\/p>\n\n\n\n<figure class=\"wp-block-image size-large is-style-default\"><img loading=\"lazy\" decoding=\"async\" width=\"1024\" height=\"526\" src=\"https:\/\/diariodominicano.com\/wp-content\/uploads\/2021\/07\/Camara-de-Diputados-aprueba-resolucion-que-reconoce-seleccion-dominicana-de-basquetbol-7711-1024x526.jpg\" alt=\"\" class=\"wp-image-288605\" srcset=\"https:\/\/diariodominicano.com\/wp-content\/uploads\/2021\/07\/Camara-de-Diputados-aprueba-resolucion-que-reconoce-seleccion-dominicana-de-basquetbol-7711-1024x526.jpg 1024w, https:\/\/diariodominicano.com\/wp-content\/uploads\/2021\/07\/Camara-de-Diputados-aprueba-resolucion-que-reconoce-seleccion-dominicana-de-basquetbol-7711-300x154.jpg 300w, https:\/\/diariodominicano.com\/wp-content\/uploads\/2021\/07\/Camara-de-Diputados-aprueba-resolucion-que-reconoce-seleccion-dominicana-de-basquetbol-7711-768x395.jpg 768w, https:\/\/diariodominicano.com\/wp-content\/uploads\/2021\/07\/Camara-de-Diputados-aprueba-resolucion-que-reconoce-seleccion-dominicana-de-basquetbol-7711-1536x789.jpg 1536w, https:\/\/diariodominicano.com\/wp-content\/uploads\/2021\/07\/Camara-de-Diputados-aprueba-resolucion-que-reconoce-seleccion-dominicana-de-basquetbol-7711-2048x1052.jpg 2048w, https:\/\/diariodominicano.com\/wp-content\/uploads\/2021\/07\/Camara-de-Diputados-aprueba-resolucion-que-reconoce-seleccion-dominicana-de-basquetbol-7711-816x419.jpg 816w\" sizes=\"auto, (max-width: 1024px) 100vw, 1024px\" \/><\/figure>\n\n\n\n<p>El&nbsp;equipo dominicano estuvo integrado por Pepe Roz\u00f3n, Manolo Prince, Chicho Sibilio. Alejandro Tejeda, Vinicio Mu\u00f1oz, Iv\u00e1n Mieses. Eduardo G\u00f3mez, V\u00edctor Chac\u00f3n, Hugo Cabrera, Frank Prats, Evaristo P\u00e9rez y H\u00e9ctor B\u00e1ez<\/p>\n\n\n\n<p>El diputado Ceballo anota que\u00a0el triunfo logrado por la Selecci\u00f3n Nacional en tan exigente evento, lleno de orgullo a toda la familia dominicana, sirviendo de precedente para las futuras generaciones; incentivando la pr\u00e1ctica deportiva a nivel nacional y enalteciendo el nombre de Rep\u00fablica Dominicana en los escenarios internacionales <\/p>\n\n\n\n<p>Colaboraci\u00f3n <strong>Diputado Ramon Ceballo<\/strong> <\/p>\n","protected":false},"excerpt":{"rendered":"<p>La C\u00e1mara de diputados de la Rep\u00fablica aprob\u00f3 este jueves una resoluci\u00f3n que reconoce a la&nbsp;selecci\u00f3n dominicana de b\u00e1squetbol, por coronarse&nbsp;&nbsp;campe\u00f3n y ganar por primera vez medalla de Oro en Centro B\u00e1squet 77,&nbsp;&nbsp;celebrado en la ciudad de Panam\u00e1. La iniciativa sometida por el diputado representante de la Comunidad dominicana en el Exterior, doctor Ram\u00f3n Ceballo, [&hellip;]<\/p>\n","protected":false},"author":7,"featured_media":288605,"comment_status":"closed","ping_status":"","sticky":true,"template":"","format":"standard","meta":{"footnotes":""},"categories":[17,27],"tags":[],"class_list":["post-288583","post","type-post","status-publish","format-standard","has-post-thumbnail","hentry","category-deportes","category-portada"],"_links":{"self":[{"href":"https:\/\/diariodominicano.com\/index.php?rest_route=\/wp\/v2\/posts\/288583","targetHints":{"allow":["GET"]}}],"collection":[{"href":"https:\/\/diariodominicano.com\/index.php?rest_route=\/wp\/v2\/posts"}],"about":[{"href":"https:\/\/diariodominicano.com\/index.php?rest_route=\/wp\/v2\/types\/post"}],"author":[{"embeddable":true,"href":"https:\/\/diariodominicano.com\/index.php?rest_route=\/wp\/v2\/users\/7"}],"replies":[{"embeddable":true,"href":"https:\/\/diariodominicano.com\/index.php?rest_route=%2Fwp%2Fv2%2Fcomments&post=288583"}],"version-history":[{"count":2,"href":"https:\/\/diariodominicano.com\/index.php?rest_route=\/wp\/v2\/posts\/288583\/revisions"}],"predecessor-version":[{"id":288607,"href":"https:\/\/diariodominicano.com\/index.php?rest_route=\/wp\/v2\/posts\/288583\/revisions\/288607"}],"wp:featuredmedia":[{"embeddable":true,"href":"https:\/\/diariodominicano.com\/index.php?rest_route=\/wp\/v2\/media\/288605"}],"wp:attachment":[{"href":"https:\/\/diariodominicano.com\/index.php?rest_route=%2Fwp%2Fv2%2Fmedia&parent=288583"}],"wp:term":[{"taxonomy":"category","embeddable":true,"href":"https:\/\/diariodominicano.com\/index.php?rest_route=%2Fwp%2Fv2%2Fcategories&post=288583"},{"taxonomy":"post_tag","embeddable":true,"href":"https:\/\/diariodominicano.com\/index.php?rest_route=%2Fwp%2Fv2%2Ftags&post=288583"}],"curies":[{"name":"wp","href":"https:\/\/api.w.org\/{rel}","templated":true}]}}