{"id":288571,"date":"2021-07-23T20:52:15","date_gmt":"2021-07-24T00:52:15","guid":{"rendered":"http:\/\/diariodominicano.com\/?p=288571"},"modified":"2021-07-23T21:09:52","modified_gmt":"2021-07-24T01:09:52","slug":"llegan-mas-vacunas-anticovid-19-a-la-republica-dominicana-2","status":"publish","type":"post","link":"https:\/\/diariodominicano.com\/?p=288571","title":{"rendered":"Llegan m\u00e1s vacunas antiCovid-19 a la Rep\u00fablica Dominicana"},"content":{"rendered":"\n<p>\u00a0<\/p>\n\n\n\n<p>diariodominicano.com<\/p>\n\n\n\n<p>Santo Domingo, 23 jul (Prensa Latina) Un cargamento de vacunas antiCovid-19 Pfizer, procedente de Estados Unidos, lleg\u00f3 hoy a la Rep\u00fablica Dominicana.<br>Seg\u00fan anunci\u00f3 la vicepresidenta del pa\u00eds, Raquel Pe\u00f1a, a trav\u00e9s de su cuenta en la red social Twitter, arribaron 445 mil 770 dosis del f\u00e1rmaco &#8216;que suman esperanza y nuevas fuerzas a los dominicanos que nos faltan por vacunar. Este es el mejor momento, \u00e1vac\u00fanate! #Vac\u00fanateRD&#8217;.<\/p>\n\n\n\n<p>Es el sexto lote que se recibe en el pa\u00eds de esa farmac\u00e9utica y con \u00e9l suman un mill\u00f3n 639 mil 680 dosis de un contrato existente por nueve millones 999 mil 990.<\/p>\n\n\n\n<p>Hasta ayer, Dominicana hab\u00eda inoculado con la primera dosis a cinco millones 432 mil 72 personas; con la segunda a tres millones 944 mil 218 y con la de refuerzo a 261 mil 233.<\/p>\n\n\n\n<p>ga\/ema<\/p>\n","protected":false},"excerpt":{"rendered":"<p>\u00a0 diariodominicano.com Santo Domingo, 23 jul (Prensa Latina) Un cargamento de vacunas antiCovid-19 Pfizer, procedente de Estados Unidos, lleg\u00f3 hoy a la Rep\u00fablica Dominicana.Seg\u00fan anunci\u00f3 la vicepresidenta del pa\u00eds, Raquel Pe\u00f1a, a trav\u00e9s de su cuenta en la red social Twitter, arribaron 445 mil 770 dosis del f\u00e1rmaco &#8216;que suman esperanza y nuevas fuerzas a [&hellip;]<\/p>\n","protected":false},"author":5,"featured_media":288587,"comment_status":"closed","ping_status":"","sticky":true,"template":"","format":"standard","meta":{"footnotes":""},"categories":[20,27],"tags":[],"class_list":["post-288571","post","type-post","status-publish","format-standard","has-post-thumbnail","hentry","category-dominicana-hoy","category-portada"],"_links":{"self":[{"href":"https:\/\/diariodominicano.com\/index.php?rest_route=\/wp\/v2\/posts\/288571","targetHints":{"allow":["GET"]}}],"collection":[{"href":"https:\/\/diariodominicano.com\/index.php?rest_route=\/wp\/v2\/posts"}],"about":[{"href":"https:\/\/diariodominicano.com\/index.php?rest_route=\/wp\/v2\/types\/post"}],"author":[{"embeddable":true,"href":"https:\/\/diariodominicano.com\/index.php?rest_route=\/wp\/v2\/users\/5"}],"replies":[{"embeddable":true,"href":"https:\/\/diariodominicano.com\/index.php?rest_route=%2Fwp%2Fv2%2Fcomments&post=288571"}],"version-history":[{"count":3,"href":"https:\/\/diariodominicano.com\/index.php?rest_route=\/wp\/v2\/posts\/288571\/revisions"}],"predecessor-version":[{"id":288595,"href":"https:\/\/diariodominicano.com\/index.php?rest_route=\/wp\/v2\/posts\/288571\/revisions\/288595"}],"wp:featuredmedia":[{"embeddable":true,"href":"https:\/\/diariodominicano.com\/index.php?rest_route=\/wp\/v2\/media\/288587"}],"wp:attachment":[{"href":"https:\/\/diariodominicano.com\/index.php?rest_route=%2Fwp%2Fv2%2Fmedia&parent=288571"}],"wp:term":[{"taxonomy":"category","embeddable":true,"href":"https:\/\/diariodominicano.com\/index.php?rest_route=%2Fwp%2Fv2%2Fcategories&post=288571"},{"taxonomy":"post_tag","embeddable":true,"href":"https:\/\/diariodominicano.com\/index.php?rest_route=%2Fwp%2Fv2%2Ftags&post=288571"}],"curies":[{"name":"wp","href":"https:\/\/api.w.org\/{rel}","templated":true}]}}