{"id":288549,"date":"2021-07-23T19:24:55","date_gmt":"2021-07-23T23:24:55","guid":{"rendered":"http:\/\/diariodominicano.com\/?p=288549"},"modified":"2021-07-23T19:24:55","modified_gmt":"2021-07-23T23:24:55","slug":"presidente-abinader-anuncia-la-creacion-de-un-plan-de-desarrollo-economico-y-social-para-la-provincia-sanchez-ramirez","status":"publish","type":"post","link":"https:\/\/diariodominicano.com\/?p=288549","title":{"rendered":"Presidente Abinader anuncia la creaci\u00f3n de un plan de desarrollo econ\u00f3mico y social para la provincia S\u00e1nchez Ram\u00edrez"},"content":{"rendered":"\n<p>diariodominicano.com<\/p>\n\n\n\n<p>Villa La Mata, Cotu\u00ed, 23 de julio, 2021.-\u00a0El presidente Luis Abinader anunci\u00f3 este viernes que desde hoy\u00a0inicia la construcci\u00f3n de\u00a0un plan de desarrollo econ\u00f3mico y social para la provincia S\u00e1nchez Ram\u00edrez.\u00a0<\/p>\n\n\n\n<p>\u00abEstoy aqu\u00ed para apoyar a Villa La Mata, para apoyar a S\u00e1nchez Ram\u00edrez&nbsp;y, sobre&nbsp;todo,&nbsp;para apoyar a los hombres y mujeres trabajadores de este municipio\u00bb, manifest\u00f3 el mandatario al dejar inaugurado el nuevo mercado municipal.&nbsp;<\/p>\n\n\n\n<p>El presidente Abinader destac\u00f3 que la alcald\u00eda,&nbsp;encabezada por Miguel Antonio Mart\u00ednez,&nbsp;es un ejemplo de eficiencia en gesti\u00f3n municipal y que sabe elegir las prioridades de su pueblo.<\/p>\n\n\n\n<p>El jefe de Estado inform\u00f3 que para resolver las necesidades en t\u00e9rminos de infraestructura del municipio de Villa La Mata se trabajar\u00e1 con las prioridades del asfaltado y la construcci\u00f3n de un multiuso.&nbsp;<\/p>\n\n\n\n<p>Inform\u00f3 que el asfaltado ser\u00e1 incluido dentro del programa que iniciar\u00e1 en las pr\u00f3ximas semanas el Ministerio de Obras P\u00fablicas .<\/p>\n\n\n\n<p>Sobre el Multiusos, les dijo a los j\u00f3venes que la pr\u00f3xima semana se destinar\u00e1n los recursos para la construcci\u00f3n de esa obra.&nbsp;<\/p>\n\n\n\n<p>El mandatario dijo que hab\u00eda esperado para visitar esta provincia porque quer\u00eda hacerlo en un momento como el de ahora que tuvieran planteamientos claros y precisos.&nbsp;<\/p>\n\n\n\n<p>Indic\u00f3 que la visi\u00f3n de su gobierno es lograr que la gente viva de manera digna.&nbsp;<\/p>\n\n\n\n<p>De su lado, el alcalde Mart\u00ednez&nbsp;expres\u00f3 que esta obra era un sue\u00f1o para la comunidad y valor\u00f3 la gesti\u00f3n del presidente Abinader para hacer frente a la pandemia.&nbsp;<\/p>\n\n\n\n<p>Destac\u00f3 la calidez y laboriosidad de la gente del municipio y pidi\u00f3&nbsp;al&nbsp;mandatario su intervenci\u00f3n para solucionar algunas obras de infraestructura.&nbsp;<\/p>\n\n\n\n<p>Acompa\u00f1aron al presidente Abinader el alcalde, Miguel Antonio Mart\u00ednez; la gobernadora, Cristiana Rodr\u00edguez; el senador, Ricardo de Los Santos; el secretario general de la Liga Municipal Dominicana (LMD), V\u00edctor D&#8217; Aza; el presidente de la Federaci\u00f3n Dominicana de Municipios (Fedomu), Kelvin Cruz y el Tesorero Nacional, Luis Rafael Delgado.&nbsp;<\/p>\n\n\n\n<p>Tambi\u00e9n, el viceministro Administrativo de la Presidencia Ovi Saldivar; los diputados Geraldo Concepci\u00f3n y Sadoky Duarte y la subadministradora del Banco Agr\u00edcola, Gloria Fulcar.<\/p>\n\n\n\n<p>Durante el acto, el secretario general de la LMD anunci\u00f3 que fue dispuesto un cami\u00f3n compactador para la comunidad.&nbsp;<\/p>\n\n\n\n<p>La bendici\u00f3n de&nbsp;la actividade&nbsp;estuvo a cargo del cura p\u00e1rroco Reynaldo Rodr\u00edguez. Mientras que las palabras de bienvenida le correspondieron al senador Ricardo de los Santos, quien destac\u00f3 la importancia de esta obra para la comunidad.&nbsp;<\/p>\n\n\n\n<p>En tanto que el representante comunitario F\u00e9lix Antonio Ben\u00edtez consider\u00f3 que hoy inicia una nueva historia para los mun\u00edcipes porque en este nuevo mercado los agricultores encontrar\u00e1n un espacio para vender sus productos.&nbsp;<\/p>\n\n\n\n<p><strong>Encuentro con productores<\/strong><\/p>\n\n\n\n<p>Posteriormente el presidente Abinader encabez\u00f3 un encuentro con productores del sector agropecuario de la provincia S\u00e1nchez Ram\u00edrez.<\/p>\n\n\n\n<p>Representantes de los diferentes sectores plantearon diversas &nbsp;inquietudes al mandatario, entre las que se destacan la reparaci\u00f3n de v\u00edas de acceso a los terrenos donde siembran, pr\u00e9stamos a trav\u00e9s del FEDA y equipos de arado para la tierra.&nbsp;<\/p>\n\n\n\n<p>Tambi\u00e9n, t\u00edtulos de propiedad para los parceleros, reparaci\u00f3n de los canales de riego, pr\u00e9stamos a trav\u00e9s del Banco Agr\u00edcola para recuperar la producci\u00f3n de pi\u00f1a, aumento de los recursos para la pignoraci\u00f3n de arroz.&nbsp;<\/p>\n\n\n\n<p>En la actividad el presidente Abinader reafirm\u00f3 el apoyo del gobierno para proteger estos sectores y garantiz\u00f3 que sus demandas tendr\u00e1n respuesta seg\u00fan orden de prioridad.&nbsp;<\/p>\n\n\n\n<p>Exhort\u00f3 a los productores a organizarse a trav\u00e9s de cooperativas para que puedan recibir mayores beneficios.&nbsp;<\/p>\n\n\n\n<p>En representaci\u00f3n del equipo agropecuario habl\u00f3 Luis Manuel D\u00edaz; mientras que por la Asociaci\u00f3n de Productores de Arroz lo hizo Jos\u00e9 Manuel Flores y por la Asociaci\u00f3n de Factor\u00eda de la Reforma Agraria, intervino Roberto Familia.<\/p>\n\n\n\n<p>Representando a la cooperativa de productores de pi\u00f1a, Fabio Guintoil; por el sector ganadero habl\u00f3 Jacinto Santos y por el sector cacaotalero, Miguel Antonio Mendoza.&nbsp;<\/p>\n\n\n\n<p>En esta actividad estuvieron con el presidente Abinader la gobernadora provincial, Cristiana Rodr\u00edguez y el senador, Ricardo de Los Santos; los directores del INDRHI Olmedo Caba; del INESPRE, Iv\u00e1n Fern\u00e1ndez; del FEDA, Efra\u00edn Toribio y el jefe de gabinete del Ministerio de Agricultura, Freddy Fern\u00e1ndez.<\/p>\n\n\n\n<p>Fuente:  Direcci\u00f3n de prensa<\/p>\n\n\n\n<p>Presidencia de la Rep\u00fablica Dominicana<\/p>\n","protected":false},"excerpt":{"rendered":"<p>diariodominicano.com Villa La Mata, Cotu\u00ed, 23 de julio, 2021.-\u00a0El presidente Luis Abinader anunci\u00f3 este viernes que desde hoy\u00a0inicia la construcci\u00f3n de\u00a0un plan de desarrollo econ\u00f3mico y social para la provincia S\u00e1nchez Ram\u00edrez.\u00a0 \u00abEstoy aqu\u00ed para apoyar a Villa La Mata, para apoyar a S\u00e1nchez Ram\u00edrez&nbsp;y, sobre&nbsp;todo,&nbsp;para apoyar a los hombres y mujeres trabajadores de este [&hellip;]<\/p>\n","protected":false},"author":5,"featured_media":288550,"comment_status":"closed","ping_status":"","sticky":true,"template":"","format":"standard","meta":{"footnotes":""},"categories":[20,27],"tags":[],"class_list":["post-288549","post","type-post","status-publish","format-standard","has-post-thumbnail","hentry","category-dominicana-hoy","category-portada"],"_links":{"self":[{"href":"https:\/\/diariodominicano.com\/index.php?rest_route=\/wp\/v2\/posts\/288549","targetHints":{"allow":["GET"]}}],"collection":[{"href":"https:\/\/diariodominicano.com\/index.php?rest_route=\/wp\/v2\/posts"}],"about":[{"href":"https:\/\/diariodominicano.com\/index.php?rest_route=\/wp\/v2\/types\/post"}],"author":[{"embeddable":true,"href":"https:\/\/diariodominicano.com\/index.php?rest_route=\/wp\/v2\/users\/5"}],"replies":[{"embeddable":true,"href":"https:\/\/diariodominicano.com\/index.php?rest_route=%2Fwp%2Fv2%2Fcomments&post=288549"}],"version-history":[{"count":1,"href":"https:\/\/diariodominicano.com\/index.php?rest_route=\/wp\/v2\/posts\/288549\/revisions"}],"predecessor-version":[{"id":288551,"href":"https:\/\/diariodominicano.com\/index.php?rest_route=\/wp\/v2\/posts\/288549\/revisions\/288551"}],"wp:featuredmedia":[{"embeddable":true,"href":"https:\/\/diariodominicano.com\/index.php?rest_route=\/wp\/v2\/media\/288550"}],"wp:attachment":[{"href":"https:\/\/diariodominicano.com\/index.php?rest_route=%2Fwp%2Fv2%2Fmedia&parent=288549"}],"wp:term":[{"taxonomy":"category","embeddable":true,"href":"https:\/\/diariodominicano.com\/index.php?rest_route=%2Fwp%2Fv2%2Fcategories&post=288549"},{"taxonomy":"post_tag","embeddable":true,"href":"https:\/\/diariodominicano.com\/index.php?rest_route=%2Fwp%2Fv2%2Ftags&post=288549"}],"curies":[{"name":"wp","href":"https:\/\/api.w.org\/{rel}","templated":true}]}}