{"id":288539,"date":"2021-07-23T18:56:34","date_gmt":"2021-07-23T22:56:34","guid":{"rendered":"http:\/\/diariodominicano.com\/?p=288539"},"modified":"2021-07-23T19:06:03","modified_gmt":"2021-07-23T23:06:03","slug":"inhuman-a-presidente-asesinado-tras-accidentado-inicio-de-funerales","status":"publish","type":"post","link":"https:\/\/diariodominicano.com\/?p=288539","title":{"rendered":"Inhuman a presidente asesinado tras accidentado inicio de funerales"},"content":{"rendered":"\n<p>diariodominicano.com<\/p>\n\n\n\n<p>Puerto Pr\u00edncipe, 23 jul (Prensa Latina) Los restos mortales del presidente asesinado Jovenel Mo\u00efse fueron inhumados hoy en una peque\u00f1a capilla situada en la residencia familiar de Cabo Haitiano, en el extremo norte del pa\u00eds.<br>Los funerales tuvieron un inicio accidentado con manifestantes en las afueras de la villa privada erigiendo barricadas de neum\u00e1ticos, mientras exigieron que las autoridades hagan justicia por el crimen.<\/p>\n\n\n\n<p>Los asistentes escucharon fuertes r\u00e1fagas de disparos, al tiempo que la Polic\u00eda repeli\u00f3 a los disconformes con botes de gases lacrim\u00f3genos.<\/p>\n\n\n\n<p>Los hechos provocaron que la representaci\u00f3n de la legaci\u00f3n estadounidense, encabezada por la embajadora ante Naciones Unidas, Linda Thomas-Greenfield, abandonara las honras f\u00fanebres.<\/p>\n\n\n\n<p>Minutos despu\u00e9s regres\u00f3 la calma y la ceremonia religiosa contin\u00fao sin mayores contratiempos.<\/p>\n\n\n\n<p>En la homil\u00eda el cura critic\u00f3 a todos aquellos que practican la matanza como profesi\u00f3n, esto &#8216;rebasa todo entendimiento del ser humano&#8217;, dijo el religioso.<\/p>\n\n\n\n<p>Asimismo, apel\u00f3 a la paz, la serenidad y rechaz\u00f3 la violencia como forma de obtener justicia.<\/p>\n\n\n\n<p>Durante las exequias tomaron la palabra varios familiares del fallecido, entre ellos su hermana Marielle Mo\u00efse, que en un discurso entrecortado y emotivo, compar\u00f3 a Mo\u00efse con el l\u00edder libertador Toussaint Louverture, que luch\u00f3 toda la vida por la libertad de los m\u00e1s necesitados.<\/p>\n\n\n\n<p>Por su parte, uno de sus hijos, Joverlein Mo\u00efse, asegur\u00f3 que el exjefe de Estado ten\u00eda un compromiso con la verdad, y por eso sus ideas continuar\u00e1n vivas despu\u00e9s del tr\u00e1gico 7 de julio.<\/p>\n\n\n\n<p>Los funerales contaron adem\u00e1s con homenajes militares y civiles, y adem\u00e1s de la entrega post mortem de la Orden Nacional de Honor y M\u00e9rito, en grado de Caballero, la mayor distinci\u00f3n del pa\u00eds.<\/p>\n\n\n\n<p>En un discurso sereno de la ex primera dama, Martine Mo\u00efse, que recibi\u00f3 varios disparos durante el magnicidio, exigi\u00f3 justicia para quien muri\u00f3 &#8216;con mucha violencia&#8217; por el crimen de &#8216;liberar al Estado de los oligarcas&#8217;.<\/p>\n\n\n\n<p>&#8216;Te han asesinado salvajemente, t\u00fa, que estabas en contra de la violencia, te conspiraron, te traicionaron y te abandonaron y te dejaron para que te mataran b\u00e1rbaramente&#8217;, dijo la viuda y se\u00f1al\u00f3 a los oligarcas de organizar el &#8216;complot&#8217;.<\/p>\n\n\n\n<p>Mo\u00efse es el quinto presidente asesinado desde 1804, cuando una revoluci\u00f3n liber\u00f3 a Hait\u00ed del yugo colonial franc\u00e9s.<\/p>\n\n\n\n<p>Su muerte a los 53 a\u00f1os, con signos de tortura y miembros desgarrados, aviv\u00f3 los sentimientos nacionalistas y regionalistas de la regi\u00f3n del Gran Norte, del cual era oriundo.<\/p>\n\n\n\n<p>El exdignatario fue enterrado junto a su padre, en la capilla familiar situada en la residencia de Quartier-Morin, a unos nueve kil\u00f3metros de Cabo Haitiano, la segunda ciudad en importancia del pa\u00eds.<\/p>\n\n\n\n<p>Por el magnicidio la Polic\u00eda arrest\u00f3 hasta el momento a 26 personas, 18 de ellas de nacionalidad colombiana y cinco haitianos-estadounidenses.<\/p>\n\n\n\n<p>La compleja trama del asesinato incluye a ciudadanos de Estados Unidos, Colombia, Ecuador y Hait\u00ed, mientras el Gobierno de Washington admiti\u00f3 este viernes que entren\u00f3 al menos a seis de los integrantes del comando armado que ultim\u00f3 al mandatario, aunque se desvincul\u00f3 del crimen.<\/p>\n\n\n\n<p>ga\/ane\/gdc<\/p>\n\n\n\n<figure class=\"wp-block-image size-large\"><img loading=\"lazy\" decoding=\"async\" width=\"748\" height=\"498\" src=\"https:\/\/diariodominicano.com\/wp-content\/uploads\/2021\/07\/inhumado-Jovenel-Moise23-7-21.jpg\" alt=\"\" class=\"wp-image-288544\" srcset=\"https:\/\/diariodominicano.com\/wp-content\/uploads\/2021\/07\/inhumado-Jovenel-Moise23-7-21.jpg 748w, https:\/\/diariodominicano.com\/wp-content\/uploads\/2021\/07\/inhumado-Jovenel-Moise23-7-21-300x200.jpg 300w\" sizes=\"auto, (max-width: 748px) 100vw, 748px\" \/><\/figure>\n","protected":false},"excerpt":{"rendered":"<p>diariodominicano.com Puerto Pr\u00edncipe, 23 jul (Prensa Latina) Los restos mortales del presidente asesinado Jovenel Mo\u00efse fueron inhumados hoy en una peque\u00f1a capilla situada en la residencia familiar de Cabo Haitiano, en el extremo norte del pa\u00eds.Los funerales tuvieron un inicio accidentado con manifestantes en las afueras de la villa privada erigiendo barricadas de neum\u00e1ticos, mientras [&hellip;]<\/p>\n","protected":false},"author":5,"featured_media":288540,"comment_status":"closed","ping_status":"","sticky":true,"template":"","format":"standard","meta":{"footnotes":""},"categories":[23,27],"tags":[],"class_list":["post-288539","post","type-post","status-publish","format-standard","has-post-thumbnail","hentry","category-internacional","category-portada"],"_links":{"self":[{"href":"https:\/\/diariodominicano.com\/index.php?rest_route=\/wp\/v2\/posts\/288539","targetHints":{"allow":["GET"]}}],"collection":[{"href":"https:\/\/diariodominicano.com\/index.php?rest_route=\/wp\/v2\/posts"}],"about":[{"href":"https:\/\/diariodominicano.com\/index.php?rest_route=\/wp\/v2\/types\/post"}],"author":[{"embeddable":true,"href":"https:\/\/diariodominicano.com\/index.php?rest_route=\/wp\/v2\/users\/5"}],"replies":[{"embeddable":true,"href":"https:\/\/diariodominicano.com\/index.php?rest_route=%2Fwp%2Fv2%2Fcomments&post=288539"}],"version-history":[{"count":2,"href":"https:\/\/diariodominicano.com\/index.php?rest_route=\/wp\/v2\/posts\/288539\/revisions"}],"predecessor-version":[{"id":288545,"href":"https:\/\/diariodominicano.com\/index.php?rest_route=\/wp\/v2\/posts\/288539\/revisions\/288545"}],"wp:featuredmedia":[{"embeddable":true,"href":"https:\/\/diariodominicano.com\/index.php?rest_route=\/wp\/v2\/media\/288540"}],"wp:attachment":[{"href":"https:\/\/diariodominicano.com\/index.php?rest_route=%2Fwp%2Fv2%2Fmedia&parent=288539"}],"wp:term":[{"taxonomy":"category","embeddable":true,"href":"https:\/\/diariodominicano.com\/index.php?rest_route=%2Fwp%2Fv2%2Fcategories&post=288539"},{"taxonomy":"post_tag","embeddable":true,"href":"https:\/\/diariodominicano.com\/index.php?rest_route=%2Fwp%2Fv2%2Ftags&post=288539"}],"curies":[{"name":"wp","href":"https:\/\/api.w.org\/{rel}","templated":true}]}}