{"id":288505,"date":"2021-07-23T13:39:04","date_gmt":"2021-07-23T17:39:04","guid":{"rendered":"http:\/\/diariodominicano.com\/?p=288505"},"modified":"2021-07-23T13:39:04","modified_gmt":"2021-07-23T17:39:04","slug":"tras-un-ano-de-retraso-finalmente-comienzan-juegos-olimpicos-de-tokio-en-medio-de-pandemia","status":"publish","type":"post","link":"https:\/\/diariodominicano.com\/?p=288505","title":{"rendered":"Tras un a\u00f1o de retraso, finalmente comienzan Juegos Ol\u00edmpicos de Tokio en medio de pandemia"},"content":{"rendered":"\n<p>diariodominicano.com<a rel=\"noreferrer noopener\" href=\"http:\/\/home.xinhua-news.com\/gdsdetailxhs\/share\/9703035-?pageflag=iframe\" target=\"_blank\"><\/a><\/p>\n\n\n\n<pre id=\"text-news-description\" class=\"wp-block-preformatted\">   TOKIO, 23 jul (Xinhua) -- Despu\u00e9s de un a\u00f1o m\u00e1s de espera, los Juegos Ol\u00edmpicos de Tokio 2020 finalmente fueron inaugurados hoy viernes por la noche en el Estadio Ol\u00edmpico de Tokio a puerta cerrada.\n   El evento deportivo m\u00e1s grande del planeta tiene lugar exactamente un a\u00f1o despu\u00e9s de lo planeado originalmente debido al aplazamiento causado por la pandemia de COVID-19.\n   Debido al temor a la propagaci\u00f3n del coronavirus, penas alrededor de 950 personas, incluidos funcionarios y periodistas, pudieron ingresar al lugar con capacidad para albergar a 68.000 personas para presenciar la ceremonia de apertura. Pero quiz\u00e1s por primera vez en la historia ol\u00edmpica, miles de millones de espectadores disfrutan del espect\u00e1culo, adem\u00e1s del n\u00famero muy limitado de miembros de la familia ol\u00edmpica presentes en el estadio.\n   Antes de que comenzara el desfile de atletas, el empresario social y banquero de Bangladesh Muhammad Yunus fue honrado con el Laurel Ol\u00edmpico por su extenso trabajo de ayuda a los atletas para que \"se conviertan en empresarios socialmente responsables\" y construyan un nuevo modelo ol\u00edmpico sostenible.\n   Sin poder asistir a la ceremonia de apertura, Yunus, de 81 a\u00f1os, recibi\u00f3 el premio a trav\u00e9s de un videoenlace desde su residencia en Dacca.\n   El emperador Naruhito declarar\u00e1 inaugurados los Juegos posteriormente en la ceremonia.\n   Han pasado casi ocho a\u00f1os desde que los japoneses celebraron el regreso de los Juegos Ol\u00edmpicos despu\u00e9s de los de 1964, pero el viaje hasta este punto estuvo lleno de desaf\u00edos.\n   El 24 de marzo de 2020, el entonces primer ministro japon\u00e9s Shinzo Abe y el presidente del Comit\u00e9 Ol\u00edmpico Internacional (COI), Thomas Bach, acordaron retrasar un a\u00f1o los Juegos Ol\u00edmpicos y Paral\u00edmpicos de Tokio debido a la COVID-19, cuatro d\u00edas despu\u00e9s de que la llama ol\u00edmpica, que fue encendida sin espectadores en Olimpia, Grecia, lleg\u00f3 a Jap\u00f3n.\n   Diecis\u00e9is meses despu\u00e9s, el coronavirus sigue representando una amenaza para los Juegos y Tokio fue puesto bajo su cuarto estado de emergencia durante la duraci\u00f3n de todos los Juegos Ol\u00edmpicos. El jueves, los organizadores de Tokio 2020 reportaron 12 nuevos casos positivos de COVID-19 relacionados con los Juegos Ol\u00edmpicos, incluidos dos atletas extranjeros infectados en la villa de atletas, lo que eleva el n\u00famero total de casos relacionados con los Juegos Ol\u00edmpicos a 87 desde el 1 de julio.\n   En consecuencia, la mayor\u00eda de los lugares prohibieron la entrada a los espectadores. Las muestras de j\u00fabilo y cantos de Juegos anteriores ser\u00e1n implementados como parte de la campa\u00f1a de participaci\u00f3n digital del COI para garantizar que los atletas no se sientan solos.\n   No fue sino hasta el jueves por la noche que los organizadores confirmaron que la ceremonia de inauguraci\u00f3n se apegar\u00eda a sus programas originales luego del despido del director de la ceremonia, Kentaro Kobayashi, despu\u00e9s de que resurgiera una broma que hizo sobre el Holocausto en 1998.\n   Sin embargo, contra todo pron\u00f3stico, una semilla virtual bajo el suelo del Estadio Ol\u00edmpico brot\u00f3 del suelo despu\u00e9s de las intensas luchas libradas por su representaci\u00f3n humana dentro de la arena, con lo que comenz\u00f3 una cuenta regresiva que condujo al eventual inicio del espect\u00e1culo.\n   El presidente del COI, Thomas Bach, dijo anteriormente en una conferencia de prensa que los Juegos Ol\u00edmpicos son capaces de \"reunir al mundo entero en una competencia pac\u00edfica, tener atletas en un pa\u00eds, en una ciudad, en una villa ol\u00edmpica, compitiendo entre s\u00ed pero viviendo juntos porque est\u00e1n bajo las mismas reglas \".\n   China ha enviado una delegaci\u00f3n de 777 miembros a Tokio, la mayor en unos Juegos en el extranjero. Los 431 atletas chinos, incluidos 24 campeones ol\u00edmpicos, competir\u00e1n en 30 de los 33 deportes en Tokio.\n   Los Juegos Ol\u00edmpicos de Tokio, que cuentan con la participaci\u00f3n de 11.000 atletas de 206 delegaciones y del equipo de refugiados, se extender\u00e1n hasta el 8 de agosto.<\/pre>\n\n\n\n<figure class=\"wp-block-gallery columns-2 is-cropped wp-block-gallery-1 is-layout-flex wp-block-gallery-is-layout-flex\"><ul class=\"blocks-gallery-grid\"><li class=\"blocks-gallery-item\"><figure><img loading=\"lazy\" decoding=\"async\" width=\"490\" height=\"336\" src=\"https:\/\/diariodominicano.com\/wp-content\/uploads\/2021\/07\/Olimpicosceremonia23-7-21-1.jpg\" alt=\"\" data-id=\"288519\" class=\"wp-image-288519\" srcset=\"https:\/\/diariodominicano.com\/wp-content\/uploads\/2021\/07\/Olimpicosceremonia23-7-21-1.jpg 490w, https:\/\/diariodominicano.com\/wp-content\/uploads\/2021\/07\/Olimpicosceremonia23-7-21-1-300x206.jpg 300w\" sizes=\"auto, (max-width: 490px) 100vw, 490px\" \/><figcaption class=\"blocks-gallery-item__caption\">TOKIO, 23 julio, 2021 (Xinhua) &#8212; El emperador japon\u00e9s, Naruhito (d-frente), y el presidente del Comit\u00e9 Ol\u00edmpico Internacional, Thomas Bach (i-frente), saludan durante la ceremonia de inauguraci\u00f3n de los Juegos Ol\u00edmpicos de Tokio 2020 en el Estadio Ol\u00edmpico, en Tokio, Jap\u00f3n, el 23 de julio de 2021. (Xinhua\/Zheng Huansong)<\/figcaption><\/figure><\/li><li class=\"blocks-gallery-item\"><figure><img loading=\"lazy\" decoding=\"async\" width=\"490\" height=\"336\" src=\"https:\/\/diariodominicano.com\/wp-content\/uploads\/2021\/07\/olimpicoRD23-7-21.jpg\" alt=\"\" data-id=\"288521\" data-full-url=\"https:\/\/diariodominicano.com\/wp-content\/uploads\/2021\/07\/olimpicoRD23-7-21.jpg\" data-link=\"https:\/\/diariodominicano.com\/?attachment_id=288521\" class=\"wp-image-288521\" srcset=\"https:\/\/diariodominicano.com\/wp-content\/uploads\/2021\/07\/olimpicoRD23-7-21.jpg 490w, https:\/\/diariodominicano.com\/wp-content\/uploads\/2021\/07\/olimpicoRD23-7-21-300x206.jpg 300w\" sizes=\"auto, (max-width: 490px) 100vw, 490px\" \/><figcaption class=\"blocks-gallery-item__caption\">TOKIO, 23 julio, 2021 (Xinhua) &#8212; La delegaci\u00f3n ol\u00edmpica de Rep\u00fablica Dominicana desfila en el Estadio Ol\u00edmpico durante la ceremonia de inauguraci\u00f3n de los Juegos Ol\u00edmpicos de Tokio 2020, en Tokio, Jap\u00f3n, el 23 de julio de 2021. (Xinhua\/Zheng Huansong)<\/figcaption><\/figure><\/li><\/ul><\/figure>\n","protected":false},"excerpt":{"rendered":"<p>diariodominicano.com TOKIO, 23 jul (Xinhua) &#8212; Despu\u00e9s de un a\u00f1o m\u00e1s de espera, los Juegos Ol\u00edmpicos de Tokio 2020 finalmente fueron inaugurados hoy viernes por la noche en el Estadio Ol\u00edmpico de Tokio a puerta cerrada. El evento deportivo m\u00e1s grande del planeta tiene lugar exactamente un a\u00f1o despu\u00e9s de lo planeado originalmente debido al [&hellip;]<\/p>\n","protected":false},"author":5,"featured_media":288516,"comment_status":"closed","ping_status":"","sticky":true,"template":"","format":"standard","meta":{"footnotes":""},"categories":[23,27],"tags":[],"class_list":["post-288505","post","type-post","status-publish","format-standard","has-post-thumbnail","hentry","category-internacional","category-portada"],"_links":{"self":[{"href":"https:\/\/diariodominicano.com\/index.php?rest_route=\/wp\/v2\/posts\/288505","targetHints":{"allow":["GET"]}}],"collection":[{"href":"https:\/\/diariodominicano.com\/index.php?rest_route=\/wp\/v2\/posts"}],"about":[{"href":"https:\/\/diariodominicano.com\/index.php?rest_route=\/wp\/v2\/types\/post"}],"author":[{"embeddable":true,"href":"https:\/\/diariodominicano.com\/index.php?rest_route=\/wp\/v2\/users\/5"}],"replies":[{"embeddable":true,"href":"https:\/\/diariodominicano.com\/index.php?rest_route=%2Fwp%2Fv2%2Fcomments&post=288505"}],"version-history":[{"count":1,"href":"https:\/\/diariodominicano.com\/index.php?rest_route=\/wp\/v2\/posts\/288505\/revisions"}],"predecessor-version":[{"id":288522,"href":"https:\/\/diariodominicano.com\/index.php?rest_route=\/wp\/v2\/posts\/288505\/revisions\/288522"}],"wp:featuredmedia":[{"embeddable":true,"href":"https:\/\/diariodominicano.com\/index.php?rest_route=\/wp\/v2\/media\/288516"}],"wp:attachment":[{"href":"https:\/\/diariodominicano.com\/index.php?rest_route=%2Fwp%2Fv2%2Fmedia&parent=288505"}],"wp:term":[{"taxonomy":"category","embeddable":true,"href":"https:\/\/diariodominicano.com\/index.php?rest_route=%2Fwp%2Fv2%2Fcategories&post=288505"},{"taxonomy":"post_tag","embeddable":true,"href":"https:\/\/diariodominicano.com\/index.php?rest_route=%2Fwp%2Fv2%2Ftags&post=288505"}],"curies":[{"name":"wp","href":"https:\/\/api.w.org\/{rel}","templated":true}]}}