{"id":288502,"date":"2021-07-23T13:06:14","date_gmt":"2021-07-23T17:06:14","guid":{"rendered":"http:\/\/diariodominicano.com\/?p=288502"},"modified":"2021-07-23T13:25:05","modified_gmt":"2021-07-23T17:25:05","slug":"fundacion-francina-realiza-taller-sobre-el-abordaje-de-la-discapacidad-desde-un-enfoque-de-derechos","status":"publish","type":"post","link":"https:\/\/diariodominicano.com\/?p=288502","title":{"rendered":"Fundaci\u00f3n Francina realiza taller sobre el abordaje de la discapacidad desde un  enfoque de derechos"},"content":{"rendered":"\n<p><\/p>\n\n\n\n<p><strong><em>Present\u00f3 una gu\u00eda en la que se propone eliminar las etiquetas y garantizar el criterio de igualdad en la comunicaci\u00f3n period\u00edstica y corporativa <\/em><\/strong><\/p>\n\n\n\n<p>SANTO DOMINGO. Con el objetivo de ofrecer claves y herramientas para comunicar sobre discapacidad desde una perspectiva de derecho, la Fundaci\u00f3n Francina, inform\u00f3  con el apoyo del Programa de las Naciones Unidas para el Desarrollo (PNUD), realiz\u00f3 el taller \u201cComunicando sin Dejar a Nadie Atr\u00e1s\u201d.<\/p>\n\n\n\n<p>En la actividad los expositores Addis Burgos y Jos\u00e9 Beltr\u00e1n coincidieron en destacar que los medios de prensa y los canales utilizados por las empresas tienen un enorme potencial en el desmonte de falsos paradigmas asociados a la discapacidad y en la eliminaci\u00f3n de estereotipos que favorecen la exclusi\u00f3n y la discriminaci\u00f3n.<\/p>\n\n\n\n<div class=\"wp-block-image\"><figure class=\"alignright size-large is-resized\"><img loading=\"lazy\" decoding=\"async\" src=\"https:\/\/diariodominicano.com\/wp-content\/uploads\/2021\/07\/IMG_4191-1024x548.jpg\" alt=\"\" class=\"wp-image-288510\" width=\"362\" height=\"193\" srcset=\"https:\/\/diariodominicano.com\/wp-content\/uploads\/2021\/07\/IMG_4191-1024x548.jpg 1024w, https:\/\/diariodominicano.com\/wp-content\/uploads\/2021\/07\/IMG_4191-300x161.jpg 300w, https:\/\/diariodominicano.com\/wp-content\/uploads\/2021\/07\/IMG_4191-768x411.jpg 768w, https:\/\/diariodominicano.com\/wp-content\/uploads\/2021\/07\/IMG_4191-816x437.jpg 816w, https:\/\/diariodominicano.com\/wp-content\/uploads\/2021\/07\/IMG_4191.jpg 1080w\" sizes=\"auto, (max-width: 362px) 100vw, 362px\" \/><figcaption>Jos\u00e9 Beltr\u00e1n, consultor en comunicaci\u00f3n con enfoque en desarrollo y asesor de comunicaci\u00f3n de la Fundaci\u00f3n Francina.<\/figcaption><\/figure><\/div>\n\n\n\n<p>En ese sentido, el consultor en comunicaci\u00f3n con enfoque en desarrollo Jos\u00e9 Beltr\u00e1n destac\u00f3 un an\u00e1lisis de la cobertura medi\u00e1tica que dio la prensa dominicana al caso del fraude en la Loter\u00eda, en el que presuntamente est\u00e1 involucrado Miguel Mej\u00eda, una persona que tiene discapacidad visual.&nbsp;<\/p>\n\n\n\n<p>Dijo que, de 31 informaciones analizadas, en solo tres se utiliz\u00f3 la terminolog\u00eda correcta y que en la mayor\u00eda de los casos se sustituy\u00f3 el nombre de Miguel Mej\u00eda por ciego o no vidente.<\/p>\n\n\n\n<p>\u201cEl t\u00e9rmino no vidente se utiliz\u00f3 en todos los titulares, la palabra no vidente se emple\u00f3 92 veces, el nombre Miguel Mej\u00eda figur\u00f3 en 47 ocasiones y las informaciones que se refieren a su trabajo 25 veces\u201d, precis\u00f3 tras se\u00f1alar que toda persona, tenga o no una discapacidad, probablemente prefiera que le llamen por su nombre, ya que al nombrarle por la etiqueta asociada a su condici\u00f3n f\u00edsica le reduce a esa dimensi\u00f3n.<\/p>\n\n\n\n<p>En tanto, la periodista de investigaci\u00f3n Addis Burgos destac\u00f3 que todos tenemos la oportunidad de ser protagonista de los cambios necesarios para lograr una sociedad con mayor equidad, en la que se respeten los derechos de todas y todos.<\/p>\n\n\n\n<div class=\"wp-block-image\"><figure class=\"alignleft size-large\"><img loading=\"lazy\" decoding=\"async\" width=\"1024\" height=\"501\" src=\"https:\/\/diariodominicano.com\/wp-content\/uploads\/2021\/07\/IMG_4164-1024x501.jpg\" alt=\"\" class=\"wp-image-288509\" srcset=\"https:\/\/diariodominicano.com\/wp-content\/uploads\/2021\/07\/IMG_4164-1024x501.jpg 1024w, https:\/\/diariodominicano.com\/wp-content\/uploads\/2021\/07\/IMG_4164-300x147.jpg 300w, https:\/\/diariodominicano.com\/wp-content\/uploads\/2021\/07\/IMG_4164-768x375.jpg 768w, https:\/\/diariodominicano.com\/wp-content\/uploads\/2021\/07\/IMG_4164-816x399.jpg 816w, https:\/\/diariodominicano.com\/wp-content\/uploads\/2021\/07\/IMG_4164.jpg 1080w\" sizes=\"auto, (max-width: 1024px) 100vw, 1024px\" \/><figcaption> Addis Burgos, periodista de investigaci\u00f3n y abogada.\u00a0<\/figcaption><\/figure><\/div>\n\n\n\n<p>\u201cSi nosotros queremos generar cambios no hay manera de que hagamos ninguno que no comience por nosotros mismos. Si hoy queremos construir una sociedad que comunique desde una perspectiva de derechos humanos, tenemos que desaprender para aprender y cada vez que comunicamos preguntarnos qu\u00e9 valor le estamos agregando\u201d, precis\u00f3 Burgos.<\/p>\n\n\n\n<p>Justamente para promover el principio de igualdad como un criterio transversal en las piezas de comunicaci\u00f3n y que el valor de la persona supere las etiquetas, en el evento se present\u00f3 la gu\u00eda \u201cDel Mutante a la Persona: Claves para comunicar sobre discapacidad desde un enfoque de derechos\u201d, de la autor\u00eda de Jos\u00e9 Beltr\u00e1n.<\/p>\n\n\n\n<p>El manual es un estudio propositivo que invita a reflexionar sobre los criterios de noticiabilidad y plantea algunas interrogantes para identificar estereotipos y falsos paradigmas en las comunicaciones discursivas. De igual manera, expone un an\u00e1lisis cr\u00edtico sobre el tratamiento de informaciones relativas a personas con discapacidad en el contexto dominicano, a la vez que ofrece recursos para propiciar una comunicaci\u00f3n inclusiva.<\/p>\n\n\n\n<p>La actividad se realiz\u00f3 en modalidad semipresencial en el Instituto de Educaci\u00f3n Superior en Formaci\u00f3n Diplom\u00e1tica y Consular \u201cDr. Eduardo Latorre Rodr\u00edguez\u201d (INESDYC) y cont\u00f3 con la participaci\u00f3n de periodistas, representantes de entidades acad\u00e9micas y organismos internacionales, as\u00ed como de directivos y directores de comunicaci\u00f3n de instituciones p\u00fablicas y privadas.<\/p>\n\n\n\n<p>Durante el acto, Francina Hungr\u00eda, presidenta de la fundaci\u00f3n que lleva el mismo nombre, destac\u00f3 que el taller forma parte del proyecto Oportunidades Laborales para la Autonom\u00eda (OLA), que la Fundaci\u00f3n Francina ejecuta con el apoyo del Programa de las Naciones Unidas para el Desarrollo.<\/p>\n\n\n\n<p>Invit\u00f3 a los medios de comunicaci\u00f3n y a las y los comunicadores a comunicar sin dejar a nadie atr\u00e1s, \u201ctratando de que lo que decimos coincida con la b\u00fasqueda com\u00fan de soluciones para todas las poblaciones de nuestro pa\u00eds\u201d.<\/p>\n","protected":false},"excerpt":{"rendered":"<p>Present\u00f3 una gu\u00eda en la que se propone eliminar las etiquetas y garantizar el criterio de igualdad en la comunicaci\u00f3n period\u00edstica y corporativa SANTO DOMINGO. Con el objetivo de ofrecer claves y herramientas para comunicar sobre discapacidad desde una perspectiva de derecho, la Fundaci\u00f3n Francina, inform\u00f3 con el apoyo del Programa de las Naciones Unidas [&hellip;]<\/p>\n","protected":false},"author":2,"featured_media":288511,"comment_status":"closed","ping_status":"","sticky":true,"template":"","format":"standard","meta":{"footnotes":""},"categories":[25,27],"tags":[],"class_list":["post-288502","post","type-post","status-publish","format-standard","has-post-thumbnail","hentry","category-gente","category-portada"],"_links":{"self":[{"href":"https:\/\/diariodominicano.com\/index.php?rest_route=\/wp\/v2\/posts\/288502","targetHints":{"allow":["GET"]}}],"collection":[{"href":"https:\/\/diariodominicano.com\/index.php?rest_route=\/wp\/v2\/posts"}],"about":[{"href":"https:\/\/diariodominicano.com\/index.php?rest_route=\/wp\/v2\/types\/post"}],"author":[{"embeddable":true,"href":"https:\/\/diariodominicano.com\/index.php?rest_route=\/wp\/v2\/users\/2"}],"replies":[{"embeddable":true,"href":"https:\/\/diariodominicano.com\/index.php?rest_route=%2Fwp%2Fv2%2Fcomments&post=288502"}],"version-history":[{"count":4,"href":"https:\/\/diariodominicano.com\/index.php?rest_route=\/wp\/v2\/posts\/288502\/revisions"}],"predecessor-version":[{"id":288514,"href":"https:\/\/diariodominicano.com\/index.php?rest_route=\/wp\/v2\/posts\/288502\/revisions\/288514"}],"wp:featuredmedia":[{"embeddable":true,"href":"https:\/\/diariodominicano.com\/index.php?rest_route=\/wp\/v2\/media\/288511"}],"wp:attachment":[{"href":"https:\/\/diariodominicano.com\/index.php?rest_route=%2Fwp%2Fv2%2Fmedia&parent=288502"}],"wp:term":[{"taxonomy":"category","embeddable":true,"href":"https:\/\/diariodominicano.com\/index.php?rest_route=%2Fwp%2Fv2%2Fcategories&post=288502"},{"taxonomy":"post_tag","embeddable":true,"href":"https:\/\/diariodominicano.com\/index.php?rest_route=%2Fwp%2Fv2%2Ftags&post=288502"}],"curies":[{"name":"wp","href":"https:\/\/api.w.org\/{rel}","templated":true}]}}