{"id":288499,"date":"2021-07-23T12:59:40","date_gmt":"2021-07-23T16:59:40","guid":{"rendered":"http:\/\/diariodominicano.com\/?p=288499"},"modified":"2021-07-23T12:59:40","modified_gmt":"2021-07-23T16:59:40","slug":"teofilo-bonilla-exhorta-votar-por-un-cdp-ippp-que-rescate-profesion-y-proteja-a-los-periodistas","status":"publish","type":"post","link":"https:\/\/diariodominicano.com\/?p=288499","title":{"rendered":"Te\u00f3filo Bonilla exhorta votar por un CDP-IPPP que rescate profesi\u00f3n y proteja a los periodistas"},"content":{"rendered":"\n<p>diariodominicano.com<\/p>\n\n\n\n<p>Santo Domingo, R. D., 23 de julio 2021.-  El candidato a la presidencia del IPPP, Te\u00f3filo Bonilla, proclam\u00f3 este jueves que los periodistas del pa\u00eds deben emitir un voto a favor del CDP y el IPPP, en las elecciones de agosto, por caras nuevas que vayan a rescatar la profesi\u00f3n y proteja a los periodistas dominicanos.<\/p>\n\n\n\n<p>El candidato por los Movimientos Convergencia y Dos Generaciones, advierte que votar para reelegir a los actuales incumbentes del CDP-IPPP, es prolongar el estado de crisis e inercia que est\u00e1n sometida esas instituciones.<\/p>\n\n\n\n<p>Deplor\u00f3 que por falta de visi\u00f3n, incapacidad gerencial y ausencia de compromiso real con los periodistas, el IPPP no tenga un funcionamiento uno solo de los programas que est\u00e1 obligado a desarrollar por mandato de la Ley 10-91.<\/p>\n\n\n\n<p>\u201cSolo el voto cr\u00edtico, el voto consciente, el voto por el CDP y el IPPP, no por figuras gastadas que a base de enga\u00f1os y clientelismo barato se mantienen al frente de nuestras instituciones, har\u00e1 posible que juntos inauguremos una nueva etapa que d\u00e9&nbsp; respuestas concretas a los desaf\u00edos que tenemos por delante\u201d, afirm\u00f3 Bonilla.<\/p>\n\n\n\n<p>Dijo que en su gesti\u00f3n agotar\u00e1 una agenda conjunta con el Comit\u00e9 Ejecutivo del CDP y que sus primeros pasos se centrar\u00e1n en revisar, adecuar y relanzar la pol\u00edtica de seguros, planes de retiro y pensiones, as\u00ed como de recreaci\u00f3n familiar.<\/p>\n\n\n\n<p>\u201cEn ese contexto, se ofrecer\u00e1 prioridad al aumento de las recaudaciones para financiar con sostenibilidad la asistencia a periodistas y familiares. En armon\u00eda con lo expuesto, se explorar\u00e1n nuevas fuentes de captaci\u00f3n de ingresos las que ser\u00e1n contempladas en las modificaciones estrat\u00e9gicas que presentaremos a la Ley 10-91\u201d, indic\u00f3.<\/p>\n\n\n\n<p>Expuso que, entre sus propuestas a los colegiados figura, adem\u00e1s de las expuestas, figura desarrollar la cooperativa de la Prensa que ser\u00e1 relanzada y promovida entre todos los colegiados y trabajadores de la Prensa.<\/p>\n\n\n\n<p>\u201cUna vez logrado su fortalecimiento, se ejecutar\u00e1n planes de construcci\u00f3n de viviendas, pr\u00e9stamos personales, pr\u00e9stamos para veh\u00edculos, entre otros\u201d, asegur\u00f3.<\/p>\n\n\n\n<p>Inform\u00f3 que tiene listo un plan para la construcci\u00f3n de un Centro Nacional de Recreaci\u00f3n de los Periodistas y que, para desarrollarlo, se tomar\u00e1 en consideraci\u00f3n la experiencia acumulada por la Seccional del CDP en Santiago de los Caballeros y la Fundaci\u00f3n Periodismo en Reflexi\u00f3n, Inc., quienes de manera conjunta y a trav\u00e9s de una alianza estrat\u00e9gica, construyeron un importante centro de recreaci\u00f3n para la familia period\u00edstica de la Ciudad Coraz\u00f3n.<\/p>\n\n\n\n<p>Dijo que para ello se gestionar\u00e1 asesor\u00eda y colaboraci\u00f3n con el Ministerio de Obras P\u00fablicas y el CODIA para los asuntos de dise\u00f1o de maquetas y construcci\u00f3n de las instalaciones.<\/p>\n\n\n\n<p>\u201cEn nuestra gesti\u00f3n se firmar\u00e1n convenios con hoteles y complejos tur\u00edsticos radicados en las diferentes regiones del pa\u00eds para facilitar la recreaci\u00f3n de los periodistas y familiares residentes en esas \u00e1reas geogr\u00e1ficas\u201d, revel\u00f3.<\/p>\n\n\n\n<p>Agreg\u00f3 que se contempla gestionar con Promese\/Cal la instalaci\u00f3n de farmacias en las provincias de mayor concentraci\u00f3n de membres\u00eda del CDP y trabajadores de la Prensa, que preferiblemente tengan locales propios.<\/p>\n\n\n\n<p>\u201cOtras de las tareas que emprenderemos en lo inmediato es la revisi\u00f3n y adecuaci\u00f3n de los reglamentos del CDP y el IPPP, a partir de la modificaci\u00f3n de la Ley 10-91\u201d, indic\u00f3.<\/p>\n\n\n\n<p>La alianza que conforman los movimientos Convergencia y Dos Generaciones postula a la presidencia del CDP a la destacada dirigente gremial y actual presidenta del Circulo de Locutores, Ana Daisy Guerrero, en el Tribunal Disciplinario a Joselyn Espinal y en la Seccional del Distrito Nacional a Wilkin de la Cruz.<\/p>\n\n\n\n<p><\/p>\n","protected":false},"excerpt":{"rendered":"<p>diariodominicano.com Santo Domingo, R. D., 23 de julio 2021.- El candidato a la presidencia del IPPP, Te\u00f3filo Bonilla, proclam\u00f3 este jueves que los periodistas del pa\u00eds deben emitir un voto a favor del CDP y el IPPP, en las elecciones de agosto, por caras nuevas que vayan a rescatar la profesi\u00f3n y proteja a los [&hellip;]<\/p>\n","protected":false},"author":5,"featured_media":288503,"comment_status":"closed","ping_status":"","sticky":true,"template":"","format":"standard","meta":{"footnotes":""},"categories":[20,27],"tags":[],"class_list":["post-288499","post","type-post","status-publish","format-standard","has-post-thumbnail","hentry","category-dominicana-hoy","category-portada"],"_links":{"self":[{"href":"https:\/\/diariodominicano.com\/index.php?rest_route=\/wp\/v2\/posts\/288499","targetHints":{"allow":["GET"]}}],"collection":[{"href":"https:\/\/diariodominicano.com\/index.php?rest_route=\/wp\/v2\/posts"}],"about":[{"href":"https:\/\/diariodominicano.com\/index.php?rest_route=\/wp\/v2\/types\/post"}],"author":[{"embeddable":true,"href":"https:\/\/diariodominicano.com\/index.php?rest_route=\/wp\/v2\/users\/5"}],"replies":[{"embeddable":true,"href":"https:\/\/diariodominicano.com\/index.php?rest_route=%2Fwp%2Fv2%2Fcomments&post=288499"}],"version-history":[{"count":1,"href":"https:\/\/diariodominicano.com\/index.php?rest_route=\/wp\/v2\/posts\/288499\/revisions"}],"predecessor-version":[{"id":288504,"href":"https:\/\/diariodominicano.com\/index.php?rest_route=\/wp\/v2\/posts\/288499\/revisions\/288504"}],"wp:featuredmedia":[{"embeddable":true,"href":"https:\/\/diariodominicano.com\/index.php?rest_route=\/wp\/v2\/media\/288503"}],"wp:attachment":[{"href":"https:\/\/diariodominicano.com\/index.php?rest_route=%2Fwp%2Fv2%2Fmedia&parent=288499"}],"wp:term":[{"taxonomy":"category","embeddable":true,"href":"https:\/\/diariodominicano.com\/index.php?rest_route=%2Fwp%2Fv2%2Fcategories&post=288499"},{"taxonomy":"post_tag","embeddable":true,"href":"https:\/\/diariodominicano.com\/index.php?rest_route=%2Fwp%2Fv2%2Ftags&post=288499"}],"curies":[{"name":"wp","href":"https:\/\/api.w.org\/{rel}","templated":true}]}}