{"id":288494,"date":"2021-07-23T12:45:51","date_gmt":"2021-07-23T16:45:51","guid":{"rendered":"http:\/\/diariodominicano.com\/?p=288494"},"modified":"2021-07-23T12:50:01","modified_gmt":"2021-07-23T16:50:01","slug":"288494","status":"publish","type":"post","link":"https:\/\/diariodominicano.com\/?p=288494","title":{"rendered":"El Vaticano se prepara para Jornada Mundial de los abuelos y publica oraci\u00f3n"},"content":{"rendered":"\n<p>diariodominicano.com<\/p>\n\n\n\n<h2 class=\"wp-block-heading\">POR\u00a0<a href=\"https:\/\/www.aciprensa.com\/noticias\/esta-es-la-oracion-para-la-primera-jornada-mundial-de-los-abuelos-y-las-personas-mayores-47977?rel=author\">MERCEDES DE LA TORRE<\/a>\u00a0| ACI Prensa<\/h2>\n\n\n\n<p>Vaticano, 23 de julio de 2021.-  El Vaticano public\u00f3 la oraci\u00f3n para la primera Jornada Mundial de los abuelos y las personas mayores que se llevar\u00e1 a cabo el pr\u00f3ximo 25 de julio y que se realizar\u00e1 cada a\u00f1o el cuarto domingo de julio, en la cercan\u00eda a la fiesta de los santos Joaqu\u00edn y Ana, los abuelos de Jes\u00fas.<\/p>\n\n\n\n<p>En Roma, esta Jornada se celebrar\u00e1 con una Misa en la Bas\u00edlica de San Pedro a la que se espera que asistan \u201c2.000 personas de la Di\u00f3cesis y de las asociaciones que se ocupan de la pastoral de la tercera edad, principalmente los abuelos acompa\u00f1ados de sus nietos, pero significativamente tambi\u00e9n habr\u00e1 varios centenares de personas que saldr\u00e1n de las estructuras residenciales en las que viven por primera vez despu\u00e9s de m\u00e1s de un a\u00f1o de aislamiento\u201d, inform\u00f3 el Dicasterio para los Laicos, la Familia y la Vida, organizador de la iniciativa.<\/p>\n\n\n\n<p>La Eucarist\u00eda en la Bas\u00edlica vaticana ser\u00e1 a las 10:00 a.m. (hora local) y ser\u00e1 presidida por el presidente del Consejo para la Nueva Evangelizaci\u00f3n, Mons. Rino Fisichella.<\/p>\n\n\n\n<p><\/p>\n\n\n\n<p>El Santo Padre instituy\u00f3 esta Jornada Mundial que se celebrar\u00e1 cada a\u00f1o el cuarto domingo de julio para revalorar a quienes son los primeros encargados en orientar la fe dentro de los hogares, afirm\u00f3 el Obispo Auxiliar delegado para la pastoral familiar de la Di\u00f3cesis de Roma, Mons. Dario Gervasi.<\/p>\n\n\n\n<p>Por su parte, el Dicasterio para los Laicos, la Familia y la Vida invit\u00f3 a todos, especialmente a los j\u00f3venes, a celebrar la Jornada Mundial de los abuelos y de las personas mayores \u201cvisitando a sus abuelos o a los mayores solos en su comunidad tambi\u00e9n en los d\u00edas siguientes\u201d porque\u00a0<a href=\"https:\/\/www.aciprensa.com\/noticias\/el-papa-concede-indulgencia-plenaria-por-la-proxima-jornada-mundial-de-los-abuelos-96231\">se puede obtener la indulgencia plenaria<\/a>\u00a0y adem\u00e1s es \u201cuna oportunidad para entregar el mensaje del Santo Padre y recitar juntos la\u00a0<a href=\"http:\/\/www.laityfamilylife.va\/content\/dam\/laityfamilylife\/Anziani\/KitPastorale\/ES\/ES_PREGHIERA_A5.pdf%20.\">oraci\u00f3n<\/a>\u201d<a href=\"http:\/\/www.laityfamilylife.va\/content\/dam\/laityfamilylife\/Anziani\/KitPastorale\/ES\/ES_PREGHIERA_A5.pdf\">\u00a0<\/a><\/p>\n\n\n\n<h2 class=\"wp-block-heading\"><em><strong>Oraci\u00f3n para la Jornada<\/strong><\/em><\/h2>\n\n\n\n<p>\u201cTe doy las gracias, Se\u00f1or, por el consuelo de tu presencia: Tambi\u00e9n en la soledad, eres mi esperanza, mi confianza; \u00a1Desde mi juventud, eres mi roca y mi fortaleza! Gracias por haberme dado una familia y por la bendici\u00f3n de una larga vida.&nbsp;<\/p>\n\n\n\n<p>Te agradezco los momentos de alegr\u00eda y de dificultad, por los sue\u00f1os cumplidos y por los que a\u00fan tengo por delante.&nbsp;<\/p>\n\n\n\n<p>Te agradezco este tiempo de renovada fecundidad al que me llamas.&nbsp;<\/p>\n\n\n\n<p>Aumenta, Se\u00f1or, mi fe, hazme un instrumento de tu paz; ens\u00e9\u00f1ame a acoger a quien sufre m\u00e1s que yo, a no dejar de so\u00f1ar y a narrar tus maravillas a las nuevas generaciones.\u00a0<\/p>\n\n\n\n<p>Protege y gu\u00eda al papa Francisco y a la Iglesia, para que la luz del Evangelio llegue hasta los confines de la tierra.&nbsp;<\/p>\n\n\n\n<p>Env\u00eda tu Esp\u00edritu, Se\u00f1or, a renovar el mundo, para que la tormenta de la pandemia se apacig\u00fce, los pobres sean consolados y toda guerra termine.&nbsp;<\/p>\n\n\n\n<p>Sostenme en la debilidad, y conc\u00e9deme vivir plenamente cada momento que me das, con la certeza de que est\u00e1s conmigo cada d\u00eda hasta el fin del mundo. Am\u00e9n\u201d.<\/p>\n\n\n\n<h2 class=\"wp-block-heading\"><em><strong>Mensaje del Papa Francisco<\/strong><\/em><\/h2>\n\n\n\n<p>El tema de la primera Jornada Mundial de los abuelos y de las personas mayores es: \u201cYo estoy contigo todos los d\u00edas\u201d, es una frase de Jes\u00fas narrada en el Evangelio de San Mateo.<\/p>\n\n\n\n<p>En el&nbsp;<a href=\"https:\/\/www.aciprensa.com\/noticias\/mensaje-del-papa-francisco-para-la-primera-jornada-mundial-de-los-abuelos-88111\">texto<\/a>, el Santo Padre alienta a las personas ancianas a proclamar el Evangelio a las j\u00f3venes generaciones \u201cno importa la edad que tengas, si sigues trabajando o no, si est\u00e1s solo o tienes una familia, si te convertiste en abuela o abuelo de joven o de mayor, si sigues siendo independiente o necesitas ayuda, porque no hay edad en la que puedas retirarte de la tarea de anunciar el Evangelio, de la tarea de transmitir las tradiciones a los nietos. Es necesario ponerse en marcha y, sobre todo, salir de uno mismo para emprender algo nuevo\u201d, dijo.<\/p>\n\n\n\n<p>Adem\u00e1s, el Papa reconoci\u00f3 que actualmente \u201ces un momento dif\u00edcil\u201d porque \u201cla pandemia ha sido una tormenta inesperada y violenta, una dura prueba que ha golpeado la vida de todos, pero que a nosotros mayores nos ha reservado un trato especial, un trato m\u00e1s duro\u201d.<\/p>\n\n\n\n<p>\u201cMuchos de nosotros se han enfermado, y tantos se han ido o han visto apagarse la vida de sus c\u00f3nyuges o de sus seres queridos. Muchos, aislados, han sufrido la soledad durante largo tiempo\u201d, reconoci\u00f3 el Papa Francisco.<\/p>\n\n\n\n<p>Sin embargo, el Santo Padre destac\u00f3 la importancia de que se realice por primera vez en este a\u00f1o \u201cdespu\u00e9s de un largo aislamiento y una reanudaci\u00f3n todav\u00eda lenta de la vida social\u201d y pidi\u00f3 que \u201ccada abuelo, cada anciano, cada abuela, cada persona mayor -sobre todo los que est\u00e1n m\u00e1s solos- reciba la visita de un \u00e1ngel\u201d.<\/p>\n\n\n\n<p>En esta l\u00ednea, el Pont\u00edfice record\u00f3 que \u201cJes\u00fas dice a los Ap\u00f3stoles: Vayan, y hagan que todos los pueblos sean mis disc\u00edpulos, bautiz\u00e1ndolos en el nombre del Padre y del Hijo y del Esp\u00edritu Santo, y ense\u00f1\u00e1ndoles a cumplir todo lo que yo les he mandado\u2019 y a\u00f1adi\u00f3 que \u201cestas palabras se dirigen tambi\u00e9n hoy a nosotros y nos ayudan a comprender mejor que nuestra vocaci\u00f3n es la de custodiar las<\/p>\n\n\n\n<p>ra\u00edces, transmitir la fe a los j\u00f3venes y cuidar a los peque\u00f1os\u201d.<\/p>\n\n\n\n<p>\u201cPido al Se\u00f1or que, gracias tambi\u00e9n a su ejemplo, cada uno de nosotros ensanche su coraz\u00f3n y lo haga sensible a los sufrimientos de los m\u00e1s peque\u00f1os, y capaz de interceder por ellos. Que cada uno de nosotros aprenda a repetir a todos, y especialmente a los m\u00e1s j\u00f3venes, esas palabras de consuelo que hoy hemos o\u00eddo dirigidas a nosotros: \u2018Yo estoy contigo todos los d\u00edas\u2019. Adelante y \u00e1nimo. Que el Se\u00f1or los bendiga\u201d, escribi\u00f3 el Papa.<\/p>\n","protected":false},"excerpt":{"rendered":"<p>diariodominicano.com POR\u00a0MERCEDES DE LA TORRE\u00a0| ACI Prensa Vaticano, 23 de julio de 2021.- El Vaticano public\u00f3 la oraci\u00f3n para la primera Jornada Mundial de los abuelos y las personas mayores que se llevar\u00e1 a cabo el pr\u00f3ximo 25 de julio y que se realizar\u00e1 cada a\u00f1o el cuarto domingo de julio, en la cercan\u00eda a [&hellip;]<\/p>\n","protected":false},"author":5,"featured_media":288495,"comment_status":"closed","ping_status":"","sticky":true,"template":"","format":"standard","meta":{"footnotes":""},"categories":[23,27],"tags":[],"class_list":["post-288494","post","type-post","status-publish","format-standard","has-post-thumbnail","hentry","category-internacional","category-portada"],"_links":{"self":[{"href":"https:\/\/diariodominicano.com\/index.php?rest_route=\/wp\/v2\/posts\/288494","targetHints":{"allow":["GET"]}}],"collection":[{"href":"https:\/\/diariodominicano.com\/index.php?rest_route=\/wp\/v2\/posts"}],"about":[{"href":"https:\/\/diariodominicano.com\/index.php?rest_route=\/wp\/v2\/types\/post"}],"author":[{"embeddable":true,"href":"https:\/\/diariodominicano.com\/index.php?rest_route=\/wp\/v2\/users\/5"}],"replies":[{"embeddable":true,"href":"https:\/\/diariodominicano.com\/index.php?rest_route=%2Fwp%2Fv2%2Fcomments&post=288494"}],"version-history":[{"count":3,"href":"https:\/\/diariodominicano.com\/index.php?rest_route=\/wp\/v2\/posts\/288494\/revisions"}],"predecessor-version":[{"id":288498,"href":"https:\/\/diariodominicano.com\/index.php?rest_route=\/wp\/v2\/posts\/288494\/revisions\/288498"}],"wp:featuredmedia":[{"embeddable":true,"href":"https:\/\/diariodominicano.com\/index.php?rest_route=\/wp\/v2\/media\/288495"}],"wp:attachment":[{"href":"https:\/\/diariodominicano.com\/index.php?rest_route=%2Fwp%2Fv2%2Fmedia&parent=288494"}],"wp:term":[{"taxonomy":"category","embeddable":true,"href":"https:\/\/diariodominicano.com\/index.php?rest_route=%2Fwp%2Fv2%2Fcategories&post=288494"},{"taxonomy":"post_tag","embeddable":true,"href":"https:\/\/diariodominicano.com\/index.php?rest_route=%2Fwp%2Fv2%2Ftags&post=288494"}],"curies":[{"name":"wp","href":"https:\/\/api.w.org\/{rel}","templated":true}]}}