{"id":288488,"date":"2021-07-23T11:57:07","date_gmt":"2021-07-23T15:57:07","guid":{"rendered":"http:\/\/diariodominicano.com\/?p=288488"},"modified":"2021-07-23T11:57:07","modified_gmt":"2021-07-23T15:57:07","slug":"canciller-de-haiti-promete-continuar-investigacion-sobre-magnicidio","status":"publish","type":"post","link":"https:\/\/diariodominicano.com\/?p=288488","title":{"rendered":"Canciller de Hait\u00ed promete continuar investigaci\u00f3n sobre magnicidio"},"content":{"rendered":"\n<p>diariodominicano.com<\/p>\n\n\n\n<p>Puerto Pr\u00edncipe, 23 jul (Prensa Latina) El ex primer ministro y canciller de Hait\u00ed, Claude Joseph, se comprometi\u00f3 hoy a continuar las investigaciones sobre el asesinato del presidente Jovenel Mo\u00efse, en la jornada de celebraci\u00f3n de los funerales nacionales.<\/p>\n\n\n\n<p><br>El ministro de Relaciones Exteriores se\u00f1al\u00f3 que las circunstancias de la muerte dejan una sombra oscura sobre el pa\u00eds, pero ellegado y compromiso del occiso con la mejora de las condiciones de vida de todos los haitianos perdurar\u00e1.<\/p>\n\n\n\n<p>&#8216;Tu creencia de que Hait\u00ed est\u00e1 mejor servido cuando su pueblo decide qui\u00e9n le representa y cuando los sistemas democr\u00e1ticos fuertes hacen que los que est\u00e1n en el poder rindan cuentas, seguir\u00e1 viva&#8217;, escribi\u00f3 Joseph en su cuenta oficial en las redes sociales.<\/p>\n\n\n\n<p>Los funerales nacionales del presidente asesinado comenzaron poco despu\u00e9s de las 10:00, hora local, tras el arribo de su viuda, Martine Mo\u00efse a la residencia familiar de Quartier-Morin, a unos nueve kil\u00f3metros del centro de Cabo Haitiano, en el extremo norte del pa\u00eds.<\/p>\n\n\n\n<p>La ex primera dama lleg\u00f3 vestida de negro, cabestrillo en un brazo y un sobrero de ala ancha, acompa\u00f1ada de sus tres hijos y un importante dispositivo de seguridad.<\/p>\n\n\n\n<p>Emotiva, salud\u00f3 por \u00faltima vez a su esposo de 25 a\u00f1os, y bes\u00f3 la bandera que cubre el f\u00e9retro cerrado, donde reposan los restos mortales del exgobernante.<\/p>\n\n\n\n<p>Mientras, muchos invitados gritaban que se hiciera justicia y aseguraban que Mo\u00efse fue uno de los pocos presidentes preocupados por los pobres y los campesinos.<\/p>\n\n\n\n<p>Una misa religiosa abri\u00f3 las honras f\u00fanebres este viernes, con mensajes para celebrar la vida del pol\u00e9mico exjefe de Estado.<\/p>\n\n\n\n<p>Mo\u00efse fue asesinado a sus 53 a\u00f1os en la residencia presidencial de Puerto Pr\u00edncipe, por un comando armado de 28 personas, que tambi\u00e9n hiri\u00f3 a la primera dama Martine Ethienne.<\/p>\n\n\n\n<p>Hasta el momento las autoridades apresaron a 26 personas, de ellas 18 colombianas, cinco estadounidenses de origen haitiano y dos polic\u00edas sospechosos de organizar el magnicidio.<\/p>\n\n\n\n<p>mgt\/ane<\/p>\n","protected":false},"excerpt":{"rendered":"<p>diariodominicano.com Puerto Pr\u00edncipe, 23 jul (Prensa Latina) El ex primer ministro y canciller de Hait\u00ed, Claude Joseph, se comprometi\u00f3 hoy a continuar las investigaciones sobre el asesinato del presidente Jovenel Mo\u00efse, en la jornada de celebraci\u00f3n de los funerales nacionales. El ministro de Relaciones Exteriores se\u00f1al\u00f3 que las circunstancias de la muerte dejan una sombra [&hellip;]<\/p>\n","protected":false},"author":5,"featured_media":288489,"comment_status":"closed","ping_status":"","sticky":true,"template":"","format":"standard","meta":{"footnotes":""},"categories":[23,27],"tags":[],"class_list":["post-288488","post","type-post","status-publish","format-standard","has-post-thumbnail","hentry","category-internacional","category-portada"],"_links":{"self":[{"href":"https:\/\/diariodominicano.com\/index.php?rest_route=\/wp\/v2\/posts\/288488","targetHints":{"allow":["GET"]}}],"collection":[{"href":"https:\/\/diariodominicano.com\/index.php?rest_route=\/wp\/v2\/posts"}],"about":[{"href":"https:\/\/diariodominicano.com\/index.php?rest_route=\/wp\/v2\/types\/post"}],"author":[{"embeddable":true,"href":"https:\/\/diariodominicano.com\/index.php?rest_route=\/wp\/v2\/users\/5"}],"replies":[{"embeddable":true,"href":"https:\/\/diariodominicano.com\/index.php?rest_route=%2Fwp%2Fv2%2Fcomments&post=288488"}],"version-history":[{"count":1,"href":"https:\/\/diariodominicano.com\/index.php?rest_route=\/wp\/v2\/posts\/288488\/revisions"}],"predecessor-version":[{"id":288490,"href":"https:\/\/diariodominicano.com\/index.php?rest_route=\/wp\/v2\/posts\/288488\/revisions\/288490"}],"wp:featuredmedia":[{"embeddable":true,"href":"https:\/\/diariodominicano.com\/index.php?rest_route=\/wp\/v2\/media\/288489"}],"wp:attachment":[{"href":"https:\/\/diariodominicano.com\/index.php?rest_route=%2Fwp%2Fv2%2Fmedia&parent=288488"}],"wp:term":[{"taxonomy":"category","embeddable":true,"href":"https:\/\/diariodominicano.com\/index.php?rest_route=%2Fwp%2Fv2%2Fcategories&post=288488"},{"taxonomy":"post_tag","embeddable":true,"href":"https:\/\/diariodominicano.com\/index.php?rest_route=%2Fwp%2Fv2%2Ftags&post=288488"}],"curies":[{"name":"wp","href":"https:\/\/api.w.org\/{rel}","templated":true}]}}