{"id":288468,"date":"2021-07-23T11:16:36","date_gmt":"2021-07-23T15:16:36","guid":{"rendered":"http:\/\/diariodominicano.com\/?p=288468"},"modified":"2021-07-23T11:16:36","modified_gmt":"2021-07-23T15:16:36","slug":"colegio-de-abogados-denuncia-mas-de-2000-privados-de-libertad-son-retenidos-en-prision-luego-de-cumplir-condenas","status":"publish","type":"post","link":"https:\/\/diariodominicano.com\/?p=288468","title":{"rendered":"Colegio de Abogados denuncia m\u00e1s de 2000 privados de libertad son retenidos en prisi\u00f3n luego de cumplir condenas"},"content":{"rendered":"\n<p>diariodominicano.com<\/p>\n\n\n\n<p>Propone medidas para descongestionar las c\u00e1rceles del Pa\u00eds\u00a0<\/p>\n\n\n\n<p>Santo Domingo, R. D.,  23 de julio, 2021.- El Colegio de Abogados de la Rep\u00fablica Dominicana (CARD) calific\u00f3 de inconstitucional y abusivo la permanencia en prisi\u00f3n de m\u00e1s de dos mil privados de libertad, que, a pesar de haber cumplido sus condenas, no han sido liberados por la ausencia de la orden de arresto que posibilite el computo de la pena.<\/p>\n\n\n\n<p>Al expresar su preocupaci\u00f3n por la situaci\u00f3n del congestionamiento de las c\u00e1rceles, mediante una misiva enviada al Consejo del Ministerio Publico considero imprescindible establecer un mecanismo de fiscalizaci\u00f3n y conteo autom\u00e1tico, que permita que la puesta en libertad opere de manera autom\u00e1tica, justo en el tiempo en que la pena es cumplida.<\/p>\n\n\n\n<p>\u201cBajo ning\u00fan concepto debe cargarse al privado de libertad o a sus familiares, como ocurre en la actualidad, pues es al Estado Dominicano, a quien le corresponde justificar la privaci\u00f3n de libertad, no al imputado demostrar que debe ser liberado\u201d, afirm\u00f3&nbsp; &nbsp; el presidente del CARD, Miguel Surum Hern\u00e1ndez.<\/p>\n\n\n\n<p>En ese sentido, demando de las autoridades eliminar lo que defini\u00f3 como meros tr\u00e1mites burocr\u00e1ticos, que en la actualidad perjudican alrededor de 2000 internos que no han sido liberados.<\/p>\n\n\n\n<p>Asimismo, cuestion\u00f3 que se les violenten sus derechos fundamentales, al prohibirles la visita de sus familiares, en violaci\u00f3n al art\u00edculo 103 de la Ley 113-21, que consagra que la restricci\u00f3n de visitas a los privados de libertad, solo puede implementarse sobre la base de una orden Judicial.<\/p>\n\n\n\n<p>\u201cEl Estado Dominicano es deudor de las garant\u00edas constitucionales en favor de todos los privados de libertad, lo que obliga a protegerlos y, por ende, deben implementar las medidas de urgencias para garantizarles ese derecho\u201d, preciso.<\/p>\n\n\n\n<p>Medidas que sugiere<\/p>\n\n\n\n<p>El Colegio de Abogados de la Republica Dominicana recomienda como forma de descongestionar las c\u00e1rceles varias medidas, entre ellas, establecer un mecanismo de fiscalizaci\u00f3n y conteo autom\u00e1tico del tiempo de privaci\u00f3n de libertad para cada interno, en que la puesta en libertad opere de manera autom\u00e1tica, justo en el tiempo en que la pena es cumplida o el sistema de cumplimiento es variado.<\/p>\n\n\n\n<p>-La instauraci\u00f3n de una base de datos de cada justiciable, en el que se encuentren desde la orden de arresto, las subsecuentes sentencias, hasta el auto de ejecuci\u00f3n de la pena, que debe contener la orden de libertad en fecha y hora fija, en cuya ejecuci\u00f3n no debe intervenir autoridad alguna, salvo el director de centro carcelario, en ejecuci\u00f3n de dicho auto de ejecuci\u00f3n de la pena.<\/p>\n\n\n\n<p>-Eliminar tr\u00e1mites burocr\u00e1tico y situaciones de secuestro carcelario; con un sistema que contenga un reloj que emita una alarma al juez de la Ejecuci\u00f3n de la Pena, para que garantice que no se permanezca un segundo m\u00e1s de la pena establecida.<\/p>\n\n\n\n<p>-Viabilizar, autorizar y permitir el reinicio de las visitas carcelarias contempladas y garantizadas por la Constituci\u00f3n, implementando las medidas de urgencias necesarias.<\/p>\n\n\n\n<p>Fuente: <strong>DEPARTAMENTO DE COMUNICACIONES<\/strong><\/p>\n\n\n\n<p><strong>Lilian Mateo<\/strong><\/p>\n","protected":false},"excerpt":{"rendered":"<p>diariodominicano.com Propone medidas para descongestionar las c\u00e1rceles del Pa\u00eds\u00a0 Santo Domingo, R. D., 23 de julio, 2021.- El Colegio de Abogados de la Rep\u00fablica Dominicana (CARD) calific\u00f3 de inconstitucional y abusivo la permanencia en prisi\u00f3n de m\u00e1s de dos mil privados de libertad, que, a pesar de haber cumplido sus condenas, no han sido liberados [&hellip;]<\/p>\n","protected":false},"author":5,"featured_media":288469,"comment_status":"closed","ping_status":"","sticky":true,"template":"","format":"standard","meta":{"footnotes":""},"categories":[24,27],"tags":[],"class_list":["post-288468","post","type-post","status-publish","format-standard","has-post-thumbnail","hentry","category-justicia-y-derecho","category-portada"],"_links":{"self":[{"href":"https:\/\/diariodominicano.com\/index.php?rest_route=\/wp\/v2\/posts\/288468","targetHints":{"allow":["GET"]}}],"collection":[{"href":"https:\/\/diariodominicano.com\/index.php?rest_route=\/wp\/v2\/posts"}],"about":[{"href":"https:\/\/diariodominicano.com\/index.php?rest_route=\/wp\/v2\/types\/post"}],"author":[{"embeddable":true,"href":"https:\/\/diariodominicano.com\/index.php?rest_route=\/wp\/v2\/users\/5"}],"replies":[{"embeddable":true,"href":"https:\/\/diariodominicano.com\/index.php?rest_route=%2Fwp%2Fv2%2Fcomments&post=288468"}],"version-history":[{"count":1,"href":"https:\/\/diariodominicano.com\/index.php?rest_route=\/wp\/v2\/posts\/288468\/revisions"}],"predecessor-version":[{"id":288470,"href":"https:\/\/diariodominicano.com\/index.php?rest_route=\/wp\/v2\/posts\/288468\/revisions\/288470"}],"wp:featuredmedia":[{"embeddable":true,"href":"https:\/\/diariodominicano.com\/index.php?rest_route=\/wp\/v2\/media\/288469"}],"wp:attachment":[{"href":"https:\/\/diariodominicano.com\/index.php?rest_route=%2Fwp%2Fv2%2Fmedia&parent=288468"}],"wp:term":[{"taxonomy":"category","embeddable":true,"href":"https:\/\/diariodominicano.com\/index.php?rest_route=%2Fwp%2Fv2%2Fcategories&post=288468"},{"taxonomy":"post_tag","embeddable":true,"href":"https:\/\/diariodominicano.com\/index.php?rest_route=%2Fwp%2Fv2%2Ftags&post=288468"}],"curies":[{"name":"wp","href":"https:\/\/api.w.org\/{rel}","templated":true}]}}