{"id":288410,"date":"2021-07-22T22:03:20","date_gmt":"2021-07-23T02:03:20","guid":{"rendered":"http:\/\/diariodominicano.com\/?p=288410"},"modified":"2021-07-22T22:03:20","modified_gmt":"2021-07-23T02:03:20","slug":"presidente-abinader-el-interes-del-gobierno-es-garantizar-el-fortalecimiento-y-competitividad-de-los-pequenos-empresarios","status":"publish","type":"post","link":"https:\/\/diariodominicano.com\/?p=288410","title":{"rendered":"Presidente Abinader: \u201cEl inter\u00e9s del gobierno es garantizar el fortalecimiento y competitividad de los peque\u00f1os empresarios\u201d"},"content":{"rendered":"\n<p>diariodominicano.com<\/p>\n\n\n\n<p>Santo Domingo, R. D., 22 de julio, 2021.-\u00a0El presidente Luis Abinader\u00a0asegur\u00f3 este jueves que el inter\u00e9s de su gobierno es garantizar el fortalecimiento y la competitividad de los peque\u00f1os empresarios detallistas de provisiones, por lo que motiv\u00f3\u00a0al sector organizarse a trav\u00e9s de cooperativas.<\/p>\n\n\n\n<p>Enfatiz\u00f3 que&nbsp;es un&nbsp;objetivo del Gobierno&nbsp;proteger el inter\u00e9s nacional&nbsp;y contribuir a que los peque\u00f1os comerciantes puedan subsistir en el mercado de la comercializaci\u00f3n de productos. &nbsp;<\/p>\n\n\n\n<p>En un encuentro sostenido este jueves con comerciantes detallistas les dijo, \u201custedes pueden estar seguros que mi \u00fanico objetivo es el inter\u00e9s nacional,&nbsp;y dentro de ese inter\u00e9s nacional est\u00e1 el que ustedes puedan sobrevivir,&nbsp;porque si aqu\u00ed hay una c\u00e9lula social de importancia en los barrios es el colmado, ustedes son el centro social, ustedes financian, suplen, tienen funci\u00f3n m\u00e1s all\u00e1 de un negocio,&nbsp;y consciente de esas cosas,&nbsp;el inter\u00e9s de este Gobierno es que ustedes se fortalezcan\u201d, enfatiz\u00f3 el primer mandatario.&nbsp;<\/p>\n\n\n\n<p>En el&nbsp;encuentro, celebrado en el Sal\u00f3n Verde del Palacio Nacional,&nbsp;participaron 92 representantes de la Federaci\u00f3n Dominicana de Detallistas de Provisiones,&nbsp;con el&nbsp;prop\u00f3sito de dar seguimiento a los precios de los productos b\u00e1sicosincluidos en la canasta familiar.&nbsp;<\/p>\n\n\n\n<p>\u201cEstamos aqu\u00ed para servir, para trabajar junto a ustedes por un mejor pa\u00eds, un pa\u00eds donde podamos todos y todas desarrollarnos y por eso, en la b\u00fasqueda de perfeccionar nuestras actividades, yo desde hace un tiempo quer\u00eda tener esta reuni\u00f3n, porque yo creo que en el sector minorista tiene que haber m\u00e1s uni\u00f3n y organizaci\u00f3n\u201d, expres\u00f3.<\/p>\n\n\n\n<p>El presidente Abinader les dijo a los comerciantes detallistas que el gobierno quiere colaborar y apoyarlos a crear cooperativas, ser m\u00e1s eficientes, que puedan comprar en grupos y de esta forma tener sistemas administrativos que les sean m\u00e1s efectivos.<\/p>\n\n\n\n<p>El presidente dijo que el objetivo de las autoridades es que el sector minorista tenga m\u00e1s eficiencia, y asegur\u00f3 que\u201cnosotros los vamos a favorecer con cooperativas, con financiamiento, para que ustedes puedan competir puedan competir de manera exitosa, hoy no lo vamos a resolver, hoy vamos a empezar a idear\u201d.<\/p>\n\n\n\n<p>Abinader apunt\u00f3 que este encuentro abre las puertas para una mayor interacci\u00f3n y adelant\u00f3 que seguir\u00e1n reuni\u00e9ndose de forma m\u00e1s coordinada y eficiente para alcanzar mayores resultados.<\/p>\n\n\n\n<p>Record\u00f3 que todos los jueves se re\u00fane con juntas de vecinos y organizaciones sociales, y hoy se planific\u00f3 realizar un encuentro con los comerciantes detallistas, para escuchar sus ideas&nbsp;y&nbsp;hagan sus aportes.<\/p>\n\n\n\n<p>El mandatario refiri\u00e9ndose al objetivo de la reuni\u00f3n, dijo \u201cnosotros anotamos algunas inquietudes que se pueden resolver inmediatamente, otras m\u00e1s adelante\u201d, puntualiz\u00f3.<\/p>\n\n\n\n<p>Refiri\u00e9ndose al aporte social de las cooperativas, indic\u00f3 que representan una excelente herramienta y que desde el gobierno se garantiza el apoyo para que no solo sobrevivan los comercios, sino que&nbsp;tambi\u00e9n se&nbsp;fortalezcan en un mundo cada vez m\u00e1s competitivo.<\/p>\n\n\n\n<p>\u201cEsto se lo digo como presidente, como amigo, como economista preocupado por el pa\u00eds, ustedes necesitan unirse para unificar eficiencia, para poder comprar a mejor precio, para poder financiarse, para poder buscar consultor\u00edas en todas las \u00e1reas\u201d, signific\u00f3.<\/p>\n\n\n\n<p>El primer mandatario de la naci\u00f3n tambi\u00e9n les pidi\u00f3 a los &nbsp;comerciantes detallistas &nbsp;regresar en un mes a otro encuentro, con proyectos y soluciones oportunas en beneficio de su sector.<\/p>\n\n\n\n<p>La bendici\u00f3n del acto estuvo a cargo del enlace del Poder Ejecutivo y La Comunidad Cristiana, pastor Dio Astacio.&nbsp;<\/p>\n\n\n\n<p>Acompa\u00f1aron al mandatario, los ministros Administrativo de la Presidencia, Jos\u00e9 Ignacio Paliza; de Industria, Comercio y Mipymes, V\u00edctor -Ito- Bison\u00f3; el director general de Operaciones de la Presidencia, Anibal Belliard, el viceministro de Fomento a las Pymes, Jorge Morales y el director general del Instituto Nacional de Estabilizaci\u00f3n de Precios (INESPRE), Iv\u00e1n Hern\u00e1ndez.&nbsp;<\/p>\n\n\n\n<p>Tambi\u00e9n, el director de Promipyme, Porfirio Peralta; la directora de PROSOLI-SUP\u00c9RATE, Gloria Reyes; el administrador general del Banco Agr\u00edcola, Fernando Dur\u00e1n; la directora general de ADESS, Digna Reynoso; el jefe de Gabinete del Ministerio de Agricultura, Freddy Fern\u00e1ndez y la asistente de Despacho Ministerio de Agricultura, Leonelys Reynoso.<\/p>\n\n\n\n<p>En el encuentro hablaron, adem\u00e1s, los presidentes de la Federaci\u00f3n Dominicana de Detallistas de Provisiones, Inc. (FEDEPRO), Miguel Taveras; del Frente Empresarial de Comerciantes Detallistas (FREMCO), Agust\u00edn Pe\u00f1al\u00f3 Ortiz; de la Federaci\u00f3n Nacional de Amigos Comerciantes (FENAMICOM), Manuel Mej\u00eda; de la Asociaci\u00f3n de Comerciantes de la&nbsp;Capital, Juli\u00e1n Antonio Parra.&nbsp;&nbsp;<\/p>\n\n\n\n<p>Tambi\u00e9n, los presidentes de la Asociaci\u00f3n de Comerciantes San Juan de la Maguana, Fausto Figuereo; de la Federaci\u00f3n Nacional de Comerciantes&nbsp;Detallistas (FENADEPRO), Ferm\u00edn Troncoso; de la Federaci\u00f3n Nacional de Peque\u00f1os&nbsp;Comerciantes (FEMAPECO), Apolinar Leyba Javier y del Grupo de Detallistas Unidos, Ricardo Rosario.<\/p>\n\n\n\n<p>Los comerciantes solicitaron el subsidio de algunos productos,&nbsp;facilidades de pr\u00e9stamos blandos a trav\u00e9s de Promipyme, eficientizar los canales de distribuci\u00f3n para que los productos lleguen a mejor costo y puedan ser vendidos a precio&nbsp;m\u00e1s bajo.<\/p>\n\n\n\n<p>Adem\u00e1s, solicitaron subsidios de&nbsp;energ\u00eda,&nbsp;precio competitivo al comercio detallista organizado,&nbsp;que las federaciones tengan representantes entre las federaciones y el gobierno para fortalecer la mesa de comercio y Mipymes y fortalecer la seguridad ciudadana.<\/p>\n\n\n\n<p>Los comerciantes felicitaron al gobernante por reunir a los diversos sectores de dirigentes del comercio a nivel nacional para buscar soluciones en conjunto y expresaron que est\u00e1n en la mayor disposici\u00f3n de vender los productos baratos y pusieron a la orden del gobierno sus establecimientos comerciales.&nbsp;<\/p>\n\n\n\n<p>Coincidieron en que este encuentro permite aunar esfuerzos para buscar soluciones y empujar hacia la baja los precios de los productos de la canasta familiar y\u00a0que el presidente Abinader quiere ayudar a los comerciantes sin importar las banderas pol\u00edticas.\u00a0<\/p>\n\n\n\n<p>Fuente:  Direcci\u00f3n de prensa<\/p>\n\n\n\n<p>Presidencia de la Rep\u00fablica Dominicana<\/p>\n","protected":false},"excerpt":{"rendered":"<p>diariodominicano.com Santo Domingo, R. D., 22 de julio, 2021.-\u00a0El presidente Luis Abinader\u00a0asegur\u00f3 este jueves que el inter\u00e9s de su gobierno es garantizar el fortalecimiento y la competitividad de los peque\u00f1os empresarios detallistas de provisiones, por lo que motiv\u00f3\u00a0al sector organizarse a trav\u00e9s de cooperativas. Enfatiz\u00f3 que&nbsp;es un&nbsp;objetivo del Gobierno&nbsp;proteger el inter\u00e9s nacional&nbsp;y contribuir a que [&hellip;]<\/p>\n","protected":false},"author":5,"featured_media":288422,"comment_status":"closed","ping_status":"","sticky":true,"template":"","format":"standard","meta":{"footnotes":""},"categories":[18,27],"tags":[],"class_list":["post-288410","post","type-post","status-publish","format-standard","has-post-thumbnail","hentry","category-economia","category-portada"],"_links":{"self":[{"href":"https:\/\/diariodominicano.com\/index.php?rest_route=\/wp\/v2\/posts\/288410","targetHints":{"allow":["GET"]}}],"collection":[{"href":"https:\/\/diariodominicano.com\/index.php?rest_route=\/wp\/v2\/posts"}],"about":[{"href":"https:\/\/diariodominicano.com\/index.php?rest_route=\/wp\/v2\/types\/post"}],"author":[{"embeddable":true,"href":"https:\/\/diariodominicano.com\/index.php?rest_route=\/wp\/v2\/users\/5"}],"replies":[{"embeddable":true,"href":"https:\/\/diariodominicano.com\/index.php?rest_route=%2Fwp%2Fv2%2Fcomments&post=288410"}],"version-history":[{"count":1,"href":"https:\/\/diariodominicano.com\/index.php?rest_route=\/wp\/v2\/posts\/288410\/revisions"}],"predecessor-version":[{"id":288423,"href":"https:\/\/diariodominicano.com\/index.php?rest_route=\/wp\/v2\/posts\/288410\/revisions\/288423"}],"wp:featuredmedia":[{"embeddable":true,"href":"https:\/\/diariodominicano.com\/index.php?rest_route=\/wp\/v2\/media\/288422"}],"wp:attachment":[{"href":"https:\/\/diariodominicano.com\/index.php?rest_route=%2Fwp%2Fv2%2Fmedia&parent=288410"}],"wp:term":[{"taxonomy":"category","embeddable":true,"href":"https:\/\/diariodominicano.com\/index.php?rest_route=%2Fwp%2Fv2%2Fcategories&post=288410"},{"taxonomy":"post_tag","embeddable":true,"href":"https:\/\/diariodominicano.com\/index.php?rest_route=%2Fwp%2Fv2%2Ftags&post=288410"}],"curies":[{"name":"wp","href":"https:\/\/api.w.org\/{rel}","templated":true}]}}