{"id":288404,"date":"2021-07-22T21:49:11","date_gmt":"2021-07-23T01:49:11","guid":{"rendered":"http:\/\/diariodominicano.com\/?p=288404"},"modified":"2021-07-22T21:49:11","modified_gmt":"2021-07-23T01:49:11","slug":"ecuador-declara-estado-de-emergencia-en-sistema-carcelario-tras-violentos-motines","status":"publish","type":"post","link":"https:\/\/diariodominicano.com\/?p=288404","title":{"rendered":"Ecuador declara estado de emergencia en sistema carcelario tras violentos motines"},"content":{"rendered":"\n<h3 class=\"wp-block-heading\">diariodominicano.com<a rel=\"noreferrer noopener\" href=\"http:\/\/home.xinhua-news.com\/gdsdetailxhs\/share\/9699313-?pageflag=iframe\" target=\"_blank\"><\/a><\/h3>\n\n\n\n<pre id=\"text-news-description\" class=\"wp-block-preformatted\">   QUITO, 22 jul (Xinhua) -- El presidente de Ecuador, Guillermo Lasso, decret\u00f3 hoy jueves en estado de emergencia al sistema carcelario del pa\u00eds tras los violentos motines registrados el mi\u00e9rcoles en dos penales, que dejaron un saldo de 22 reclusos muertos y 41 heridos, entre ellos polic\u00edas.\n   \"Se declara el estado de emergencia en el sistema carcelario a fin de movilizar todos los recursos humanos  y econ\u00f3micos necesarios para restablecer el orden\", anunci\u00f3 el mandatario en una rueda de prensa en la ciudad de Latacunga (centro) donde se produjo uno de los motines.\n   Los incidentes se registraron la noche del mi\u00e9rcoles en los Centros de Privaci\u00f3n de Libertad Guayas N\u00famero 1, en el suroeste del pa\u00eds, y Cotopaxi N\u00famero 1, ubicado en la sierra central.\n   Lasso, afirm\u00f3 que el Gobierno ha restablecido el pleno control de los dos penales gracias a la \"contundente\" intervenci\u00f3n de la Polic\u00eda y de las Fuerzas Armadas y anunci\u00f3 medidas inmediatas para evitar nuevos incidentes.\n   \"Se ha establecido el control militar en el per\u00edmetro de acceso a los centros carcelarios en el filtro 1 y el control policial en los filtros 2 y 3, y pr\u00e1cticamente total, en los centros carcelarios\", expuso.\n   Adem\u00e1s, se ces\u00f3 en funciones al director del Servicio Nacional de Atenci\u00f3n Integral a Personas Privadas de Libertad (SNAI), Edmundo Moncayo, y en su reemplazo se design\u00f3 al coronel en servicio pasivo Fausto Cobo, a quien se encomend\u00f3 iniciar una reestructuraci\u00f3n del sistema carcelario.\n   El mandatario, que asumi\u00f3 funciones el pasado 24 de mayo, advirti\u00f3 que las mafias que operan al interior de las prisiones \"ser\u00e1n derrotadas\" por su Gobierno al enviar un fuerte mensaje a las bandas delincuenciales.\n   \"Quiero decirles a las mafias que pretenden amedrentar a este pa\u00eds que se equivocan si creen que este gobierno va a actuar con la misma tibieza que los anteriores. Se equivocan si creen que nos va a temblar la mano, les quiero decir que todos ustedes ser\u00e1n derrotados\", apunt\u00f3.\n   \"Vamos a usar todo el poder de la ley para imponer el estado de derecho y garantizar la paz y los derechos humanos en los centros carcelarios del Ecuador\", complement\u00f3 el mandatario.\n   Adem\u00e1s, se report\u00f3 agresiones sexuales a una oficial de polic\u00eda durante los incidentes, un hecho que el presidente calific\u00f3 de \"cobarde\" y anunci\u00f3 su respaldo a la v\u00edctima para que la justicia castigue a su agresor con todo el peso de la ley.\n   De igual manera, el Gobierno indic\u00f3 que se logr\u00f3 recapturar a 78 reos quienes aprovecharon el caos generado durante los motines para fugar.\n   El presidente ecuatoriano expres\u00f3 sus condolencias a las familias de las v\u00edctimas de estos incidentes y su respaldo a las fuerzas del orden.\n   A\u00f1adi\u00f3 que con la restructuraci\u00f3n del sistema carcelario se buscar\u00e1 dar una soluci\u00f3n de mediano y largo plazo a los problemas que se han presentado en los \u00faltimos a\u00f1os.\n   Este fue el segundo mot\u00edn carcelario a gran escala en el pa\u00eds sudamericano este a\u00f1o, despu\u00e9s de uno en febrero en tres c\u00e1rceles provocado por enfrentamientos entre bandas rivales, que result\u00f3 en 79 reclusos muertos y decenas de heridos, incluidos polic\u00edas. <\/pre>\n\n\n\n<div class=\"wp-block-image\"><figure class=\"aligncenter size-large is-resized\"><img loading=\"lazy\" decoding=\"async\" src=\"https:\/\/diariodominicano.com\/wp-content\/uploads\/2021\/07\/Ecuador-familiaresde-presos22-7-21.jpg\" alt=\"\" class=\"wp-image-288408\" width=\"414\" height=\"283\" srcset=\"https:\/\/diariodominicano.com\/wp-content\/uploads\/2021\/07\/Ecuador-familiaresde-presos22-7-21.jpg 490w, https:\/\/diariodominicano.com\/wp-content\/uploads\/2021\/07\/Ecuador-familiaresde-presos22-7-21-300x206.jpg 300w\" sizes=\"auto, (max-width: 414px) 100vw, 414px\" \/><figcaption>LATACUNGA, 22 julio, 2021 (Xinhua) &#8212; Familiares de personas privadas de la libertad reaccionan frente al Centro de Rehabilitaci\u00f3n Social Cotopaxi, en Latacunga, provincia de Cotopaxi, Ecuador<br>, el 22 de julio de 2021. Al menos 21 presos murieron y varios m\u00e1s resultaron heridos en motines registrados la noche del mi\u00e9rcoles en dos c\u00e1rceles de Ecuador, inform\u00f3 el jueves la Fiscal\u00eda General del Estado. (Xinhua\/Str)<\/figcaption><\/figure><\/div>\n","protected":false},"excerpt":{"rendered":"<p>LATACUNGA, 22 julio, 2021 (Xinhua) &#8212; Militares vigilan el Centro de Rehabilitaci\u00f3n Social Cotopaxi, en Latacunga, provincia de Cotopaxi, Ecuador, el 22 de julio de 2021. Al menos 21 presos murieron y varios m\u00e1s resultaron heridos en motines registrados la noche del mi\u00e9rcoles en dos c\u00e1rceles de Ecuador, inform\u00f3 el jueves la Fiscal\u00eda General del Estado. (Xinhua<\/p>\n","protected":false},"author":5,"featured_media":288406,"comment_status":"closed","ping_status":"","sticky":true,"template":"","format":"standard","meta":{"footnotes":""},"categories":[23,27],"tags":[],"class_list":["post-288404","post","type-post","status-publish","format-standard","has-post-thumbnail","hentry","category-internacional","category-portada"],"_links":{"self":[{"href":"https:\/\/diariodominicano.com\/index.php?rest_route=\/wp\/v2\/posts\/288404","targetHints":{"allow":["GET"]}}],"collection":[{"href":"https:\/\/diariodominicano.com\/index.php?rest_route=\/wp\/v2\/posts"}],"about":[{"href":"https:\/\/diariodominicano.com\/index.php?rest_route=\/wp\/v2\/types\/post"}],"author":[{"embeddable":true,"href":"https:\/\/diariodominicano.com\/index.php?rest_route=\/wp\/v2\/users\/5"}],"replies":[{"embeddable":true,"href":"https:\/\/diariodominicano.com\/index.php?rest_route=%2Fwp%2Fv2%2Fcomments&post=288404"}],"version-history":[{"count":1,"href":"https:\/\/diariodominicano.com\/index.php?rest_route=\/wp\/v2\/posts\/288404\/revisions"}],"predecessor-version":[{"id":288409,"href":"https:\/\/diariodominicano.com\/index.php?rest_route=\/wp\/v2\/posts\/288404\/revisions\/288409"}],"wp:featuredmedia":[{"embeddable":true,"href":"https:\/\/diariodominicano.com\/index.php?rest_route=\/wp\/v2\/media\/288406"}],"wp:attachment":[{"href":"https:\/\/diariodominicano.com\/index.php?rest_route=%2Fwp%2Fv2%2Fmedia&parent=288404"}],"wp:term":[{"taxonomy":"category","embeddable":true,"href":"https:\/\/diariodominicano.com\/index.php?rest_route=%2Fwp%2Fv2%2Fcategories&post=288404"},{"taxonomy":"post_tag","embeddable":true,"href":"https:\/\/diariodominicano.com\/index.php?rest_route=%2Fwp%2Fv2%2Ftags&post=288404"}],"curies":[{"name":"wp","href":"https:\/\/api.w.org\/{rel}","templated":true}]}}