{"id":288400,"date":"2021-07-22T21:39:45","date_gmt":"2021-07-23T01:39:45","guid":{"rendered":"http:\/\/diariodominicano.com\/?p=288400"},"modified":"2021-07-22T21:39:45","modified_gmt":"2021-07-23T01:39:45","slug":"celebran-eucaristia-en-memoria-del-presidente-jovenel-moise-y-reclaman-que-su-muerte-no-quede-impune","status":"publish","type":"post","link":"https:\/\/diariodominicano.com\/?p=288400","title":{"rendered":"Celebran eucarist\u00eda en  memoria del presidente Jovenel Moise y reclaman que su muerte no quede impune"},"content":{"rendered":"\n<p>diariodominicano.com<\/p>\n\n\n\n<p><strong><em>Embajador Smith Augustin afirma que\u00a0 los sue\u00f1os de justicia social\u00a0 promovidos por Moise est\u00e1n sembrados en los corazones del pueblo haitiano.<\/em><\/strong><\/p>\n\n\n\n<p>Santo Domingo, R. D., 22 de julio, 2021.- Una eucarist\u00eda a instancia de la Embajada de Hait\u00ed en Rep\u00fablica Dominicana fue celebrada la ma\u00f1ana del mi\u00e9rcoles 22 de julio en la iglesia Las Mercedes de Santo Domingo, en memoria\u00a0 del presidente Jovenel Moise, asesinado\u00a0 el pasado 7 de julio por mercenarios en su residencia de Puerto Pr\u00edncipe, Hait\u00ed.<\/p>\n\n\n\n<p>El oficio religioso fue presidido por fray Sainclus Jodelet, quien durante la homil\u00eda, destac\u00f3 la sed de justicia del pueblo de Hait\u00ed y conden\u00f3 el crimen que se cometi\u00f3 contra el presidente Moise.<\/p>\n\n\n\n<p>El padre Jodelet, de la Orden de los Frailes Menores, clam\u00f3 por justicia contra el magnicidio que se cometi\u00f3 e hizo un llamado al di\u00e1logo, la paz y la reconciliaci\u00f3n en Hait\u00ed.&nbsp;&nbsp;<\/p>\n\n\n\n<p>Mientras que Su Excelencia, embajador Smith Augustin, expres\u00f3 que lo que ha pasado en Hait\u00ed es que han matado a un hombre, pero no han podido asesinar las ideas de progreso y bienestar social por el que so\u00f1\u00f3 y luch\u00f3 el presidente Jovenel Moise.<\/p>\n\n\n\n<p>\u201cSiguen vivos estos sue\u00f1os porque son invencibles las semillas de la sed de justicia social sembradas en los corazones de un pueblo herido y explotado por un colonialismo interno\u201d.<\/p>\n\n\n\n<p>Sostuvo que \u201csiguen vivos los sue\u00f1os del Hombre porque nadie puede volver a cerrar los ojos de un pueblo cuyos enemigos les han sido identificados. Siguen vivos los sue\u00f1os del Hombre, porque hasta la victoria siempre iremos, ya que el pueblo haitiano no puede m\u00e1s con el ego\u00edsmo ni con la profunda insensibilidad de los m\u00e1s favorecidos\u201d.<\/p>\n\n\n\n<p>Durante su intervenci\u00f3n en la misma, el Jefe de Misi\u00f3n de la Embajada de Hait\u00ed en RD, dijo que en las actuales circunstancias de luto y dolor, la \u00faltima palabra la tiene el&nbsp;&nbsp; pueblo haitiano.<\/p>\n\n\n\n<p>Al oficio religioso asisti\u00f3 una amplia representaci\u00f3n del Cuerpo Diplom\u00e1tico acreditado en el pa\u00eds, entre los que se destacan los embajadores Clemente Baena Soares, de Brasil,&nbsp; Oscar Armando Toledo, del Salvador, Rudy Coxaj,&nbsp; de Guatemala, Daniel Biran Bayor, de Israel ,&nbsp; Carlos Pa\u00f1afiel, de M\u00e9xico, Eric Fournier, de Francia y&nbsp;&nbsp; Alexandria Valerio, Representante Residente del Banco Mundial en el pa\u00eds. Tambi\u00e9n estuvo presente en la misa Natalia G\u00f3mez Bossa y el capit\u00e1n Federico Sierra, en representaci\u00f3n de la Embajada de Colombia.<\/p>\n\n\n\n<p>En representaci\u00f3n de la canciller\u00eda dominicana estuvieron presentes los se\u00f1ores Silvestre Emmanuel Lora y Giovanni B\u00e1ez.<\/p>\n\n\n\n<div class=\"wp-block-image\"><figure class=\"alignleft size-large is-resized\"><img loading=\"lazy\" decoding=\"async\" src=\"https:\/\/diariodominicano.com\/wp-content\/uploads\/2021\/07\/Haiti-Misa-Jovenel22-7-21-1024x682.jpg\" alt=\"\" class=\"wp-image-288402\" width=\"359\" height=\"239\" srcset=\"https:\/\/diariodominicano.com\/wp-content\/uploads\/2021\/07\/Haiti-Misa-Jovenel22-7-21-1024x682.jpg 1024w, https:\/\/diariodominicano.com\/wp-content\/uploads\/2021\/07\/Haiti-Misa-Jovenel22-7-21-300x200.jpg 300w, https:\/\/diariodominicano.com\/wp-content\/uploads\/2021\/07\/Haiti-Misa-Jovenel22-7-21-768x512.jpg 768w, https:\/\/diariodominicano.com\/wp-content\/uploads\/2021\/07\/Haiti-Misa-Jovenel22-7-21-1536x1024.jpg 1536w, https:\/\/diariodominicano.com\/wp-content\/uploads\/2021\/07\/Haiti-Misa-Jovenel22-7-21-816x544.jpg 816w, https:\/\/diariodominicano.com\/wp-content\/uploads\/2021\/07\/Haiti-Misa-Jovenel22-7-21.jpg 2000w\" sizes=\"auto, (max-width: 359px) 100vw, 359px\" \/><\/figure><\/div>\n\n\n\n<p>El embajador Smith Augustin se hizo acompa\u00f1ar durante el oficio religioso en homenaje al presidente Moise por los embajadores\u00a0 de Hait\u00ed en Canad\u00e1\u00a0 Weibert Arthus, Jean Josu\u00e9 Dahomay Pierre, en France,\u00a0 Louis-Marie Saintil, en Espa\u00f1a,\u00a0 Jesse Jean, en B\u00e9lgica\u00a0 y de Madame Dominique Dupuy, Representante de Hait\u00ed ante la UNESCO, quienes estuvieron de tr\u00e1nsito por Santo Domingo, para asistir a los funerales en Cabo Haitiano, Hait\u00ed. La Misi\u00f3n Diplom\u00e1tica haitiana en Rep\u00fablica Dominicana, funcionarios consulares y empleados, acudieron a al homenaje.\u00a0<br><br>Fuente:  Jos\u00e9 Luis Soto R<\/p>\n","protected":false},"excerpt":{"rendered":"<p>diariodominicano.com Embajador Smith Augustin afirma que\u00a0 los sue\u00f1os de justicia social\u00a0 promovidos por Moise est\u00e1n sembrados en los corazones del pueblo haitiano. Santo Domingo, R. D., 22 de julio, 2021.- Una eucarist\u00eda a instancia de la Embajada de Hait\u00ed en Rep\u00fablica Dominicana fue celebrada la ma\u00f1ana del mi\u00e9rcoles 22 de julio en la iglesia Las [&hellip;]<\/p>\n","protected":false},"author":5,"featured_media":288401,"comment_status":"closed","ping_status":"","sticky":true,"template":"","format":"standard","meta":{"footnotes":""},"categories":[20,27],"tags":[],"class_list":["post-288400","post","type-post","status-publish","format-standard","has-post-thumbnail","hentry","category-dominicana-hoy","category-portada"],"_links":{"self":[{"href":"https:\/\/diariodominicano.com\/index.php?rest_route=\/wp\/v2\/posts\/288400","targetHints":{"allow":["GET"]}}],"collection":[{"href":"https:\/\/diariodominicano.com\/index.php?rest_route=\/wp\/v2\/posts"}],"about":[{"href":"https:\/\/diariodominicano.com\/index.php?rest_route=\/wp\/v2\/types\/post"}],"author":[{"embeddable":true,"href":"https:\/\/diariodominicano.com\/index.php?rest_route=\/wp\/v2\/users\/5"}],"replies":[{"embeddable":true,"href":"https:\/\/diariodominicano.com\/index.php?rest_route=%2Fwp%2Fv2%2Fcomments&post=288400"}],"version-history":[{"count":1,"href":"https:\/\/diariodominicano.com\/index.php?rest_route=\/wp\/v2\/posts\/288400\/revisions"}],"predecessor-version":[{"id":288403,"href":"https:\/\/diariodominicano.com\/index.php?rest_route=\/wp\/v2\/posts\/288400\/revisions\/288403"}],"wp:featuredmedia":[{"embeddable":true,"href":"https:\/\/diariodominicano.com\/index.php?rest_route=\/wp\/v2\/media\/288401"}],"wp:attachment":[{"href":"https:\/\/diariodominicano.com\/index.php?rest_route=%2Fwp%2Fv2%2Fmedia&parent=288400"}],"wp:term":[{"taxonomy":"category","embeddable":true,"href":"https:\/\/diariodominicano.com\/index.php?rest_route=%2Fwp%2Fv2%2Fcategories&post=288400"},{"taxonomy":"post_tag","embeddable":true,"href":"https:\/\/diariodominicano.com\/index.php?rest_route=%2Fwp%2Fv2%2Ftags&post=288400"}],"curies":[{"name":"wp","href":"https:\/\/api.w.org\/{rel}","templated":true}]}}