{"id":288368,"date":"2021-07-22T21:45:38","date_gmt":"2021-07-23T01:45:38","guid":{"rendered":"http:\/\/diariodominicano.com\/?p=288368"},"modified":"2021-07-22T21:56:19","modified_gmt":"2021-07-23T01:56:19","slug":"policia-pone-en-marcha-ocho-nuevos-sistemas-informaticos-para-fortalecer-procesos-misionales-de-inteligencia-prevencion-investigacion-y-comunicacion","status":"publish","type":"post","link":"https:\/\/diariodominicano.com\/?p=288368","title":{"rendered":"La Polic\u00eda Pone en marcha ocho nuevos sistemas inform\u00e1ticos para fortalecer procesos misionales de inteligencia, prevenci\u00f3n, investigaci\u00f3n y comunicaci\u00f3n"},"content":{"rendered":"\n<p>La Polic\u00eda Nacional puso en marcha ocho nuevos sistemas de informaci\u00f3n que facilitar\u00e1n el fortalecimiento en las \u00e1reas de inteligencia, prevenci\u00f3n, investigaci\u00f3n y comunicaci\u00f3n, estos desarrollos son resultado de nuestra Direcci\u00f3n de Tecnolog\u00eda de la Informaci\u00f3n y Comunicaci\u00f3n.<\/p>\n\n\n\n<p>Estos nuevos sistemas de informaci\u00f3n permiten fortalecer la gesti\u00f3n del servicio de polic\u00eda a trav\u00e9s del Sistema de Mando y Control de Acciones Preventivas basado en Tablas de Acciones M\u00ednimas. TAM 1.0; El Sistema Policial de Consultas Criminol\u00f3gicas (SPCC) y C\u00e1maras Corporales y Pistolas Taser.<\/p>\n\n\n\n<p>Asimismo, se fortalece la gesti\u00f3n de nuestro talento humano con el Sistema de Informaci\u00f3n y Administraci\u00f3n de N\u00f3minas de Recursos Humanos de nuestra Polic\u00eda Nacional, SIARH v2.0; el Sistema para la Gesti\u00f3n del Servicio Policial para la lista de Servicio. Adem\u00e1s, se mejora la log\u00edstica con el Sistema de Gesti\u00f3n de Equipos de Comunicaciones y Telef\u00f3nicas. Para brindar informaci\u00f3n transparente, permanente y de f\u00e1cil acceso ahora cuenta con el Nuevo Portal Web de la Polic\u00eda Nacional y Nuevo Portal de Transparencia.<\/p>\n\n\n\n<p><strong>Acto de presentaci\u00f3n<\/strong><\/p>\n\n\n\n<p>El evento fue encabezado por la viceministra en Seguridad Preventiva del Ministerio de Interior y Polic\u00eda, en representaci\u00f3n del Ministro de Interior y Polic\u00eda, Jes\u00fas V\u00e1squez Mart\u00ednez; el mayor general Edward Ram\u00f3n S\u00e1nchez Gonz\u00e1lez, director General de nuestra Polic\u00eda Nacional, quien estuvo acompa\u00f1ado por los generales Teresa Mart\u00ednez Hern\u00e1ndez y Claudio Peguero Castillo, subdirectora e inspector general de la instituci\u00f3n, respectivamente.&nbsp;&nbsp;<\/p>\n\n\n\n<p>Las palabras de apertura estuvieron a cargo del coronel Jos\u00e9 Encarnaci\u00f3n director de Tecnolog\u00eda de la Informaci\u00f3n y Comunicaci\u00f3n, quien destac\u00f3 que para la Polic\u00eda Nacional el soporte de avanzadas tecnolog\u00edas nos permitir\u00e1 mejorar la efectividad en los resultados del accionar policial, adem\u00e1s de adaptarse con facilidad a la din\u00e1mica del entorno, dentro de un mundo contempor\u00e1neo cada vez m\u00e1s globalizado que exige de las instituciones un cambio permanente, ya que es lo \u00fanico constante.<\/p>\n\n\n\n<p>Mientras que el mayor general S\u00e1nchez Gonz\u00e1lez dijo que lo que \u201cestamos presentando a la sociedad dominicana el d\u00eda de hoy, son ocho Productos Tecnol\u00f3gicos para el Fortalecimiento de los Procesos Misionales de la Polic\u00eda Nacional, desarrollados por el formidable equipo de la Direcci\u00f3n de Tecnolog\u00eda de la Informaci\u00f3n y Comunicaci\u00f3n de nuestra Instituci\u00f3n\u201d.<\/p>\n\n\n\n<p>Agreg\u00f3 que estos productos constituyen en s\u00ed mismos logros palpables de los esfuerzos de Transformaci\u00f3n Integral Policial&nbsp; que ha impulsado el Gobierno encabezado por el Presidente de la Rep\u00fablica, Luis Abinader, \u201ca quien agradecemos profundamente lo que est\u00e1 haciendo por los hombres y mujeres de uniforme, y que estamos trabajando con el hist\u00f3rico apoyo de la Comisi\u00f3n Presidencial para la Transformaci\u00f3n y Profesionalizaci\u00f3n de la Polic\u00eda Nacional.<\/p>\n\n\n\n<p>Estas acciones permitir\u00e1n a nuestra instituci\u00f3n ser una polic\u00eda m\u00e1s profesional, tecnificada y que haga uso de las herramientas tecnol\u00f3gicas para combatir el delito y reducir los \u00edndices de criminalidad, que garantice la seguridad y la convivencia pac\u00edfica en el territorio dominicano.<\/p>\n\n\n\n<p><\/p>\n","protected":false},"excerpt":{"rendered":"<p>La Polic\u00eda Nacional puso en marcha ocho nuevos sistemas de informaci\u00f3n que facilitar\u00e1n el fortalecimiento en las \u00e1reas de inteligencia, prevenci\u00f3n, investigaci\u00f3n y comunicaci\u00f3n, estos desarrollos son resultado de nuestra Direcci\u00f3n de Tecnolog\u00eda de la Informaci\u00f3n y Comunicaci\u00f3n. Estos nuevos sistemas de informaci\u00f3n permiten fortalecer la gesti\u00f3n del servicio de polic\u00eda a trav\u00e9s del Sistema [&hellip;]<\/p>\n","protected":false},"author":7,"featured_media":285930,"comment_status":"closed","ping_status":"","sticky":true,"template":"","format":"standard","meta":{"footnotes":""},"categories":[24,27],"tags":[],"class_list":["post-288368","post","type-post","status-publish","format-standard","has-post-thumbnail","hentry","category-justicia-y-derecho","category-portada"],"_links":{"self":[{"href":"https:\/\/diariodominicano.com\/index.php?rest_route=\/wp\/v2\/posts\/288368","targetHints":{"allow":["GET"]}}],"collection":[{"href":"https:\/\/diariodominicano.com\/index.php?rest_route=\/wp\/v2\/posts"}],"about":[{"href":"https:\/\/diariodominicano.com\/index.php?rest_route=\/wp\/v2\/types\/post"}],"author":[{"embeddable":true,"href":"https:\/\/diariodominicano.com\/index.php?rest_route=\/wp\/v2\/users\/7"}],"replies":[{"embeddable":true,"href":"https:\/\/diariodominicano.com\/index.php?rest_route=%2Fwp%2Fv2%2Fcomments&post=288368"}],"version-history":[{"count":2,"href":"https:\/\/diariodominicano.com\/index.php?rest_route=\/wp\/v2\/posts\/288368\/revisions"}],"predecessor-version":[{"id":288421,"href":"https:\/\/diariodominicano.com\/index.php?rest_route=\/wp\/v2\/posts\/288368\/revisions\/288421"}],"wp:featuredmedia":[{"embeddable":true,"href":"https:\/\/diariodominicano.com\/index.php?rest_route=\/wp\/v2\/media\/285930"}],"wp:attachment":[{"href":"https:\/\/diariodominicano.com\/index.php?rest_route=%2Fwp%2Fv2%2Fmedia&parent=288368"}],"wp:term":[{"taxonomy":"category","embeddable":true,"href":"https:\/\/diariodominicano.com\/index.php?rest_route=%2Fwp%2Fv2%2Fcategories&post=288368"},{"taxonomy":"post_tag","embeddable":true,"href":"https:\/\/diariodominicano.com\/index.php?rest_route=%2Fwp%2Fv2%2Ftags&post=288368"}],"curies":[{"name":"wp","href":"https:\/\/api.w.org\/{rel}","templated":true}]}}