{"id":288367,"date":"2021-07-22T20:41:08","date_gmt":"2021-07-23T00:41:08","guid":{"rendered":"http:\/\/diariodominicano.com\/?p=288367"},"modified":"2021-07-22T20:41:32","modified_gmt":"2021-07-23T00:41:32","slug":"mancomunidad-apoya-estudios-para-desarrollo-mineria","status":"publish","type":"post","link":"https:\/\/diariodominicano.com\/?p=288367","title":{"rendered":"Mancomunidad apoya estudios para desarrollo miner\u00eda"},"content":{"rendered":"\n<p><strong><em>Fernando Gonz\u00e1lez Nicol\u00e1s afirm\u00f3 que la decisi\u00f3n para explotarlos yacimientos mineros debe basarse en resultados de estudiost\u00e9cnicos y ambientales<\/em><\/strong> <\/p>\n\n\n\n<p>Santo Domingo, RD.- La Mesa Redonda de los Pa\u00edses de la Mancomunidad en la Rep\u00fablica Dominicana expres\u00f3 su apoyo al Ministro de Energ\u00eda y Minas para realizar los estudios t\u00e9cnicos y medio ambientales para que sirvan de base para tomar decisiones que \u00a0determinen el desarrollo de los proyectos mineros. <\/p>\n\n\n\n<p><br>El presidente de la entidad, Fernando Gonz\u00e1lez Nicolas, consider\u00f3 que estudios deber\u00e1n ser realizados por instituciones que gocen de la credibilidad y el reconocimiento internacional, y que sean pautados por las autoridades nacionales, bajo la supervisi\u00f3n de veedores representativos de las respectivas comunidades.<br>A\u00f1adi\u00f3 que oponerse al desarrollo de proyectos basado en caprichos y suposiciones es un asunto del pasado, porque ya en la miner\u00eda que se hace en la actualidad es responsable y compatible con el medio ambiente. <\/p>\n\n\n\n<p><br>Gonz\u00e1lez Nicolas especific\u00f3 que en los pa\u00edses de la Mancomunidad se encuentran las principales mineras del mundo y estas son responsables, ya que en estas naciones ser responsable con el medio ambiente es lo normal.  <\/p>\n\n\n\n<p><br>El presidente de la Mesa de la Mancomunidad est\u00e1 de acuerdo en que se inicien cuanto antes, los estudios de la presa de cola de Barrick Pueblo Viejo, as\u00ed como otros estudios est\u00e1n pendientes.<br> <\/p>\n\n\n\n<p> \u201cLa dilaci\u00f3n en llevar a cabo los estudios est\u00e1 impactado negativamente a la Rep\u00fablica Dominicana como destino atractivo a la de inversi\u00f3n minera y a la seguridad jur\u00eddica se refiere\u201d, dijo. <\/p>\n\n\n\n<p><br>Por otro parte Gonz\u00e1lez Nicolas resalt\u00f3 que, para fortalecer la minera en el pa\u00eds, tambi\u00e9n es necesario garantizarles a las comunidades los beneficios que le corresponden por ley, porque consider\u00f3 como injusto que existan comunidades pobres, donde se explotan proyectos mineros que generan millones y de d\u00f3lares.<br>Invit\u00f3 a los dominicanos a entender que la miner\u00eda responsable es fuente de prosperidad, educaci\u00f3n y desarrollo, y que lo sensato es basarse en hechos y datos t\u00e9cnicos, no en falsas suposiciones y caprichos. \u201cLa miner\u00eda responsable ha demostrado ser una de las principales columnas de la econom\u00eda dominicana\u201d, concluy\u00f3 <\/p>\n\n\n\n<div class=\"wp-block-jetpack-slideshow aligncenter\" data-effect=\"slide\"><div class=\"wp-block-jetpack-slideshow_container swiper-container\"><ul class=\"wp-block-jetpack-slideshow_swiper-wrapper swiper-wrapper\"><li class=\"wp-block-jetpack-slideshow_slide swiper-slide\"><figure><img loading=\"lazy\" decoding=\"async\" width=\"1172\" height=\"621\" alt=\"\" class=\"wp-block-jetpack-slideshow_image wp-image-288386\" data-id=\"288386\" src=\"https:\/\/diariodominicano.com\/wp-content\/uploads\/2021\/07\/image-47.png\" srcset=\"https:\/\/diariodominicano.com\/wp-content\/uploads\/2021\/07\/image-47.png 1172w, https:\/\/diariodominicano.com\/wp-content\/uploads\/2021\/07\/image-47-300x159.png 300w, https:\/\/diariodominicano.com\/wp-content\/uploads\/2021\/07\/image-47-1024x543.png 1024w, https:\/\/diariodominicano.com\/wp-content\/uploads\/2021\/07\/image-47-768x407.png 768w, https:\/\/diariodominicano.com\/wp-content\/uploads\/2021\/07\/image-47-816x432.png 816w\" sizes=\"auto, (max-width: 1172px) 100vw, 1172px\" \/><figcaption class=\"wp-block-jetpack-slideshow_caption gallery-caption\">Fernando Gonz\u00e1lez Nicol\u00e1s, presidente de la Mesa Redonda de la Mancomunidad en la Rep\u00fablica Dominicana <\/figcaption><\/figure><\/li><li class=\"wp-block-jetpack-slideshow_slide swiper-slide\"><figure><img loading=\"lazy\" decoding=\"async\" width=\"1181\" height=\"622\" alt=\"\" class=\"wp-block-jetpack-slideshow_image wp-image-288388\" data-id=\"288388\" src=\"https:\/\/diariodominicano.com\/wp-content\/uploads\/2021\/07\/image-49.png\" srcset=\"https:\/\/diariodominicano.com\/wp-content\/uploads\/2021\/07\/image-49.png 1181w, https:\/\/diariodominicano.com\/wp-content\/uploads\/2021\/07\/image-49-300x158.png 300w, https:\/\/diariodominicano.com\/wp-content\/uploads\/2021\/07\/image-49-1024x539.png 1024w, https:\/\/diariodominicano.com\/wp-content\/uploads\/2021\/07\/image-49-768x404.png 768w, https:\/\/diariodominicano.com\/wp-content\/uploads\/2021\/07\/image-49-816x430.png 816w\" sizes=\"auto, (max-width: 1181px) 100vw, 1181px\" \/><figcaption class=\"wp-block-jetpack-slideshow_caption gallery-caption\">Fernando Gonz\u00e1lez Nicol\u00e1s, presidente de la Mesa Redonda de la Mancomunidad en la Rep\u00fablica Dominicana <\/figcaption><\/figure><\/li><li class=\"wp-block-jetpack-slideshow_slide swiper-slide\"><figure><img loading=\"lazy\" decoding=\"async\" width=\"1162\" height=\"723\" alt=\"\" class=\"wp-block-jetpack-slideshow_image wp-image-288387\" data-id=\"288387\" src=\"https:\/\/diariodominicano.com\/wp-content\/uploads\/2021\/07\/image-48.png\" srcset=\"https:\/\/diariodominicano.com\/wp-content\/uploads\/2021\/07\/image-48.png 1162w, https:\/\/diariodominicano.com\/wp-content\/uploads\/2021\/07\/image-48-300x187.png 300w, https:\/\/diariodominicano.com\/wp-content\/uploads\/2021\/07\/image-48-1024x637.png 1024w, https:\/\/diariodominicano.com\/wp-content\/uploads\/2021\/07\/image-48-768x478.png 768w, https:\/\/diariodominicano.com\/wp-content\/uploads\/2021\/07\/image-48-816x508.png 816w\" sizes=\"auto, (max-width: 1162px) 100vw, 1162px\" \/><figcaption class=\"wp-block-jetpack-slideshow_caption gallery-caption\">Fernando Gonz\u00e1lez Nicol\u00e1s, presidente de la Mesa Redonda de la Mancomunidad en la Rep\u00fablica Dominicana <\/figcaption><\/figure><\/li><\/ul><a class=\"wp-block-jetpack-slideshow_button-prev swiper-button-prev swiper-button-white\" role=\"button\"><\/a><a class=\"wp-block-jetpack-slideshow_button-next swiper-button-next swiper-button-white\" role=\"button\"><\/a><a aria-label=\"Pause Slideshow\" class=\"wp-block-jetpack-slideshow_button-pause\" role=\"button\"><\/a><div class=\"wp-block-jetpack-slideshow_pagination swiper-pagination swiper-pagination-white\"><\/div><\/div><\/div>\n\n\n\n<figure class=\"wp-block-image size-large is-style-default\"><img loading=\"lazy\" decoding=\"async\" width=\"1024\" height=\"637\" src=\"https:\/\/diariodominicano.com\/wp-content\/uploads\/2021\/07\/image-48-1024x637.png\" alt=\"\" class=\"wp-image-288387\" srcset=\"https:\/\/diariodominicano.com\/wp-content\/uploads\/2021\/07\/image-48-1024x637.png 1024w, https:\/\/diariodominicano.com\/wp-content\/uploads\/2021\/07\/image-48-300x187.png 300w, https:\/\/diariodominicano.com\/wp-content\/uploads\/2021\/07\/image-48-768x478.png 768w, https:\/\/diariodominicano.com\/wp-content\/uploads\/2021\/07\/image-48-816x508.png 816w, https:\/\/diariodominicano.com\/wp-content\/uploads\/2021\/07\/image-48.png 1162w\" sizes=\"auto, (max-width: 1024px) 100vw, 1024px\" \/><\/figure>\n\n\n\n<figure class=\"wp-block-image size-large is-style-default\"><img loading=\"lazy\" decoding=\"async\" width=\"1024\" height=\"539\" src=\"https:\/\/diariodominicano.com\/wp-content\/uploads\/2021\/07\/image-49-1024x539.png\" alt=\"\" class=\"wp-image-288388\" srcset=\"https:\/\/diariodominicano.com\/wp-content\/uploads\/2021\/07\/image-49-1024x539.png 1024w, https:\/\/diariodominicano.com\/wp-content\/uploads\/2021\/07\/image-49-300x158.png 300w, https:\/\/diariodominicano.com\/wp-content\/uploads\/2021\/07\/image-49-768x404.png 768w, https:\/\/diariodominicano.com\/wp-content\/uploads\/2021\/07\/image-49-816x430.png 816w, https:\/\/diariodominicano.com\/wp-content\/uploads\/2021\/07\/image-49.png 1181w\" sizes=\"auto, (max-width: 1024px) 100vw, 1024px\" \/><\/figure>\n","protected":false},"excerpt":{"rendered":"<p>Fernando Gonz\u00e1lez Nicol\u00e1s afirm\u00f3 que la decisi\u00f3n para explotarlos yacimientos mineros debe basarse en resultados de estudiost\u00e9cnicos y ambientales Santo Domingo, RD.- La Mesa Redonda de los Pa\u00edses de la Mancomunidad en la Rep\u00fablica Dominicana expres\u00f3 su apoyo al Ministro de Energ\u00eda y Minas para realizar los estudios t\u00e9cnicos y medio ambientales para que sirvan [&hellip;]<\/p>\n","protected":false},"author":7,"featured_media":288386,"comment_status":"closed","ping_status":"","sticky":true,"template":"","format":"standard","meta":{"footnotes":""},"categories":[20,27],"tags":[],"class_list":["post-288367","post","type-post","status-publish","format-standard","has-post-thumbnail","hentry","category-dominicana-hoy","category-portada"],"_links":{"self":[{"href":"https:\/\/diariodominicano.com\/index.php?rest_route=\/wp\/v2\/posts\/288367","targetHints":{"allow":["GET"]}}],"collection":[{"href":"https:\/\/diariodominicano.com\/index.php?rest_route=\/wp\/v2\/posts"}],"about":[{"href":"https:\/\/diariodominicano.com\/index.php?rest_route=\/wp\/v2\/types\/post"}],"author":[{"embeddable":true,"href":"https:\/\/diariodominicano.com\/index.php?rest_route=\/wp\/v2\/users\/7"}],"replies":[{"embeddable":true,"href":"https:\/\/diariodominicano.com\/index.php?rest_route=%2Fwp%2Fv2%2Fcomments&post=288367"}],"version-history":[{"count":2,"href":"https:\/\/diariodominicano.com\/index.php?rest_route=\/wp\/v2\/posts\/288367\/revisions"}],"predecessor-version":[{"id":288391,"href":"https:\/\/diariodominicano.com\/index.php?rest_route=\/wp\/v2\/posts\/288367\/revisions\/288391"}],"wp:featuredmedia":[{"embeddable":true,"href":"https:\/\/diariodominicano.com\/index.php?rest_route=\/wp\/v2\/media\/288386"}],"wp:attachment":[{"href":"https:\/\/diariodominicano.com\/index.php?rest_route=%2Fwp%2Fv2%2Fmedia&parent=288367"}],"wp:term":[{"taxonomy":"category","embeddable":true,"href":"https:\/\/diariodominicano.com\/index.php?rest_route=%2Fwp%2Fv2%2Fcategories&post=288367"},{"taxonomy":"post_tag","embeddable":true,"href":"https:\/\/diariodominicano.com\/index.php?rest_route=%2Fwp%2Fv2%2Ftags&post=288367"}],"curies":[{"name":"wp","href":"https:\/\/api.w.org\/{rel}","templated":true}]}}